{"id":30845,"date":"2011-04-20T16:18:50","date_gmt":"2011-04-20T13:18:50","guid":{"rendered":"http:\/\/www.korhanyilmaz.com\/?p=30845"},"modified":"2011-04-20T16:18:50","modified_gmt":"2011-04-20T13:18:50","slug":"bismilde-ysk-protestosu-1-olu","status":"publish","type":"post","link":"http:\/\/www.korhanyilmaz.com\/?p=30845","title":{"rendered":"Bismil&#8217;de YSK protestosu: 1 \u00f6l\u00fc 2 yaral\u0131"},"content":{"rendered":"<p style=\"text-align: center;\"><a href=\"http:\/\/www.korhanyilmaz.com\/wp-content\/uploads\/2011\/04\/2011-04-21_003803.jpg\"  class=\"lightview\"><img loading=\"lazy\" decoding=\"async\" class=\"aligncenter size-full wp-image-30846\" src=\"http:\/\/www.korhanyilmaz.com\/wp-content\/uploads\/2011\/04\/2011-04-21_003803.jpg\" alt=\"\" width=\"430\" height=\"162\" \/><\/a><\/p>\n<p style=\"text-align: justify;\">Diyarbak\u0131r&#8217;\u0131n Bismil \u0130l\u00e7esi&#8217;nde, BDP&#8217;nin destekledi\u011fi adaylardan baz\u0131lar\u0131n\u0131n Y\u00fcksek Se\u00e7im Kurulu&#8217;nca veto karar\u0131n\u0131 protesto eden grubun g\u00f6sterisinde olay \u00e7\u0131kt\u0131, 1 ki\u015fi \u00f6ld\u00fc, 2 ki\u015fi yaraland\u0131. <!--more--><\/p>\n<p style=\"text-align: justify;\">Bu arada olaylarla ilgili soru\u015fturma da ba\u015flat\u0131ld\u0131.<\/p>\n<p style=\"text-align: justify;\">D\u0130YARBAKIR &#8211; Olay \u00f6\u011fleden sonra \u0130stasyon Meydan\u0131&#8217;nda BDP binas\u0131 \u00f6n\u00fcnde toplanan grup g\u00f6steri yapmak istedi. Y\u00fcr\u00fcy\u00fc\u015fe ge\u00e7en gruba polis m\u00fcdahale etti. Ortal\u0131k sava\u015f alan\u0131na d\u00f6nerken a\u00e7\u0131lan ate\u015fle hen\u00fcz kimli\u011fi belirlenemeyen 1 ki\u015fi \u00f6ld\u00fc, 2 ki\u015fi yaraland\u0131.<\/p>\n<p style=\"text-align: justify;\"><strong>DEM\u0130RTA\u015e B\u0130SM\u0130L&#8217;E GELD\u0130<\/strong><\/p>\n<p style=\"text-align: justify;\">\u015eentepe Mahallesi&#8217;nde ba\u011f\u0131ms\u0131z milletvekili adayl\u0131klar\u0131n\u0131n YSK taraf\u0131ndan iptalini protesto etmek i\u00e7in toplanan grubun \u00e7\u0131kard\u0131\u011f\u0131 ve bir ki\u015finin \u00f6l\u00fcm\u00fcne ve 2 ki\u015finin yaralanmas\u0131na yol a\u00e7an olay\u0131n ard\u0131ndan eski BDP Genel Ba\u015fkan\u0131 Selahattin Demirta\u015f, beraberinde ba\u011f\u0131ms\u0131z milletvekili Emine Ayna ve Diyarbak\u0131r B\u00fcy\u00fck\u015fehir Belediye Ba\u015fkan\u0131 Osman Baydemir ile Bismil&#8217;e geldi.<\/p>\n<p style=\"text-align: justify;\">Demirta\u015f, Ayna ve Baydemir, Alt\u0131ok Mahallesi&#8217;nde BDP il\u00e7e Ba\u015fkanl\u0131\u011f\u0131na ge\u00e7erken, parti binas\u0131 \u00e7evresinde toplanan bir grup, g\u00fcvenlik g\u00fc\u00e7lerine ta\u015f ve molotofkokteylli ile sald\u0131rd\u0131.<\/p>\n<p style=\"text-align: justify;\">Bunun \u00fczerine polis, biber gaz\u0131 ve bas\u0131n\u00e7l\u0131 suyla g\u00f6stericilere m\u00fcdahale etti. Olaylarda hen\u00fcz kimlikleri belirlenemeyen 2 ki\u015fi yaraland\u0131, \u00e7ok say\u0131da ki\u015fi g\u00f6zalt\u0131na al\u0131nd\u0131.<\/p>\n<p style=\"text-align: justify;\">Olaylar\u0131n b\u00fcy\u00fcmesi \u00fczerine Demirta\u015f Ayna, Baydemir ve Bismil Belediye Ba\u015fkan\u0131 Cemile Emino\u011flu parti binas\u0131ndan d\u0131\u015f\u0131na \u00e7\u0131kt\u0131. Baydemir g\u00f6stericileri sakinle\u015ftirmek i\u00e7in onlarla g\u00f6r\u00fc\u015fmede bulunuyor.<\/p>\n<p style=\"text-align: justify;\">Bu arada olaylar nedeniyle Diyarbak\u0131r&#8217;dan destek amac\u0131yla g\u00f6nderilen polis ve jandarma ekipleri de Bismil&#8217;e geldi.<\/p>\n<p style=\"text-align: justify;\"><strong>\u0130\u015e MAK\u0130NALARIYLA BAR\u0130KAT KURULDU<\/strong><\/p>\n<p style=\"text-align: justify;\">Diyarbak\u0131r&#8217;da polise ta\u015f ve molotofkokteyli ile sald\u0131ran grup, m\u00fcdahale edilerek da\u011f\u0131t\u0131ld\u0131.<\/p>\n<p style=\"text-align: justify;\">BDP Diyarbak\u0131r \u0130l binas\u0131 \u00f6n\u00fcnde toplanan ve aralar\u0131nda Diyarbak\u0131r B\u00fcy\u00fck\u015fehir Belediye Ba\u015fkan\u0131 Osman Baydemir, BDP&#8217;nin destekledi\u011fi ba\u011f\u0131ms\u0131z milletvekili adaylar\u0131 Emine Ayna ve Nursel Aydo\u011fan&#8217;\u0131n bulundu\u011fu grup, Ko\u015fuyolu Park\u0131&#8217;na do\u011fru y\u00fcr\u00fcy\u00fc\u015fe ge\u00e7ti.<\/p>\n<p style=\"text-align: justify;\">Milletvekili Ayna ile g\u00f6r\u00fc\u015fen emniyet m\u00fcd\u00fcrl\u00fc\u011f\u00fc yetkilileri, grubun aras\u0131nda &#8221;elinde molotofkokteyli ta\u015f\u0131yan ve y\u00fczleri maskeli&#8221; \u015fah\u0131slar\u0131n bulundu\u011funu belirterek, &#8221;Y\u00fcr\u00fcy\u00fc\u015ften sonra olay \u00e7\u0131kacak. Bak\u0131n ellerinde molotofkokteylleri var. Y\u00fcr\u00fcy\u00fc\u015fe bu \u015fekilde izin vermiyoruz. (Olay \u00e7\u0131kmayacak.) diyorsunuz, ama siz ayr\u0131ld\u0131ktan sonra olay \u00e7\u0131k\u0131yor. \u0130\u015f makinelerini getirmi\u015fsiniz, bunlar\u0131 neden getirdiniz?&#8221; dedi.<\/p>\n<p style=\"text-align: justify;\">Ayna ise i\u015f makine ve kamyonlar\u0131 il binas\u0131na girilmesini \u00f6nlemek i\u00e7in getirildi\u011fini ifade ederek, &#8221;H\u00fck\u00fcmet say\u0131n \u00d6calan ile g\u00f6r\u00fc\u015f\u00fcyorsa, pazarl\u0131k yapt\u0131\u011f\u0131n\u0131 s\u00f6yl\u00fcyorsa biz K\u00fcrtler olarak bir beklentimiz var. 7 arkada\u015f\u0131m\u0131za haks\u0131zl\u0131k yap\u0131ld\u0131. Siyasi haklar\u0131 ellerinden al\u0131nmak isteniyor. Bu y\u00fcr\u00fcy\u00fc\u015fler ve bas\u0131n a\u00e7\u0131klamalar\u0131yla bunu protesto etmek istiyoruz. Sesimizi H\u00fck\u00fcmete duyurmak istiyoruz&#8221; diye konu\u015ftu.<\/p>\n<p style=\"text-align: justify;\">Ba\u015fkan Baydemir de, kendi aralar\u0131nda konu\u015fmalar\u0131 i\u00e7in polisten izin istedi. Ancak tam bu s\u0131rada gruptaki baz\u0131 ki\u015filer polise ta\u015f, molotofkokteyli ve havai fi\u015fekle sald\u0131rd\u0131. Bunun \u00fczerine polis, bas\u0131n\u00e7l\u0131 su ve biber gaz\u0131yla gruba m\u00fcdahale etti.<\/p>\n<p style=\"text-align: justify;\">\u00c7\u0131kan arbedede Baydemir, Ayna ve Aydo\u011fan BDP \u0130l Ba\u015fkanl\u0131\u011f\u0131 binas\u0131na s\u0131\u011f\u0131nd\u0131. \u0130l binas\u0131nda \u00e7\u0131kan duman \u00fczerine, itfaiye ekipleri m\u00fcdahale etti. \u0130l binas\u0131nda biber gaz\u0131ndan etkilenen baz\u0131 ki\u015filer, ambulanslarla hastaneye kald\u0131r\u0131ld\u0131. Baydemir&#8217;in de gazdan etkilendi\u011fi g\u00f6r\u00fcld\u00fc.<\/p>\n<p style=\"text-align: justify;\">Olayda, belediyelere ait yakla\u015f\u0131k 10 i\u015f makinesi ve 10 kamyonun camlar\u0131 da k\u0131r\u0131ld\u0131. \u00c7ok say\u0131da ki\u015fi g\u00f6zalt\u0131na al\u0131nd\u0131.<\/p>\n<p style=\"text-align: justify;\"><strong>PANZERE KAR\u015eI \u0130\u015e MAK\u0130NES\u0130<\/strong><\/p>\n<p style=\"text-align: justify;\">Diyarbak\u0131r\u2019da YSK\u2019n\u0131n veto karar\u0131n\u0131 protesto etmek isteyen g\u00f6stericiler polisle \u00e7at\u0131\u015ft\u0131. Ancak bu kez g\u00f6stericiler farkl\u0131 bir ara\u00e7la sald\u0131rd\u0131. BDP binas\u0131 \u00f6n\u00fcne getirilen belediyelere ait i\u015f makineleri polisin \u00fczerine s\u00fcr\u00fcl\u00fcnce, \u00e7evik kuvvet ekipleri, ara\u00e7lar\u0131n camlar\u0131n\u0131 ta\u015f ve coplarla k\u0131rd\u0131.<\/p>\n<p style=\"text-align: justify;\"><strong>HAKKAR\u0130&#8217;DE, YSK&#8217;NIN \u0130PTAL KARARINI PROTESTO<\/strong><\/p>\n<p style=\"text-align: justify;\">Hakkari&#8217;de, Y\u00fcksek Se\u00e7im Kurulunun baz\u0131 ba\u011f\u0131ms\u0131z milletvekili adaylar\u0131n\u0131n adayl\u0131klar\u0131n\u0131 iptal karar\u0131n\u0131 protesto eden bir grup, polise ta\u015f, molotofkokteyli ve havai fi\u015feklerle sald\u0131rd\u0131.<\/p>\n<p style=\"text-align: justify;\">YSK&#8217;n\u0131n iptal karar\u0131n\u0131 protesto etmek iddias\u0131yla toplanan y\u00fczleri maskeli bir grup, Cumhuriyet Caddesi&#8217;ndeki banka \u015fubesine molotofkokteyli att\u0131.<\/p>\n<p style=\"text-align: justify;\">Daha sonra AK Parti il binas\u0131na do\u011fru y\u00fcr\u00fcy\u00fc\u015fe ge\u00e7en ve caddede g\u00fcvenlik \u00f6nlemi alan polise ta\u015f, molotofkokteyli ve havai fi\u015feklerle sald\u0131ran gruba, biber gaz\u0131 ve bas\u0131n\u00e7l\u0131 suyla m\u00fcdahale edildi.<\/p>\n<p style=\"text-align: justify;\">Ara sokaklara da\u011f\u0131lan baz\u0131 g\u00f6stericilerin BDP taraf\u0131ndan kurulan demokratik \u00e7\u00f6z\u00fcm \u00e7ad\u0131r\u0131na saklanmas\u0131 \u00fczerine \u00e7ad\u0131ra m\u00fcdahalede bulunan polis, \u00e7ok say\u0131da g\u00f6stericiyi g\u00f6zalt\u0131na ald\u0131. Kentin \u00e7e\u015fitli noktalar\u0131nda devam eden olaylar nedeniyle esnaf kepenk kapatt\u0131.<\/p>\n<p style=\"text-align: justify;\"><strong>\u00c7UKURCA<\/strong><\/p>\n<p style=\"text-align: justify;\">\u00d6te yandan, \u00c7ukurca il\u00e7esinde d\u00fcn ba\u015flayan ve bug\u00fcn de devam eden olaylar s\u0131ras\u0131nda \u0130l\u00e7e Emniyet Amirli\u011fine ait \u00e7ay bah\u00e7esi maskeli gruplar taraf\u0131ndan kundakland\u0131.<\/p>\n<p style=\"text-align: justify;\"><strong>MERS\u0130N&#8217;DE PKK SLOGANLARI<\/strong><\/p>\n<p style=\"text-align: justify;\">Mersin&#8217;de, Y\u00fcksek Se\u00e7im Kurulu&#8217;nun (YSK), 12 ba\u011f\u0131ms\u0131z milletvekili aday\u0131n\u0131 veto etmesini protesto eden bir grubun T\u00fcrk bayra\u011f\u0131n\u0131n as\u0131l\u0131 oldu\u011fu bir i\u015fyerine sald\u0131rmas\u0131, gerginlik yaratt\u0131.<\/p>\n<p style=\"text-align: justify;\">\u00c7ankaya Mahallesi&#8217;ndeki BDP il binas\u0131 \u00f6n\u00fcnde toplanan yakla\u015f\u0131k 3 bin ki\u015fi, &#8216;Biji serok Apo&#8217;, &#8216;Havada karada Apocular her yerde&#8217;, &#8216;Mersin Apo&#8217;nun kalesidir&#8217;, &#8216; \u00c7ukurova ovas\u0131, Apocular yuvas\u0131&#8217;, &#8216; PKK halkt\u0131r, halk burada&#8217;, &#8216;Bask\u0131lar bizi y\u0131ld\u0131ramaz&#8217; sloganlar\u0131 att\u0131. Zaman, zaman oturma eylemi de yapan g\u00f6stericiler, BDP \u0130l Ba\u015fkan\u0131 Cihan Y\u0131lmaz, ba\u011f\u0131ms\u0131z milletvekili aday\u0131 Ertu\u011frul K\u00fcrk\u00e7\u00fc ve Akdeniz Belediye Ba\u015fkan\u0131 BDP&#8217;li M. Faz\u0131l T\u00fcrk, Mersin Barosu Ba\u015fkan\u0131 H\u00fclki \u00d6zel ile birlikte kol kola girerek y\u00fcr\u00fcy\u00fc\u015fe ge\u00e7ti. Binlerce ki\u015finin y\u00fcr\u00fcmesi \u00fczerine kentin ana caddeleri ara\u00e7 trafi\u011fine kapat\u0131ld\u0131. Sloganlar atarak Atat\u00fcrk Caddesi&#8217;ne gelen kalabal\u0131k ad\u0131na bir konu\u015fma yapan \u0130l Ba\u015fkan\u0131 Cihan Y\u0131lmaz, K\u00fcrt halk\u0131 \u00fczerinde oynanan antidemokratik ve fa\u015fist uygulamalar\u0131n YSK&#8217;n\u0131n siyasi karar\u0131yla bir kez daha a\u00e7\u0131\u011fa \u00e7\u0131kt\u0131\u011f\u0131n\u0131 ileri s\u00fcrerek, &#8220;K\u00fcrt halk\u0131 bunu kabul etmeyece\u011fini, demokratik, me\u015fru y\u00f6ntemleri kullanarak her t\u00fcrl\u00fc eylemselli\u011fi geli\u015ftirece\u011fini burada g\u00f6stermi\u015ftir. Bundan dolay\u0131 halk\u0131m\u0131za te\u015fekk\u00fcr ediyorum. Unutulmamal\u0131d\u0131r ki, zul\u00fcm\u00fcn istikrar\u0131 yoktur. Bu zul\u00fcm bertaraf edilinceye kadar, bu antidemokratik se\u00e7im uygulamalar\u0131 bertaraf edilinceye kadar direni\u015flerimiz her g\u00fcn devam edecektir&#8221; dedi.<\/p>\n<p style=\"text-align: justify;\"><strong>BAYRA\u011eA SALDIRI G\u0130R\u0130\u015e\u0130M\u0130<\/strong><\/p>\n<p style=\"text-align: justify;\">Konu\u015fman\u0131n ard\u0131ndan kalabal\u0131k, Sakarya Caddesi&#8217;ni takip ederek Burhan Felek Caddesi&#8217;ne \u00e7\u0131kt\u0131. Protestocular caddede ilerlerken bir grup T\u00fcrk bayra\u011f\u0131n\u0131n as\u0131l\u0131 oldu\u011fu bir markete sald\u0131rd\u0131. Markette bulunan T\u00fcrk bayra\u011f\u0131n\u0131 almaya \u00e7al\u0131\u015fan grup, camlar\u0131n\u0131 k\u0131rd\u0131. Ad\u0131n\u0131 a\u00e7\u0131klamayan i\u015fyeri sahibi, protestocular\u0131n indirdi\u011fi bayra\u011f\u0131 geri alarak i\u015fyerine ast\u0131. Baz\u0131 partililer ise i\u015fyerine sald\u0131ranlar\u0131 engellemeye \u00e7al\u0131\u015fmas\u0131 dikkat \u00e7ekti.<\/p>\n<p style=\"text-align: justify;\">Olaylar b\u00fcy\u00fcmeden \u00f6nlenirken protestocular, Metropol Miting Alan\u0131 yak\u0131nda grevde olan sa\u011fl\u0131k \u00e7al\u0131\u015fanlar\u0131n\u0131n d\u00fczenledi\u011fi Sa\u011fl\u0131k \u015e\u00f6leni&#8217;nin yap\u0131ld\u0131\u011f\u0131 alana geldi. Burada se\u00e7im minib\u00fcs\u00fcn\u00fcn \u00fczerine \u00e7\u0131kan Ertu\u011frul K\u00fcrk\u00e7\u00fc, sa\u011fl\u0131k\u00e7\u0131lar\u0131 selamlad\u0131. Daha sonra protestocular buradan da y\u00fcr\u00fcy\u00fc\u015fe devam ederek Gazi Mustafa Kemal Bulvar\u0131&#8217;na ge\u00e7ti.<\/p>\n<p style=\"text-align: justify;\"><strong>POL\u0130S ATILAN TA\u015eTAN YARALANDI<\/strong><\/p>\n<p style=\"text-align: justify;\">Protestocular bulvar \u00fczerinde g\u00f6rev alan \u00c7evik Kuvvet ekibine de ta\u015fla sald\u0131rd\u0131. At\u0131lan ta\u015flardan biri ba\u015f\u0131na isabet eden bir polis memuru k\u0131sa s\u00fcreli bayg\u0131nl\u0131k ge\u00e7irdi. Polis, arkada\u015flar\u0131 taraf\u0131ndan yap\u0131lan m\u00fcdahale sonucunda kendine geldi. Protestocular daha sonra Demirta\u015f Mahallesi&#8217;nde bulunan BDP Toroslar \u0130l\u00e7e binas\u0131na kadar y\u00fcr\u00fcd\u00fckten sonra da\u011f\u0131ld\u0131.<\/p>\n<p style=\"text-align: justify;\"><strong>OLAYLAR \u00c7IKTI, S\u0130LOP\u0130&#8217;DE 1 \u00c7OCUK YARALANDI<\/strong><\/p>\n<p style=\"text-align: justify;\">\u015e\u0131rnak&#8217;\u0131n Silopi \u0130l\u00e7esi&#8217;nde izinsiz g\u00f6steri yapan g\u00f6stericiler polisle \u00e7at\u0131\u015ft\u0131. Cudi Mahallesi&#8217;nde g\u00f6steri yapan grup, \u00f6nlem alan polise ta\u015f ve molotof kokteyli ile sald\u0131rd\u0131. Polis grubu da\u011f\u0131tmak i\u00e7in tazyikli su ve gaz bombas\u0131 ile m\u00fcdahale etti. Ya\u015fanan olaylar s\u0131ras\u0131nda bakkala gitmek \u00fczere evinden \u00e7\u0131kan 9 ya\u015f\u0131ndaki Zeliha Kesik adl\u0131 k\u0131z \u00e7ocu\u011fu, karn\u0131na isabet gaz bombas\u0131 nedeniyle yaraland\u0131. Silopi Devlet Hastanesi&#8217;ne g\u00f6t\u00fcr\u00fcl\u00fcrek, Kesik&#8217;in i\u00e7 kanama ge\u00e7irdi\u011fi belirtildi. Kesik&#8217;in tedavisine hastanede devam edilirken, Cudi Mahallesi&#8217;ndeki olaylar s\u00fcr\u00fcyor.<\/p>\n<p style=\"text-align: justify;\"><strong>NUSAYB\u0130N&#8217;DE YOLLARI KAPATTILAR<\/strong><\/p>\n<p style=\"text-align: justify;\">Mardin&#8217;in Nusaybin \u0130l\u00e7esi&#8217;nde H\u00fcseyin \u00d6nder Caddesi, \u015eirin Bulvar\u0131 ve Demiryolu \u00fczerinde toplanan g\u00f6stericiler, ate\u015fler yakarak yollar\u0131 barikatlarla kapatt\u0131. G\u00f6stericiler polisa ta\u015f ve havai fi\u015fekler atarken, polis g\u00f6stericileri gaz bombas\u0131 ile m\u00fcdahalede bulundu.<\/p>\n<p style=\"text-align: justify;\"><strong>AKP \u0130L\u00c7E BA\u015eKANLI\u011eI ATE\u015eE VER\u0130LD\u0130<\/strong><\/p>\n<p style=\"text-align: justify;\">Diyarbak\u0131r&#8217;\u0131n Bismil il\u00e7esinde, AK Parti \u0130l\u00e7e Ba\u015fkanl\u0131\u011f\u0131 ate\u015fe verildi.<\/p>\n<p style=\"text-align: justify;\">Al\u0131nan bilgilere g\u00f6re, \u015eentepe Mahallesi&#8217;nde ba\u011f\u0131ms\u0131z milletvekili adayl\u0131klar\u0131n\u0131n YSK taraf\u0131ndan iptalini protesto etmek i\u00e7in toplanan grubun \u00e7\u0131kard\u0131\u011f\u0131 ve bir ki\u015finin \u00f6l\u00fcm\u00fcne ve 2 ki\u015finin yaralanmas\u0131na yol a\u00e7an olay\u0131n ard\u0131ndan, Bostanc\u0131 Mahallesi \u0130stasyon Caddesi&#8217;ndeki AK Parti \u0130l\u00e7e Ba\u015fkanl\u0131\u011f\u0131na gelen bir grup g\u00f6sterici, kapal\u0131 olan parti binas\u0131n\u0131n kap\u0131s\u0131n\u0131 k\u0131rarak i\u00e7eri girip ate\u015fe verdi. Olayda \u00f6len ve yaralanan olmazken, AK Parti \u0130l\u00e7e binas\u0131 kullan\u0131lamaz hale geldi.<\/p>\n<p style=\"text-align: justify;\">AK Parti Bismil \u0130l\u00e7e Ba\u015fkan\u0131 H\u00fcseyin Ya\u011fmur, AA muhabirine yapt\u0131\u011f\u0131 a\u00e7\u0131klamada, g\u00fcn i\u00e7erisinde il\u00e7ede ya\u015fanan olaylar nedeniyle esnaf\u0131n kepenk kapatt\u0131\u011f\u0131n\u0131 hat\u0131rlatarak, &#8221;Sabah partiye geldi\u011fimde esnaf\u0131n hepsi kapal\u0131yd\u0131. Polisle yapt\u0131\u011f\u0131m g\u00f6r\u00fc\u015fmenin ard\u0131ndan gerginlik ya\u015fanmamas\u0131 i\u00e7in il\u00e7e binas\u0131n\u0131 bug\u00fcn a\u00e7mad\u0131k. Biraz \u00f6nce kap\u0131 ve cam\u0131 k\u0131rarak i\u00e7eri giren g\u00f6stericiler binay\u0131 ate\u015fe vermi\u015f. Parti binas\u0131 kullan\u0131lamaz hale gelmi\u015f&#8221; dedi.<\/p>\n<p style=\"text-align: justify;\"><strong>&#8221;B\u0130SM\u0130L CUMHUR\u0130YET SAVCILI\u011eINCA ADL\u0130 TAHK\u0130KATA HEMEN BA\u015eLANDI&#8221;<\/strong><\/p>\n<p style=\"text-align: justify;\">Diyarbak\u0131r Valili\u011fi, Bismil&#8217;de meydana gelen olaylarda, g\u00f6stericilerden d\u00f6rd\u00fcn\u00fcn yaraland\u0131\u011f\u0131n\u0131, bunlardan birinin hastaneye sevki s\u0131ras\u0131nda ya\u015fam\u0131n\u0131 yitirdi\u011fini, iki ki\u015finin tedavisinin Dicle \u00dcniversitesi T\u0131p Fak\u00fcltesi Hastanesinde s\u00fcrd\u00fc\u011f\u00fcn\u00fc, bir ki\u015finin ise taburcu edildi\u011fini bildirdi.<\/p>\n<p style=\"text-align: justify;\">Valili\u011fin a\u00e7\u0131klamas\u0131nda, Bismil Cumhuriyet Savc\u0131l\u0131\u011f\u0131n\u0131n hemen adli tahkikata ba\u015flad\u0131\u011f\u0131 belirtildi.<\/p>\n<p style=\"text-align: justify;\">Diyarbak\u0131r Valili\u011finin a\u00e7\u0131klamas\u0131 \u015f\u00f6yle:<\/p>\n<p style=\"text-align: justify;\">&#8221;20 Nisan 2011 g\u00fcn\u00fc saat 14.00 s\u0131ralar\u0131nda Bismil BDP il\u00e7e binas\u0131 \u00f6n\u00fcnde toplanan yakla\u015f\u0131k 750-800 ki\u015filik yasad\u0131\u015f\u0131 g\u00f6steri yapan ve ellerinde molotof, ta\u015f, havai fi\u015fek ve patlay\u0131c\u0131 maddeler bulunan bir grubun Ziraat Caddesi&#8217;ne do\u011fru y\u00fcr\u00fcy\u00fc\u015fe ge\u00e7ti\u011fi, Kad\u0131n S\u0131\u011f\u0131nma Evi \u00f6n\u00fcnde bas\u0131n a\u00e7\u0131klamas\u0131 yapt\u0131klar\u0131, daha sonra grubun yeniden y\u00fcr\u00fcy\u00fc\u015fe ge\u00e7erek Toprak Mahsulleri Ofisi \u00f6n\u00fcne geldi\u011fi, buraya y\u00f6nelik ta\u015fl\u0131 sald\u0131r\u0131da bulundu\u011fu, akabinde belirtilen noktaya 200 metre mesafede yer alan Kurtulu\u015f \u0130lk\u00f6\u011fretim Okulu \u00f6n\u00fcnde emniyet tedbiri alan g\u00fcvenlik g\u00fc\u00e7lerine y\u00f6nelik yo\u011fun bir \u015fekilde molotoflu havai fi\u015fekli ve ta\u015fl\u0131 sald\u0131r\u0131da bulunulmas\u0131 ve ikazlara ra\u011fmen yasad\u0131\u015f\u0131 eylemlerine devam etmeleri \u00fczerine, grubun da\u011f\u0131t\u0131lmas\u0131 i\u00e7in g\u00fcvenlik g\u00fc\u00e7lerince ve TOMA arac\u0131yla m\u00fcdahale edilmi\u015ftir.<\/p>\n<p style=\"text-align: justify;\">S\u00f6z konusu olaylarda ya\u015fanan arbede s\u0131ras\u0131nda g\u00f6stericilerden d\u00f6rt ki\u015fi yaralanm\u0131\u015f, yaral\u0131lardan bir ki\u015fi hastaneye sevki s\u0131ras\u0131nda ya\u015fam\u0131n\u0131 yitirmi\u015f, iki ki\u015finin tedavisine Dicle \u00dcniversitesi T\u0131p Fak\u00fcltesi Hastanesinde devam edilmekte, bir ki\u015fi ise taburcu olmu\u015ftur.&#8221;<\/p>\n<p style=\"text-align: justify;\">A\u00e7\u0131klamada, olaylarla ilgili Bismil Cumhuriyet Savc\u0131l\u0131\u011f\u0131nca adli tahkikata hemen ba\u015fland\u0131\u011f\u0131n\u0131, soru\u015fturma ve inceleme sonras\u0131nda olaylar\u0131n nas\u0131l ger\u00e7ekle\u015fti\u011finin a\u00e7\u0131k ve net bir \u015fekilde ortaya \u00e7\u0131kar\u0131laca\u011f\u0131 kaydedildi.<\/p>\n<p style=\"text-align: justify;\"><a href=\"http:\/\/www.gazeteport.com.tr\/GUNCEL\/NEWS\/GP_890718\" target=\"_blank\">Kaynak : GAZETEPORT<\/a><\/p>\n","protected":false},"excerpt":{"rendered":"<p style=\"text-align: center;\">\n<p style=\"text-align: justify;\">Diyarbak\u0131r&#8217;\u0131n Bismil \u0130l\u00e7esi&#8217;nde, BDP&#8217;nin destekledi\u011fi adaylardan baz\u0131lar\u0131n\u0131n Y\u00fcksek Se\u00e7im Kurulu&#8217;nca veto karar\u0131n\u0131 protesto eden grubun g\u00f6sterisinde olay \u00e7\u0131kt\u0131, 1 ki\u015fi \u00f6ld\u00fc, 2 ki\u015fi yaraland\u0131. <\/p>\n","protected":false},"author":1,"featured_media":0,"comment_status":"open","ping_status":"closed","sticky":false,"template":"","format":"standard","meta":{"footnotes":""},"categories":[105],"tags":[],"class_list":["post-30845","post","type-post","status-publish","format-standard","hentry","category-gundem","odd"],"_links":{"self":[{"href":"http:\/\/www.korhanyilmaz.com\/index.php?rest_route=\/wp\/v2\/posts\/30845","targetHints":{"allow":["GET"]}}],"collection":[{"href":"http:\/\/www.korhanyilmaz.com\/index.php?rest_route=\/wp\/v2\/posts"}],"about":[{"href":"http:\/\/www.korhanyilmaz.com\/index.php?rest_route=\/wp\/v2\/types\/post"}],"author":[{"embeddable":true,"href":"http:\/\/www.korhanyilmaz.com\/index.php?rest_route=\/wp\/v2\/users\/1"}],"replies":[{"embeddable":true,"href":"http:\/\/www.korhanyilmaz.com\/index.php?rest_route=%2Fwp%2Fv2%2Fcomments&post=30845"}],"version-history":[{"count":0,"href":"http:\/\/www.korhanyilmaz.com\/index.php?rest_route=\/wp\/v2\/posts\/30845\/revisions"}],"wp:attachment":[{"href":"http:\/\/www.korhanyilmaz.com\/index.php?rest_route=%2Fwp%2Fv2%2Fmedia&parent=30845"}],"wp:term":[{"taxonomy":"category","embeddable":true,"href":"http:\/\/www.korhanyilmaz.com\/index.php?rest_route=%2Fwp%2Fv2%2Fcategories&post=30845"},{"taxonomy":"post_tag","embeddable":true,"href":"http:\/\/www.korhanyilmaz.com\/index.php?rest_route=%2Fwp%2Fv2%2Ftags&post=30845"}],"curies":[{"name":"wp","href":"https:\/\/api.w.org\/{rel}","templated":true}]}}