{"id":30841,"date":"2011-04-20T16:18:35","date_gmt":"2011-04-20T13:18:35","guid":{"rendered":"http:\/\/www.korhanyilmaz.com\/?p=30841"},"modified":"2011-04-20T16:18:35","modified_gmt":"2011-04-20T13:18:35","slug":"taksimde-silah-patladi","status":"publish","type":"post","link":"http:\/\/www.korhanyilmaz.com\/?p=30841","title":{"rendered":"Taksim&#8217;de silah patlad\u0131!"},"content":{"rendered":"<p style=\"text-align: justify;\"><a href=\"http:\/\/www.korhanyilmaz.com\/wp-content\/uploads\/2011\/04\/177.jpg\"  class=\"lightview\"><img loading=\"lazy\" decoding=\"async\" class=\"aligncenter size-full wp-image-30842\" src=\"http:\/\/www.korhanyilmaz.com\/wp-content\/uploads\/2011\/04\/177.jpg\" alt=\"\" width=\"320\" height=\"214\" \/><\/a><\/p>\n<p style=\"text-align: justify;\">Taksim Meydan\u0131&#8217;nda \u00f6\u011fle saatlerinde ad\u0131n\u0131n Sedat G\u00fclo\u011flu oldu\u011fu \u00f6\u011frenilen 32 ya\u015f\u0131ndaki bir ki\u015fi elindeki silahla havaya \u00fc\u00e7 el ate\u015f etti. 32 ya\u015f\u0131ndaki protestocu havaya ate\u015f ettikten sonra, T\u00fcrk bayra\u011f\u0131 a\u00e7t\u0131. G\u00fclo\u011flu g\u00f6zalt\u0131na al\u0131nd\u0131.<!--more--><\/p>\n<p style=\"text-align: justify;\">\u0130STANBUL &#8211; Taksim Cumhuriyet An\u0131t\u0131 \u00f6n\u00fcne gelen bir protestocu, elindeki silahla havaya \u00fc\u00e7 el ate\u015f etti. Havaya ate\u015f eden ve isminin Sedat G\u00fclo\u011flu oldu\u011fu \u00f6\u011frenilen protestocu, yan\u0131ndaki T\u00fcrk bayra\u011f\u0131n\u0131 a\u00e7t\u0131. Bu s\u0131rada elindeki silah\u0131 ba\u015f\u0131na dayayan eli bayrakl\u0131 gen\u00e7, &#8221; Yeter T\u00fcrk gencine sesleniyorum.Kendine gelsin. Son ya\u015fananlar gururuma dokundu.Ne sa\u011fc\u0131y\u0131m ne solcu ama halk\u0131m &#8221; diye ba\u011f\u0131rd\u0131. Bu s\u0131rada \u00c7evik Kuvvet ekipleri \u00e7evrede geni\u015f g\u00fcvenlik \u00f6nlemi ald\u0131. &#8221; Teslim oluyorum &#8221; diyerek ba\u011f\u0131ran protestocu elindeki silah\u0131 yere b\u0131rakt\u0131ktan k\u0131sa bir s\u00fcre sonra, polis ekipleri taraf\u0131ndan g\u00f6zalt\u0131na al\u0131nd\u0131 ve Taksim Meydan\u0131ndaki \u00c7evik Kuvvet otob\u00fcs\u00fcne g\u00f6t\u00fcr\u00fcld\u00fc. G\u00fclo\u011flu, bir s\u00fcre burada bekletildi. Protestocu gen\u00e7, adli i\u015flemler i\u00e7in polis merkezine g\u00f6t\u00fcr\u00fcld\u00fc.<\/p>\n<p style=\"text-align: justify;\"><a href=\"http:\/\/www.radikal.com.tr\/Radikal.aspx?aType=RadikalDetayV3&amp;ArticleID=1046838&amp;Date=21.04.2011&amp;CategoryID=77\" target=\"_blank\">Kaynak : Radikal<\/a><\/p>\n","protected":false},"excerpt":{"rendered":"<p style=\"text-align: justify;\">\n<p style=\"text-align: justify;\">Taksim Meydan\u0131&#8217;nda \u00f6\u011fle saatlerinde ad\u0131n\u0131n Sedat G\u00fclo\u011flu oldu\u011fu \u00f6\u011frenilen 32 ya\u015f\u0131ndaki bir ki\u015fi elindeki silahla havaya \u00fc\u00e7 el ate\u015f etti. 32 ya\u015f\u0131ndaki protestocu havaya ate\u015f ettikten sonra, T\u00fcrk bayra\u011f\u0131 a\u00e7t\u0131. G\u00fclo\u011flu g\u00f6zalt\u0131na al\u0131nd\u0131.<\/p>\n","protected":false},"author":1,"featured_media":0,"comment_status":"open","ping_status":"closed","sticky":false,"template":"","format":"standard","meta":{"footnotes":""},"categories":[105],"tags":[],"class_list":["post-30841","post","type-post","status-publish","format-standard","hentry","category-gundem","odd"],"_links":{"self":[{"href":"http:\/\/www.korhanyilmaz.com\/index.php?rest_route=\/wp\/v2\/posts\/30841","targetHints":{"allow":["GET"]}}],"collection":[{"href":"http:\/\/www.korhanyilmaz.com\/index.php?rest_route=\/wp\/v2\/posts"}],"about":[{"href":"http:\/\/www.korhanyilmaz.com\/index.php?rest_route=\/wp\/v2\/types\/post"}],"author":[{"embeddable":true,"href":"http:\/\/www.korhanyilmaz.com\/index.php?rest_route=\/wp\/v2\/users\/1"}],"replies":[{"embeddable":true,"href":"http:\/\/www.korhanyilmaz.com\/index.php?rest_route=%2Fwp%2Fv2%2Fcomments&post=30841"}],"version-history":[{"count":0,"href":"http:\/\/www.korhanyilmaz.com\/index.php?rest_route=\/wp\/v2\/posts\/30841\/revisions"}],"wp:attachment":[{"href":"http:\/\/www.korhanyilmaz.com\/index.php?rest_route=%2Fwp%2Fv2%2Fmedia&parent=30841"}],"wp:term":[{"taxonomy":"category","embeddable":true,"href":"http:\/\/www.korhanyilmaz.com\/index.php?rest_route=%2Fwp%2Fv2%2Fcategories&post=30841"},{"taxonomy":"post_tag","embeddable":true,"href":"http:\/\/www.korhanyilmaz.com\/index.php?rest_route=%2Fwp%2Fv2%2Ftags&post=30841"}],"curies":[{"name":"wp","href":"https:\/\/api.w.org\/{rel}","templated":true}]}}