{"id":30791,"date":"2011-04-20T13:25:31","date_gmt":"2011-04-20T10:25:31","guid":{"rendered":"http:\/\/www.korhanyilmaz.com\/?p=30791"},"modified":"2011-04-20T13:25:31","modified_gmt":"2011-04-20T10:25:31","slug":"erdogana-suc-duyurusu","status":"publish","type":"post","link":"http:\/\/www.korhanyilmaz.com\/?p=30791","title":{"rendered":"Erdo\u011fan&#8217;a su\u00e7 duyurusu"},"content":{"rendered":"<p style=\"text-align: justify;\"><a href=\"http:\/\/www.korhanyilmaz.com\/wp-content\/uploads\/2011\/04\/176.jpg\"  class=\"lightview\"><img loading=\"lazy\" decoding=\"async\" class=\"aligncenter size-full wp-image-30792\" src=\"http:\/\/www.korhanyilmaz.com\/wp-content\/uploads\/2011\/04\/176.jpg\" alt=\"\" width=\"322\" height=\"241\" \/><\/a><\/p>\n<p style=\"text-align: justify;\">CHP ve TGB \u00fcyeleri; Ba\u015fbakan Recep Tayyip Erdo\u011fan&#8217;\u0131n YGS protestolar\u0131na ili\u015fkin yapt\u0131\u011f\u0131 &#8220;Biz de onlar\u0131n kar\u015f\u0131s\u0131na 5 bin, 10 bin genci koyar\u0131z ama gerilimden yana de\u011filiz&#8221; a\u00e7\u0131klamas\u0131yla ilgili su\u00e7 duyurusunda bulundu.<!--more--><\/p>\n<p style=\"text-align: justify;\">\u0130stanbul &#8211; CHP Parti Meclisi \u00fcyesi avukat Mahmut Tanal, Ba\u015fbakan Recep Tayyip Erdo\u011fan&#8217;\u0131n YGS protestolar\u0131na ili\u015fkin yapt\u0131\u011f\u0131 &#8220;Biz de onlar\u0131n kar\u015f\u0131s\u0131na 5 bin, 10 bin genci koyar\u0131z ama gerilimden yana de\u011filiz&#8221; a\u00e7\u0131klamas\u0131n\u0131n T\u00fcrk Ceza Kanunu&#8217;nun 214. maddesi uyar\u0131nca &#8220;su\u00e7 i\u015flemeye tahrik&#8221; kapsam\u0131nda oldu\u011fu iddias\u0131yla su\u00e7 duyurusunda bulundu.<\/p>\n<p style=\"text-align: justify;\"><strong>TGB de su\u00e7 duyurusunda bulundu<\/strong><\/p>\n<p style=\"text-align: justify;\">T\u00fcrkiye Gen\u00e7lik Birli\u011fi (TGB) \u00fcyeleri de, YGS protestolar\u0131n\u0131 de\u011ferlendirirken kulland\u0131\u011f\u0131 s\u00f6zlerle, &#8221;halk aras\u0131nda korku ve panik yaratmak amac\u0131yla tehdit, halk\u0131 kin ve d\u00fc\u015fmanl\u0131\u011fa tahrik ve a\u015fa\u011f\u0131lama&#8221; su\u00e7lar\u0131n\u0131 i\u015fledi\u011fi iddias\u0131yla, Ba\u015fbakan Recep Tayyip Erdo\u011fan hakk\u0131nda su\u00e7 duyurusunda bulundu.<\/p>\n<p style=\"text-align: justify;\">TGB Ankara il y\u00f6neticisi Nadir Temelo\u011flu, beraberindeki birlik \u00fcyeleriyle adliye \u00f6n\u00fcnde yapt\u0131\u011f\u0131 bas\u0131n a\u00e7\u0131klamas\u0131nda, Ba\u015fbakan Erdo\u011fan&#8217;\u0131n, &#8221;Onlar YGS s\u0131nav\u0131n\u0131n kar\u015f\u0131s\u0131nda tav\u0131r ortaya koyduklar\u0131n\u0131 a\u00e7\u0131klarken, biz de kalkar\u0131z onlar\u0131n kar\u015f\u0131s\u0131na 5 bin, 10 bin tane genci koyar\u0131z&#8221; dedi\u011fini an\u0131msatt\u0131.<\/p>\n<p style=\"text-align: justify;\">Ba\u015fbakan Erdo\u011fan&#8217;\u0131n, &#8221;hak arayan lise \u00f6\u011frencilerinin kar\u015f\u0131s\u0131na kendi yanda\u015flar\u0131n\u0131 koyarak, toplumda meydana gelecek kutupla\u015fman\u0131n faili oldu\u011funu&#8221; ifade eden Temelo\u011flu, Erdo\u011fan&#8217;\u0131n bu s\u00f6zlerle su\u00e7 i\u015fledi\u011fini s\u00f6yledi.<\/p>\n<p style=\"text-align: justify;\">Zaman zaman sloganlar atan TGB \u00fcyeleri, a\u00e7\u0131klaman\u0131n ard\u0131ndan su\u00e7 duyurusu dilek\u00e7elerini Ankara Cumhuriyet Ba\u015fsavc\u0131l\u0131\u011f\u0131na verdiler.<\/p>\n<p style=\"text-align: justify;\"><a href=\"http:\/\/www.cumhuriyet.com.tr\/?hn=235780\" target=\"_blank\">Kaynak : Cumhuriyet Haber Portal\u0131<\/a><\/p>\n","protected":false},"excerpt":{"rendered":"<p style=\"text-align: justify;\">\n<p style=\"text-align: justify;\">CHP ve TGB \u00fcyeleri; Ba\u015fbakan Recep Tayyip Erdo\u011fan&#8217;\u0131n YGS protestolar\u0131na ili\u015fkin yapt\u0131\u011f\u0131 &#8220;Biz de onlar\u0131n kar\u015f\u0131s\u0131na 5 bin, 10 bin genci koyar\u0131z ama gerilimden yana de\u011filiz&#8221; a\u00e7\u0131klamas\u0131yla ilgili su\u00e7 duyurusunda bulundu.<\/p>\n","protected":false},"author":1,"featured_media":0,"comment_status":"open","ping_status":"closed","sticky":false,"template":"","format":"standard","meta":{"footnotes":""},"categories":[105],"tags":[],"class_list":["post-30791","post","type-post","status-publish","format-standard","hentry","category-gundem","odd"],"_links":{"self":[{"href":"http:\/\/www.korhanyilmaz.com\/index.php?rest_route=\/wp\/v2\/posts\/30791","targetHints":{"allow":["GET"]}}],"collection":[{"href":"http:\/\/www.korhanyilmaz.com\/index.php?rest_route=\/wp\/v2\/posts"}],"about":[{"href":"http:\/\/www.korhanyilmaz.com\/index.php?rest_route=\/wp\/v2\/types\/post"}],"author":[{"embeddable":true,"href":"http:\/\/www.korhanyilmaz.com\/index.php?rest_route=\/wp\/v2\/users\/1"}],"replies":[{"embeddable":true,"href":"http:\/\/www.korhanyilmaz.com\/index.php?rest_route=%2Fwp%2Fv2%2Fcomments&post=30791"}],"version-history":[{"count":0,"href":"http:\/\/www.korhanyilmaz.com\/index.php?rest_route=\/wp\/v2\/posts\/30791\/revisions"}],"wp:attachment":[{"href":"http:\/\/www.korhanyilmaz.com\/index.php?rest_route=%2Fwp%2Fv2%2Fmedia&parent=30791"}],"wp:term":[{"taxonomy":"category","embeddable":true,"href":"http:\/\/www.korhanyilmaz.com\/index.php?rest_route=%2Fwp%2Fv2%2Fcategories&post=30791"},{"taxonomy":"post_tag","embeddable":true,"href":"http:\/\/www.korhanyilmaz.com\/index.php?rest_route=%2Fwp%2Fv2%2Ftags&post=30791"}],"curies":[{"name":"wp","href":"https:\/\/api.w.org\/{rel}","templated":true}]}}