{"id":30783,"date":"2011-04-20T10:10:59","date_gmt":"2011-04-20T07:10:59","guid":{"rendered":"http:\/\/www.korhanyilmaz.com\/?p=30783"},"modified":"2011-04-20T10:10:59","modified_gmt":"2011-04-20T07:10:59","slug":"balyoz-hakimine-bir-ay-izin","status":"publish","type":"post","link":"http:\/\/www.korhanyilmaz.com\/?p=30783","title":{"rendered":"Balyoz hakimine bir ay izin"},"content":{"rendered":"<p style=\"text-align: justify;\"><a href=\"http:\/\/www.korhanyilmaz.com\/wp-content\/uploads\/2011\/04\/174.jpg\"  class=\"lightview\"><img loading=\"lazy\" decoding=\"async\" class=\"aligncenter size-full wp-image-30784\" title=\"\" src=\"http:\/\/www.korhanyilmaz.com\/wp-content\/uploads\/2011\/04\/174.jpg\" alt=\"\" width=\"272\" height=\"204\" \/><\/a><\/p>\n<p style=\"text-align: justify;\">Balyoz davas\u0131 kapsam\u0131nda tutuklu olan san\u0131klar\u0131n yapt\u0131\u011f\u0131 itirazlara ili\u015fkin kararlarda mahkeme \u00fcyeleri ile ayr\u0131 d\u00fc\u015fen Ba\u015fkan \u015eeref Ak\u00e7ay izine ayr\u0131ld\u0131.<\/p>\n<p style=\"text-align: justify;\">Mahkemenin iki \u00fcyesi ise d\u00fcn yaz\u0131lan kararda Ba\u015fkan Ak\u00e7ay\u2019\u0131 \u201cihsas-\u0131 rey&#8221; ile su\u00e7lam\u0131\u015f, Ba\u015fkan ise \u00fcyelerin kendisine art\u0131k selam vermediklerini ifade etmi\u015fti.<!--more--><\/p>\n<p style=\"text-align: justify;\">\u0130STANBUL- Ba\u015fkan Ak\u00e7ay muhalefet \u015ferhine ili\u015fkin karar\u0131nda, \u201cKamuoyuna mal olmu\u015f bu davalar nedeniyle yazm\u0131\u015f oldu\u011fum muhalefet \u015ferhlerinden dolay\u0131 bulundu\u011fumuz adliyede bir tak\u0131m meslekta\u015flar\u0131m\u0131n selam vermeyi dahi kesmi\u015f olduklar\u0131 gibi yukar\u0131da belirtilen yakalama kararlar\u0131n\u0131n kald\u0131r\u0131lmas\u0131na ili\u015fkin karardan sonra \u2018Sizin de dangalak bir karar\u0131n\u0131z gelecek\u2019 diyen hakim mevcut olup, yine mahkememizin \u00fcyelerinin de nezaket kurallar\u0131n\u0131 a\u015fan tutum ve davran\u0131\u015flar i\u00e7erisine girdikleri ve i\u015fi en son ba\u015fkan ile konu\u015fmama a\u015famas\u0131na getirdikleri g\u00f6r\u00fclm\u00fc\u015f olup, bu hususlar\u0131n da kamuoyunca bilinmesinde yarar oldu\u011fu g\u00f6r\u00fc\u015f\u00fcndeyim&#8221; diye yazm\u0131\u015ft\u0131.<\/p>\n<p style=\"text-align: justify;\">Kamuoyunda geni\u015f yank\u0131 uyand\u0131ran bu restle\u015fmenin ard\u0131ndan \u0130stanbul 11. A\u011f\u0131r Ceza Mahkemesi Ba\u015fkan\u0131 \u015eeref Ak\u00e7ay izine ayr\u0131ld\u0131. Ba\u015fkan Ak\u00e7ay\u2019\u0131n d\u00fcn itibariyle 1 ayl\u0131k izine ayr\u0131ld\u0131\u011f\u0131 belirtildi. \u0130zine ayr\u0131lan Ak\u00e7ay, bug\u00fcn mahkemesinde g\u00f6r\u00fclecek olan baz\u0131 emekli ve muvazzaf askerlerinde yarg\u0131land\u0131\u011f\u0131 \u2018Askeri Casusluk ve \u015eantaj\u2019 davas\u0131na \u00e7\u0131kmayacak.<\/p>\n<p style=\"text-align: justify;\"><strong>16 TUTUKLU SANIK<\/strong><\/p>\n<p style=\"text-align: justify;\">&#8220;Askeri casusluk ve \u015fantaj&#8221; soru\u015fturmas\u0131 kapsam\u0131nda a\u00e7\u0131lan davan\u0131n ilk duru\u015fmas\u0131 bug\u00fcn g\u00f6r\u00fclecek.<\/p>\n<p style=\"text-align: justify;\">\u0130stanbul Cumhuriyet Ba\u015fsavc\u0131 vekili Fikret Se\u00e7en taraf\u0131ndan haz\u0131rlanan ve \u0130stanbul 11. A\u011f\u0131r Ceza Mahkemesi\u2019nce kabul edilen iddianamede 16\u2019s\u0131 tutuklu 56 san\u0131k yer al\u0131yor.<\/p>\n<p style=\"text-align: justify;\">Aralar\u0131nda emekli ve muvazzaf askerler ile T\u00dcB\u0130TAK g\u00f6revlilerin oldu\u011fu tutuklu san\u0131klar\u0131n isimleri \u015f\u00f6yle; \u0130brahim Sezer, Tamer Zorluba\u015f, Zeki Mesten, Mehmet Seyfettin Alevcan, Y\u00fccel \u00c7ipli, Mehmet Emrah K\u00fc\u00e7\u00fckak\u00e7a, Mehmet Emre Sezenler, Alper Eylem Ersoy, Merdan Metin, Yi\u011fit Ali Adl\u0131\u011f, Burak \u00c7etin, Deniz Mehmet Irak, Ali Haydar Eser, Erem Saltuk Baysal, Esin Tolga U\u00e7ar ve Necmi Y\u0131ld\u0131r\u0131m.<\/p>\n<p style=\"text-align: justify;\">Davan\u0131n tutuksuz san\u0131klar\u0131 ise, mahkemenin yazd\u0131\u011f\u0131 talimat kapsam\u0131nda ya\u015fad\u0131klar\u0131 b\u00f6lgelerin adliyelerinde ifade verecek.<\/p>\n<p style=\"text-align: justify;\">\u0130ddianamede emekli Tu\u011famiral T\u00fcrker Ert\u00fcrk, T\u00fcmamiral M\u00fccahit \u015ei\u015flio\u011flu, &#8220;Balyoz&#8221; davas\u0131 kapsam\u0131nda tutuklanan Kurmay Albay Muharrem Nuri Alacal\u0131, T\u00fcmamiral Fikret G\u00fcne\u015f\u2019in e\u015fi Manolya G\u00fcne\u015f\u2019in de aralar\u0131nda oldu\u011fu 68 m\u00fc\u015fteki yer al\u0131yor.<\/p>\n<p style=\"text-align: justify;\"><strong>EMEKL\u0130 ALBAYA 172 YIL \u0130STEND\u0130<\/strong><\/p>\n<p style=\"text-align: justify;\">\u0130ddianamede bir numaral\u0131 tutuklu san\u0131k emekli Albay \u0130brahim Sezer&#8217;in, \u201cSu\u00e7 i\u015flemek amac\u0131yla \u00f6rg\u00fct kurmak, \u00f6zel hayat\u0131n gizlili\u011fini ihlal etmek, haberle\u015fmenin gizlili\u011fini ihlal etmek, ki\u015filer aras\u0131ndaki konu\u015fmalar\u0131n dinlenilmesi ve kayda al\u0131nmas\u0131, ki\u015fisel verilerin kaydedilmesi, ki\u015fisel verileri hukuka ayk\u0131r\u0131 olarak verme ve ele ge\u00e7irmek, fuhu\u015fa te\u015fvik etmek, devletin gizlili\u011fine ili\u015fkin belgeleri yok etmek, sahtecilik yapmak veya \u00e7almak, devletin g\u00fcvenli\u011fine ili\u015fkin belgeleri temin etmek, gizli belgeleri siyasal ve askeri casusluk maksad\u0131yla temin etmek, yasaklanan bilgileri temin etmek&#8221; su\u00e7lar\u0131ndan 60 y\u0131l 8 ay ile 172 y\u0131l 6 ay aras\u0131nda de\u011fi\u015fen hapis cezas\u0131na \u00e7arpt\u0131r\u0131lmas\u0131 talep edildi.<\/p>\n<p style=\"text-align: justify;\"><strong>T\u00dcB\u0130TAK DA\u0130RE BA\u015eKANI&#8217;NA 58 YIL<\/strong><\/p>\n<p style=\"text-align: justify;\">G\u00f6zalt\u0131na al\u0131nd\u0131\u011f\u0131 s\u0131rada T\u00dcB\u0130TAK Daire Ba\u015fkan\u0131 olan san\u0131klardan Y\u00fccel \u00c7ipli&#8217;nin de, \u201cSu\u00e7 i\u015flemek amac\u0131yla \u00f6rg\u00fct kurmak, ki\u015fisel verilerin kaydedilmesi, ki\u015fisel verileri hukuka ayk\u0131r\u0131 olarak verme ve ele ge\u00e7irmek, devletin gizlili\u011fine ili\u015fkin belgeleri yok etmek, sahtecilik yapmak veya \u00e7almak, devletin g\u00fcvenli\u011fine ili\u015fkin belgeleri temin etmek, yasaklanan bilgileri temin etmek, gizli belgeleri siyasal ve askeri casusluk maksad\u0131yla temin etmek&#8221; su\u00e7lar\u0131ndan 31 ile 58 y\u0131l aras\u0131nda de\u011fi\u015fen hapisle cezaland\u0131r\u0131lmas\u0131 istendi.<\/p>\n<p style=\"text-align: justify;\">\u0130ddianamede, temin etti\u011fi gizli belgeleri \u00f6rg\u00fct \u00fcyelerine verdi\u011fi iddia edilen san\u0131klardan Tu\u011famiral \u015eafak Y\u00fcrekli&#8217;nin, 2 ile 6 y\u0131l hapisle cezaland\u0131r\u0131lmas\u0131 talep edilirken, askeri okulda okuyan baz\u0131 \u00f6\u011frencilerin disiplin cezas\u0131 almamas\u0131 amac\u0131yla \u00f6rg\u00fct\u00fcn talimatlar\u0131na uygun olarak arac\u0131 oldu\u011fu ve \u00f6rg\u00fct y\u00f6neticisi emekli Albay \u0130brahim Sezer&#8217;e elinde bulunan baz\u0131 ve bilgileri dijital ortama kaydedip iletti\u011fi belirtilen san\u0131k Tu\u011famiral Fahri Can Y\u0131ld\u0131r\u0131m&#8217;\u0131n da 1 ile 3 y\u0131l aras\u0131nda de\u011fi\u015fen hapisle cezaland\u0131r\u0131lmas\u0131 \u00f6ng\u00f6r\u00fcld\u00fc.<\/p>\n<p style=\"text-align: justify;\"><a href=\"http:\/\/www.gazeteport.com.tr\/GUNCEL\/NEWS\/GP_890407\" target=\"_blank\">Kaynak : GAZETEPORT<\/a><\/p>\n","protected":false},"excerpt":{"rendered":"<p style=\"text-align: justify;\">\n<p style=\"text-align: justify;\">Balyoz davas\u0131 kapsam\u0131nda tutuklu olan san\u0131klar\u0131n yapt\u0131\u011f\u0131 itirazlara ili\u015fkin kararlarda mahkeme \u00fcyeleri ile ayr\u0131 d\u00fc\u015fen Ba\u015fkan \u015eeref Ak\u00e7ay izine ayr\u0131ld\u0131.<\/p>\n<p style=\"text-align: justify;\">Mahkemenin iki \u00fcyesi ise d\u00fcn yaz\u0131lan kararda Ba\u015fkan Ak\u00e7ay\u2019\u0131 \u201cihsas-\u0131 rey&#8221; ile su\u00e7lam\u0131\u015f, Ba\u015fkan ise \u00fcyelerin kendisine art\u0131k selam vermediklerini ifade etmi\u015fti.<\/p>\n","protected":false},"author":1,"featured_media":0,"comment_status":"open","ping_status":"closed","sticky":false,"template":"","format":"standard","meta":{"footnotes":""},"categories":[105],"tags":[],"class_list":["post-30783","post","type-post","status-publish","format-standard","hentry","category-gundem","odd"],"_links":{"self":[{"href":"http:\/\/www.korhanyilmaz.com\/index.php?rest_route=\/wp\/v2\/posts\/30783","targetHints":{"allow":["GET"]}}],"collection":[{"href":"http:\/\/www.korhanyilmaz.com\/index.php?rest_route=\/wp\/v2\/posts"}],"about":[{"href":"http:\/\/www.korhanyilmaz.com\/index.php?rest_route=\/wp\/v2\/types\/post"}],"author":[{"embeddable":true,"href":"http:\/\/www.korhanyilmaz.com\/index.php?rest_route=\/wp\/v2\/users\/1"}],"replies":[{"embeddable":true,"href":"http:\/\/www.korhanyilmaz.com\/index.php?rest_route=%2Fwp%2Fv2%2Fcomments&post=30783"}],"version-history":[{"count":0,"href":"http:\/\/www.korhanyilmaz.com\/index.php?rest_route=\/wp\/v2\/posts\/30783\/revisions"}],"wp:attachment":[{"href":"http:\/\/www.korhanyilmaz.com\/index.php?rest_route=%2Fwp%2Fv2%2Fmedia&parent=30783"}],"wp:term":[{"taxonomy":"category","embeddable":true,"href":"http:\/\/www.korhanyilmaz.com\/index.php?rest_route=%2Fwp%2Fv2%2Fcategories&post=30783"},{"taxonomy":"post_tag","embeddable":true,"href":"http:\/\/www.korhanyilmaz.com\/index.php?rest_route=%2Fwp%2Fv2%2Ftags&post=30783"}],"curies":[{"name":"wp","href":"https:\/\/api.w.org\/{rel}","templated":true}]}}