{"id":30778,"date":"2011-04-20T09:43:42","date_gmt":"2011-04-20T06:43:42","guid":{"rendered":"http:\/\/www.korhanyilmaz.com\/?p=30778"},"modified":"2011-04-20T09:43:42","modified_gmt":"2011-04-20T06:43:42","slug":"hukumetten-tskya-ince-ayar","status":"publish","type":"post","link":"http:\/\/www.korhanyilmaz.com\/?p=30778","title":{"rendered":"H\u00fck\u00fcmetten TSK&#8217;ya ince ayar"},"content":{"rendered":"<p style=\"text-align: center;\"><a href=\"http:\/\/www.korhanyilmaz.com\/wp-content\/uploads\/2011\/04\/173.jpg\"  class=\"lightview\"><img loading=\"lazy\" decoding=\"async\" class=\"aligncenter size-full wp-image-30779\" src=\"http:\/\/www.korhanyilmaz.com\/wp-content\/uploads\/2011\/04\/173.jpg\" alt=\"\" width=\"336\" height=\"223\" \/><\/a><\/p>\n<p style=\"text-align: justify;\">H\u00fck\u00fcmetin, Kanun H\u00fckm\u00fcnde Kararname \u00e7\u0131karma yetkisi kapsam\u0131nda TSK&#8217;y\u0131 Milli Savunma Bakanl\u0131\u011f\u0131&#8217;na ba\u011flamay\u0131 ve personel kanununda de\u011fi\u015fiklikler yapmay\u0131 d\u00fc\u015f\u00fcnd\u00fc\u011f\u00fc iddia edildi.<!--more--><\/p>\n<p style=\"text-align: justify;\">H\u00fck\u00fcmet, devlet bakanl\u0131klar\u0131n\u0131 kapatarak yerine icrac\u0131 bakanl\u0131klar kurmak ve baz\u0131 bakanl\u0131klar\u0131n yap\u0131s\u0131n\u0131nda de\u011fi\u015fikli\u011fe gitmek \u00fczere Meclis\u2019ten ald\u0131\u011f\u0131 6 ayl\u0131k yetki kapsam\u0131nda \u00e7\u0131karaca\u011f\u0131 Kanun H\u00fckm\u00fcnde Kararname (KHK) \u00e7al\u0131\u015fmalar\u0131nda Genelkurmay odakl\u0131 yeni bir a\u00e7\u0131l\u0131m yapt\u0131.<\/p>\n<p style=\"text-align: justify;\">Habert\u00fcrk gazetesinin haberine g\u00f6re taslakta Genelkurmay\u2019\u0131n Milli Savunma Bakanl\u0131\u011f\u0131\u2019na ba\u011flanmas\u0131 d\u00fczenlenmesi yer al\u0131yor. H\u00fck\u00fcmet, Balyoz tutuklamalar\u0131 nedeniyle A\u011fustos ay\u0131nda toplanacak Y\u00fcksek Askeri \u015e\u00fcra\u2019da yine bir atama ve terfi krizi ya\u015fanmamas\u0131 i\u00e7in KHK kapsam\u0131na TSK personel atamalar\u0131n\u0131 da alm\u0131\u015ft\u0131. YA\u015e \u00f6ncesi Askeri Y\u00fcksek \u0130dare Mahkemesi, TSK\u2019ya mensup tutuklu subaylarla ilgili beklenmedik bir karar al\u0131rsa h\u00fck\u00fcmet ilgili kararnameyi \u00e7\u0131karacak ve TSK\u2019n\u0131n personel atama ve terfi d\u00fczenlemeleri ba\u015ftan a\u015fa\u011f\u0131 de\u011fi\u015ftirilecek.<\/p>\n<p style=\"text-align: justify;\">Bu arada d\u00fcn Ba\u015fbakanl\u0131k Merkez Bina\u2019da Ba\u015fbakan Yard\u0131mc\u0131s\u0131 Cemil \u00c7i\u00e7ek ba\u015fkanl\u0131\u011f\u0131nda bas\u0131na kapal\u0131 \u201cgizli\u201d bir toplant\u0131 yap\u0131ld\u0131.<\/p>\n<p style=\"text-align: justify;\">Ba\u015fbakanl\u0131k b\u00fcrokratlar\u0131 ile ilgili kamu kurum ve kurulu\u015flar\u0131n\u0131n temsilcilerinin kat\u0131ld\u0131\u011f\u0131 toplant\u0131da son \u015fekli verilecek taslak \u00e7al\u0131\u015fma; Ba\u015fbakan Recep Tayyip Erdo\u011fan\u2019a sunulacak.<\/p>\n<p style=\"text-align: justify;\">Bakanl\u0131klarla ve TSK\u2019yla ilgili son karar\u0131 Ba\u015fbakan Erdo\u011fan verecek. Ba\u015fbakan Erdo\u011fan, gerek g\u00f6rmedi\u011fi d\u00fczenlemelerin KHK kapsam\u0131ndan \u00e7\u0131kar\u0131lmas\u0131n\u0131 isteyecek.<\/p>\n<p style=\"text-align: justify;\"><a href=\"http:\/\/www.radikal.com.tr\/Radikal.aspx?aType=RadikalDetayV3&amp;ArticleID=1046780&amp;Date=20.04.2011&amp;CategoryID=78\" target=\"_blank\">Kaynak : Radikal<\/a><\/p>\n","protected":false},"excerpt":{"rendered":"<p style=\"text-align: center;\">\n<p style=\"text-align: justify;\">H\u00fck\u00fcmetin, Kanun H\u00fckm\u00fcnde Kararname \u00e7\u0131karma yetkisi kapsam\u0131nda TSK&#8217;y\u0131 Milli Savunma Bakanl\u0131\u011f\u0131&#8217;na ba\u011flamay\u0131 ve personel kanununda de\u011fi\u015fiklikler yapmay\u0131 d\u00fc\u015f\u00fcnd\u00fc\u011f\u00fc iddia edildi.<\/p>\n","protected":false},"author":1,"featured_media":0,"comment_status":"open","ping_status":"closed","sticky":false,"template":"","format":"standard","meta":{"footnotes":""},"categories":[105],"tags":[],"class_list":["post-30778","post","type-post","status-publish","format-standard","hentry","category-gundem","odd"],"_links":{"self":[{"href":"http:\/\/www.korhanyilmaz.com\/index.php?rest_route=\/wp\/v2\/posts\/30778","targetHints":{"allow":["GET"]}}],"collection":[{"href":"http:\/\/www.korhanyilmaz.com\/index.php?rest_route=\/wp\/v2\/posts"}],"about":[{"href":"http:\/\/www.korhanyilmaz.com\/index.php?rest_route=\/wp\/v2\/types\/post"}],"author":[{"embeddable":true,"href":"http:\/\/www.korhanyilmaz.com\/index.php?rest_route=\/wp\/v2\/users\/1"}],"replies":[{"embeddable":true,"href":"http:\/\/www.korhanyilmaz.com\/index.php?rest_route=%2Fwp%2Fv2%2Fcomments&post=30778"}],"version-history":[{"count":0,"href":"http:\/\/www.korhanyilmaz.com\/index.php?rest_route=\/wp\/v2\/posts\/30778\/revisions"}],"wp:attachment":[{"href":"http:\/\/www.korhanyilmaz.com\/index.php?rest_route=%2Fwp%2Fv2%2Fmedia&parent=30778"}],"wp:term":[{"taxonomy":"category","embeddable":true,"href":"http:\/\/www.korhanyilmaz.com\/index.php?rest_route=%2Fwp%2Fv2%2Fcategories&post=30778"},{"taxonomy":"post_tag","embeddable":true,"href":"http:\/\/www.korhanyilmaz.com\/index.php?rest_route=%2Fwp%2Fv2%2Ftags&post=30778"}],"curies":[{"name":"wp","href":"https:\/\/api.w.org\/{rel}","templated":true}]}}