{"id":30771,"date":"2011-04-20T11:31:40","date_gmt":"2011-04-20T08:31:40","guid":{"rendered":"http:\/\/www.korhanyilmaz.com\/?p=30771"},"modified":"2011-04-20T11:31:40","modified_gmt":"2011-04-20T08:31:40","slug":"chpden-ekonomi-icin-makro-calisma","status":"publish","type":"post","link":"http:\/\/www.korhanyilmaz.com\/?p=30771","title":{"rendered":"CHP&#8217;den ekonomi i\u00e7in &#8220;makro&#8221; \u00e7al\u0131\u015fma"},"content":{"rendered":"<p style=\"text-align: justify;\"><a href=\"http:\/\/www.korhanyilmaz.com\/wp-content\/uploads\/2011\/04\/171.jpg\"  class=\"lightview\"><img loading=\"lazy\" decoding=\"async\" class=\"aligncenter size-full wp-image-30772\" src=\"http:\/\/www.korhanyilmaz.com\/wp-content\/uploads\/2011\/04\/171.jpg\" alt=\"\" width=\"414\" height=\"220\" \/><\/a><\/p>\n<p style=\"text-align: justify;\">CHP lideri K\u0131l\u0131\u00e7daro\u011flu, ekonomi program\u0131n\u0131 tan\u0131t\u0131rken yine iddial\u0131 konu\u015ftu. Pop\u00fclist de\u011fil &#8220;makro dengelere&#8221; y\u00f6nelik \u00f6nemli \u00e7al\u0131\u015fmalar yapt\u0131klar\u0131n\u0131 belirten K\u0131l\u0131\u00e7daro\u011flu, Bu programdan daha iyisi bizde var diyen herkesle oturup tart\u0131\u015fmaya haz\u0131r\u0131z&#8221; dedi. <!--more--><\/p>\n<p style=\"text-align: justify;\">K\u0131l\u0131\u00e7daro\u011flu, YSK&#8217;n\u0131n BDP ile ilgili karar\u0131yla ilgili yapt\u0131\u011f\u0131 &#8220;Hemen toplan\u0131p bunu a\u015fal\u0131m, y\u00fczde 10 baraj\u0131n\u0131 kald\u0131ral\u0131m&#8221; \u00f6nerisini &#8220;pop\u00fclizm yap\u0131yor&#8221; diye ele\u015ftiren AK Parti&#8217;ye de &#8216;Erdo\u011fan&#8217;\u0131 Meclis&#8217;e ta\u015f\u0131rken de pop\u00fclizm mi yapt\u0131k?&#8217; \u015feklinde cevap verdi.<\/p>\n<p style=\"text-align: justify;\">\u0130STANBUL- CHP Genel Ba\u015fkan\u0131 Kemal K\u0131l\u0131\u00e7daro\u011flu, 12 Haziran Genel Se\u00e7imleri \u00f6ncesinde se\u00e7im beyannamesinde yer alan ekonomik hedeflerle ilgili a\u00e7\u0131klamalarda bulundu. Ekonomik vaatlerin ve hedeflerin ayr\u0131nt\u0131lar\u0131yla yer ald\u0131\u011f\u0131 iki kitap\u00e7\u0131\u011f\u0131 bir bas\u0131n toplant\u0131s\u0131yla tan\u0131tan K\u0131l\u0131\u00e7daro\u011flu, &#8220;Yoksullu\u011fu tarihe g\u00f6mece\u011fiz&#8221; dedi.<\/p>\n<p style=\"text-align: justify;\">Ekonominin uluslararas\u0131 rekabet g\u00fcc\u00fcn\u00fc artt\u0131racaklar\u0131n\u0131 s\u00f6yleyen K\u0131l\u0131\u00e7daro\u011flu \u015f\u00f6yle konu\u015ftu:<\/p>\n<p style=\"text-align: justify;\"><strong>&#8220;B\u0130Z\u0130MK\u0130 DAHA \u0130Y\u0130 DERLERSE GELS\u0130NLER TARTI\u015eALIM&#8221;<\/strong><\/p>\n<p style=\"text-align: justify;\">&#8220;Ekonominin uluslararas\u0131 rekabet g\u00fcc\u00fcn\u00fc art\u0131raca\u011f\u0131z. Ekonomide kal\u0131c\u0131 istikrar\u0131 sa\u011flayaca\u011f\u0131z.<\/p>\n<p style=\"text-align: justify;\">D\u0131\u015fa ba\u011fl\u0131, ithalata ba\u011fl\u0131 bir ekonomi de\u011fil, istihdam yaratabilen, sa\u011flam, istikrarl\u0131 bir ekonomiyi yaratmak amac\u0131nday\u0131z.<\/p>\n<p style=\"text-align: justify;\">Ekonomide kal\u0131c\u0131 istihdam\u0131 sa\u011flayaca\u011f\u0131z. K\u0131r\u0131lgan de\u011fil, kendi i\u00e7 dinamikleri olan, g\u00fc\u00e7l\u00fc, kal\u0131c\u0131 istihdam yaratabilen bir ekonomi yarataca\u011f\u0131z. Y\u00fczde 7 b\u00fcy\u00fcme h\u0131z\u0131n\u0131 hedefliyoruz. Bunun makro dengeleri nelerdir, ayr\u0131nt\u0131lar\u0131yla iki kitap\u00e7\u0131\u011f\u0131m\u0131zda var.<\/p>\n<p style=\"text-align: justify;\">CHP d\u0131\u015f\u0131nda hi\u00e7bir siyasi parti makro dengeleri iyi belirlenmi\u015f, hedefleri iyi konmu\u015f b\u00f6yle bir raporu haz\u0131rlamam\u0131\u015ft\u0131r. Biz haz\u0131rlad\u0131k diyen varsa heryerde her ortamda tart\u0131\u015fmaya haz\u0131r\u0131z.&#8221;<\/p>\n<p style=\"text-align: justify;\"><strong>&#8220;ERDO\u011eAN&#8217;I KURTARINCA POP\u00dcL\u0130ZM DE\u011e\u0130L&#8230;&#8221;<\/strong><\/p>\n<p style=\"text-align: justify;\">CHP lideri, YSK&#8217;n\u0131n karar\u0131n\u0131n ard\u0131ndan yapt\u0131\u011f\u0131 de\u011ferlendirmelerin &#8221;pop\u00fclizm&#8221; olarak nitelendirilmesine ili\u015fkin bir soru \u00fczerine \u015funlar\u0131 s\u00f6yledi:<\/p>\n<p style=\"text-align: justify;\">&#8221;Benim yapt\u0131\u011f\u0131m a\u00e7\u0131klaman\u0131n pop\u00fclizm olarak de\u011ferlendirilmesini anlamakta zorlan\u0131yorum. Biz Say\u0131n Recep Tayyip Erdo\u011fan&#8217;\u0131 parlamentoya ta\u015f\u0131rken pop\u00fclizm mi yapt\u0131k? O g\u00fcn ne yapt\u0131ysak bug\u00fcn de ayn\u0131 \u015feyleri s\u00f6yl\u00fcyoruz. Ama bizim s\u00f6ylediklerimizden onlar\u0131n rahats\u0131z olduklar\u0131n\u0131 biliyoruz. Onlar\u0131n rahats\u0131z olmalar\u0131, bizim do\u011frular\u0131 s\u00f6ylememize engel de\u011fil. Biz her yerde, her ortamda inand\u0131\u011f\u0131m\u0131z do\u011frular\u0131 s\u00f6yleyece\u011fiz. Demokrasi ve \u00f6zg\u00fcrl\u00fcklerden yana ne gerekiyorsa hepsini s\u00f6yleyece\u011fiz. Demokrasiden, vatanda\u015ftan korkmayaca\u011f\u0131z.&#8221;<\/p>\n<p style=\"text-align: justify;\"><strong>&#8220;Y\u00dcZDE 10 BARAJI \u0130LE HIRSIZLIK YAPILMAKTADIR&#8221;<\/strong><\/p>\n<p style=\"text-align: justify;\">Baz\u0131 partilerin ba\u011f\u0131ms\u0131z aday g\u00f6stermek zorunda kalmas\u0131 ve ard\u0131ndan ya\u015fananlar\u0131n sorumlusunun 12 Eyl\u00fcl rejiminin getirdi\u011fi Siyasi Partiler Yasas\u0131&#8217;ndaki y\u00fczde 10 baraj\u0131 oldu\u011funu ifade eden K\u0131l\u0131\u00e7daro\u011flu, s\u00f6zlerini \u015f\u00f6yle s\u00fcrd\u00fcrd\u00fc:<\/p>\n<p style=\"text-align: justify;\">&#8221;Siyasi partilere diyorsunuz ki &#8216;Yasalar\u0131 dolanarak, se\u00e7ime girin&#8217;. Yasalar\u0131 dolanarak se\u00e7ime girdi\u011finiz zaman da bu t\u00fcr olumsuz tablolar \u00e7\u0131k\u0131yor. Ba\u015ftan beri &#8216;y\u00fczde 10 se\u00e7im baraj\u0131n\u0131 kald\u0131ral\u0131m, buyurun gelin, parlamentoya&#8217; diye s\u00f6yledik. Pop\u00fclizm mi yapt\u0131k? Hay\u0131r. Kurultayda s\u00f6yledik, &#8216;Kanun teklifi veremezsiniz&#8217; dediler, kanun teklifi verdik. Arzu ederlerse y\u00fczde 10 baraj\u0131n\u0131 hemen toplan\u0131p kald\u0131rabiliriz. Bu, se\u00e7im s\u00fcrecinde s\u00f6yledi\u011fimiz bir s\u00f6z de\u011fil, se\u00e7imlerden \u00e7ok daha \u00f6nce, se\u00e7imler daha belli de\u011filken s\u00f6yledik. Y\u00fczde 10 baraj\u0131, demokrasinin \u00f6n\u00fcndeki en ciddi engellerden biridir. Y\u00fczde 10 baraj\u0131yla milletin iradesine h\u0131rs\u0131zl\u0131k yap\u0131lmaktad\u0131r. Ben bir partiye oy verece\u011fim, benim verdi\u011fim oyla bir ba\u015fka parti milletvekili \u00e7\u0131karacak. Bu milli irade midir? O a\u00e7\u0131dan demokrasiyi, \u00f6zg\u00fcrl\u00fc\u011f\u00fc insan haklar\u0131n\u0131, her ortamda savunmak bir siyasal partinin temel g\u00f6revlerinden biridir. Bunun pop\u00fclizmle yak\u0131ndan uzaktan ilgisi yoktur.&#8221;<\/p>\n<p style=\"text-align: justify;\"><strong>&#8221;SAVA\u015e OLSA BU PARLAMENTO TOPLANMAYACAK MI?&#8221;<\/strong><\/p>\n<p style=\"text-align: justify;\">Kemal K\u0131l\u0131\u00e7daro\u011flu, bir gazetecinin AK Parti&#8217;li Bekir Bozda\u011f&#8217;\u0131n CHP&#8217;nin Meclis&#8217;i toplayal\u0131m \u00f6nerisi \u00fczerine s\u00f6yledi\u011fi &#8220;Yeniden se\u00e7ilmeyece\u011fini bilen milletvekillerini nas\u0131l toplayacaks\u0131n\u0131z?&#8221;sorusuna da, yeniden aday g\u00f6sterilmeyen milletvekillerinin halen milletvekili olduklar\u0131na dikkati \u00e7ekti. &#8221;Yeni milletvekilleri se\u00e7ilip, parlamentoda yemin edinceye kadar da milletvekili g\u00f6revleri s\u00fcrmektedir&#8221; diyen k\u0131l\u0131\u00e7daro\u011flu, \u015f\u00f6yle devam etti:<\/p>\n<p style=\"text-align: justify;\">&#8220;Yar\u0131n sava\u015f olsa bu parlamento toplanmayacak m\u0131? Yar\u0131n T\u00fcrkiye ile ilgili \u00e7ok \u00f6nemli bir karar al\u0131nmas\u0131 gerekirse ya da \u00f6nemli bir yasan\u0131n \u00e7\u0131kar\u0131lmas\u0131 gerekirse bu parlamento toplanmayacak m\u0131? O nedenle biz se\u00e7im listelerinde yer almayan milletvekilleri, toplanmaz, karar vermezler gibi bir ucuz ele\u015ftiriye kendimizi kapt\u0131rmayal\u0131m. B\u00f6yle yaparsak, de\u011ferli milletvekillerine haks\u0131zl\u0131k yapm\u0131\u015f oluruz. Onlar ge\u00e7mi\u015f s\u00fcre\u00e7 i\u00e7inde parlamentoda onurla g\u00f6rev yapt\u0131lar, \u00e7al\u0131\u015ft\u0131lar, emek harcad\u0131lar. &#8216;Onlar listelerde yer almad\u0131, k\u00fcsecekler, parlamentoya gelmeyecekler, oy kullanmayacaklar&#8217; gibi bir d\u00fc\u015f\u00fcnce, onlara haks\u0131zl\u0131k yapmam\u0131za neden olur diye d\u00fc\u015f\u00fcn\u00fcyorum.&#8221;<\/p>\n<p style=\"text-align: justify;\"><a href=\"http:\/\/www.gazeteport.com.tr\/SIYASET\/NEWS\/GP_890470\" target=\"_blank\">Kaynak : GAZETEPORT<\/a><\/p>\n","protected":false},"excerpt":{"rendered":"<p style=\"text-align: justify;\">\n<p style=\"text-align: justify;\">CHP lideri K\u0131l\u0131\u00e7daro\u011flu, ekonomi program\u0131n\u0131 tan\u0131t\u0131rken yine iddial\u0131 konu\u015ftu. Pop\u00fclist de\u011fil &#8220;makro dengelere&#8221; y\u00f6nelik \u00f6nemli \u00e7al\u0131\u015fmalar yapt\u0131klar\u0131n\u0131 belirten K\u0131l\u0131\u00e7daro\u011flu, Bu programdan daha iyisi bizde var diyen herkesle oturup tart\u0131\u015fmaya haz\u0131r\u0131z&#8221; dedi. <\/p>\n","protected":false},"author":1,"featured_media":0,"comment_status":"open","ping_status":"closed","sticky":false,"template":"","format":"standard","meta":{"footnotes":""},"categories":[105],"tags":[],"class_list":["post-30771","post","type-post","status-publish","format-standard","hentry","category-gundem","odd"],"_links":{"self":[{"href":"http:\/\/www.korhanyilmaz.com\/index.php?rest_route=\/wp\/v2\/posts\/30771","targetHints":{"allow":["GET"]}}],"collection":[{"href":"http:\/\/www.korhanyilmaz.com\/index.php?rest_route=\/wp\/v2\/posts"}],"about":[{"href":"http:\/\/www.korhanyilmaz.com\/index.php?rest_route=\/wp\/v2\/types\/post"}],"author":[{"embeddable":true,"href":"http:\/\/www.korhanyilmaz.com\/index.php?rest_route=\/wp\/v2\/users\/1"}],"replies":[{"embeddable":true,"href":"http:\/\/www.korhanyilmaz.com\/index.php?rest_route=%2Fwp%2Fv2%2Fcomments&post=30771"}],"version-history":[{"count":0,"href":"http:\/\/www.korhanyilmaz.com\/index.php?rest_route=\/wp\/v2\/posts\/30771\/revisions"}],"wp:attachment":[{"href":"http:\/\/www.korhanyilmaz.com\/index.php?rest_route=%2Fwp%2Fv2%2Fmedia&parent=30771"}],"wp:term":[{"taxonomy":"category","embeddable":true,"href":"http:\/\/www.korhanyilmaz.com\/index.php?rest_route=%2Fwp%2Fv2%2Fcategories&post=30771"},{"taxonomy":"post_tag","embeddable":true,"href":"http:\/\/www.korhanyilmaz.com\/index.php?rest_route=%2Fwp%2Fv2%2Ftags&post=30771"}],"curies":[{"name":"wp","href":"https:\/\/api.w.org\/{rel}","templated":true}]}}