{"id":30758,"date":"2011-04-19T17:56:02","date_gmt":"2011-04-19T14:56:02","guid":{"rendered":"http:\/\/www.korhanyilmaz.com\/?p=30758"},"modified":"2011-04-19T17:56:02","modified_gmt":"2011-04-19T14:56:02","slug":"kendimi-ihbar-ediyorum","status":"publish","type":"post","link":"http:\/\/www.korhanyilmaz.com\/?p=30758","title":{"rendered":"Kendimi ihbar ediyorum"},"content":{"rendered":"<p style=\"text-align: justify;\"><a href=\"http:\/\/www.korhanyilmaz.com\/wp-content\/uploads\/2011\/04\/167.jpg\"  class=\"lightview\"><img loading=\"lazy\" decoding=\"async\" class=\"aligncenter size-full wp-image-30759\" title=\"\" src=\"http:\/\/www.korhanyilmaz.com\/wp-content\/uploads\/2011\/04\/167.jpg\" alt=\"\" width=\"394\" height=\"123\" \/><\/a><\/p>\n<p style=\"text-align: justify;\">Ba\u011f\u0131ms\u0131z milletvekili adaylar\u0131ndan S\u0131rr\u0131 S\u00fcreyya \u00d6nder, YSK&#8217;n\u0131n veto karar\u0131n\u0131 ele\u015ftirirken bir \u00e7eli\u015fkiye dikkat \u00e7ekti. Neden ayn\u0131 durumda olduklar\u0131 Ertu\u011frul K\u00fcrk\u00e7\u00fc&#8217;n\u00fcn veto edilip kendisinin edilmedi\u011fini soran \u00d6nder \u015funlar\u0131 s\u00f6yledi: <!--more--><\/p>\n<p style=\"text-align: justify;\">&#8220;Ertu\u011frul K\u00fcrk\u00e7\u00fc ile ben ayn\u0131 yasa maddesinden ceza ald\u0131k. 12 Eyl\u00fcl d\u00f6neminde devlete kar\u015f\u0131 i\u015flenmi\u015f su\u00e7lardan. \u0130kimiz de h\u00fck\u00fcm giydik. \u0130nfaz\u0131m\u0131z\u0131 tamamlad\u0131k. Kendimi buradan ihbar ediyorum. Ben \u00f6m\u00fcr boyu kamu haklar\u0131ndan mahrum edildim. Ayr\u0131ca mahkemeye gidip &#8216;memnu haklar\u0131n iadesi i\u00e7in&#8217; falan bir karar da ald\u0131rmad\u0131m. Bu bana zul gelir. \u015eimdi soruyorum t\u0131pat\u0131p ayn\u0131 durumday\u0131z. Hatta K\u00fcrk\u00e7\u00fc affa u\u011fram\u0131\u015f ben de o da yok. Nas\u0131l oluyor da Ertu\u011frul K\u00fcrk\u00e7\u00fc&#8217;n\u00fcn milletvekili adayl\u0131\u011f\u0131 veto ediliyor da benimki edilmiyor? Var m\u0131 bunu bana izah edecek? \u015eu nedenle mi acaba. K\u00fcrk\u00e7\u00fc&#8217;n\u00fcn aday oldu\u011fu yer Mersin. Ge\u00e7en se\u00e7imde Mersin&#8217;de neler oldu\u011funu da hat\u0131rl\u0131yoruz. Keza K\u0131\u015fanak&#8217;\u0131n durumu. Yasalar izin vermi\u015f ki bu insan y\u0131llarca milletvekilli\u011fi yapm\u0131\u015f. Sonra nas\u0131l olduysa d\u00fcn farkedilmi\u015f ki k\u0131zl\u0131k soyad\u0131yla bir su\u00e7 kayd\u0131 var. Devlete kar\u015f\u0131 i\u015flenmi\u015f su\u00e7.. B\u00f6yle deyince vatanda\u015f \u00fcrkmesin. O su\u00e7 nedir, izinsiz g\u00f6steriye kat\u0131lmak. Benim fikrim \u015fudur. Bu veto edilen bu 12 arkada\u015f se\u00e7ime girmiyorsa ben de girmek istemiyorum.&#8221;<\/p>\n<p style=\"text-align: justify;\"><a href=\"http:\/\/haber.gazetevatan.com\/kendimi-ihbar-ediyorum\/372143\/9\/Siyaset\" target=\"_blank\">Kaynak : VATAN Gazetesi<\/a><\/p>\n","protected":false},"excerpt":{"rendered":"<p style=\"text-align: justify;\">\n<p style=\"text-align: justify;\">Ba\u011f\u0131ms\u0131z milletvekili adaylar\u0131ndan S\u0131rr\u0131 S\u00fcreyya \u00d6nder, YSK&#8217;n\u0131n veto karar\u0131n\u0131 ele\u015ftirirken bir \u00e7eli\u015fkiye dikkat \u00e7ekti. Neden ayn\u0131 durumda olduklar\u0131 Ertu\u011frul K\u00fcrk\u00e7\u00fc&#8217;n\u00fcn veto edilip kendisinin edilmedi\u011fini soran \u00d6nder \u015funlar\u0131 s\u00f6yledi: <\/p>\n","protected":false},"author":1,"featured_media":0,"comment_status":"open","ping_status":"closed","sticky":false,"template":"","format":"standard","meta":{"footnotes":""},"categories":[105],"tags":[],"class_list":["post-30758","post","type-post","status-publish","format-standard","hentry","category-gundem","odd"],"_links":{"self":[{"href":"http:\/\/www.korhanyilmaz.com\/index.php?rest_route=\/wp\/v2\/posts\/30758","targetHints":{"allow":["GET"]}}],"collection":[{"href":"http:\/\/www.korhanyilmaz.com\/index.php?rest_route=\/wp\/v2\/posts"}],"about":[{"href":"http:\/\/www.korhanyilmaz.com\/index.php?rest_route=\/wp\/v2\/types\/post"}],"author":[{"embeddable":true,"href":"http:\/\/www.korhanyilmaz.com\/index.php?rest_route=\/wp\/v2\/users\/1"}],"replies":[{"embeddable":true,"href":"http:\/\/www.korhanyilmaz.com\/index.php?rest_route=%2Fwp%2Fv2%2Fcomments&post=30758"}],"version-history":[{"count":0,"href":"http:\/\/www.korhanyilmaz.com\/index.php?rest_route=\/wp\/v2\/posts\/30758\/revisions"}],"wp:attachment":[{"href":"http:\/\/www.korhanyilmaz.com\/index.php?rest_route=%2Fwp%2Fv2%2Fmedia&parent=30758"}],"wp:term":[{"taxonomy":"category","embeddable":true,"href":"http:\/\/www.korhanyilmaz.com\/index.php?rest_route=%2Fwp%2Fv2%2Fcategories&post=30758"},{"taxonomy":"post_tag","embeddable":true,"href":"http:\/\/www.korhanyilmaz.com\/index.php?rest_route=%2Fwp%2Fv2%2Ftags&post=30758"}],"curies":[{"name":"wp","href":"https:\/\/api.w.org\/{rel}","templated":true}]}}