{"id":30754,"date":"2011-04-19T18:52:32","date_gmt":"2011-04-19T15:52:32","guid":{"rendered":"http:\/\/www.korhanyilmaz.com\/?p=30754"},"modified":"2011-04-19T18:52:32","modified_gmt":"2011-04-19T15:52:32","slug":"ysk-kaynaklari-belge-getirin-secime-girin","status":"publish","type":"post","link":"http:\/\/www.korhanyilmaz.com\/?p=30754","title":{"rendered":"YSK kaynaklar\u0131: Belge getirin se\u00e7ime girin"},"content":{"rendered":"<div id=\"attachment_30755\" style=\"width: 284px\" class=\"wp-caption aligncenter\"><a href=\"http:\/\/www.korhanyilmaz.com\/wp-content\/uploads\/2011\/04\/166.jpg\"  class=\"lightview\"><img loading=\"lazy\" decoding=\"async\" aria-describedby=\"caption-attachment-30755\" class=\"size-full wp-image-30755 \" src=\"http:\/\/www.korhanyilmaz.com\/wp-content\/uploads\/2011\/04\/166.jpg\" alt=\"\" width=\"274\" height=\"205\" \/><\/a><p id=\"caption-attachment-30755\" class=\"wp-caption-text\">YSK Ba\u015fkan\u0131 Ali Em<\/p><\/div>\n<p style=\"text-align: justify;\">YSK\u2019n\u0131n, 12 ba\u011f\u0131ms\u0131z ismin adayl\u0131klar\u0131n\u0131 iptal etmesiyle ortaya \u00e7\u0131kan belirsizli\u011fe yine YSK nokta koydu: Memnu haklar\u0131n iade edildi\u011fine dair belgeyi getirin se\u00e7ime girin.<!--more--><\/p>\n<p style=\"text-align: justify;\">ANKARA &#8211; NTV, YSK kaynaklar\u0131ndan, 12 ba\u011f\u0131ms\u0131z ismin milletvekillli\u011fi adayl\u0131\u011f\u0131n\u0131n iptaliyle ortaya \u00e7\u0131kan belirsizli\u011fin nas\u0131l giderilece\u011fiyle ilgili bilgiyi elde etti.<\/p>\n<p style=\"text-align: justify;\">Konuyla ilgili yar\u0131n karar vermesi gereken YSK\u2019n\u0131n bug\u00fcnk\u00fc toplant\u0131s\u0131 sonras\u0131 kaynaklar, adayl\u0131klar\u0131 iptal edilen ki\u015filerin memnu haklar\u0131n\u0131n iade edildi\u011fine dair belgeyi getirmeleri halinde se\u00e7ime girebileceklerini ifade ettiler.<\/p>\n<p style=\"text-align: justify;\">Toplant\u0131 sonras\u0131 konu\u015fan ve &#8220;de\u011ferlendiriyoruz&#8221; diyen YSK Ba\u015fkan\u0131 Ali Em&#8217;den net bir a\u00e7\u0131klama gelmezken, eski BDP E\u015fba\u015fkan\u0131 Selahattin Demirta\u015f, &#8220;Arkada\u015flar\u0131m\u0131z o belgeleri haz\u0131rl\u0131yor. Belgeleri YSK&#8217;ya yeti\u015ftirece\u011fiz&#8221; \u015feklinde konu\u015ftu.<\/p>\n<p style=\"text-align: justify;\">YSK\u2019n\u0131n, aralar\u0131nda BDP\u2019nin 7 aday\u0131n\u0131n da oldu\u011fu 12 ba\u011f\u0131ms\u0131z ismin milletvekili adayl\u0131klar\u0131\u0131n\u0131 iptaliyle ba\u015flayan tart\u0131\u015fmalara yine YSK nokta koyacak gibi.<\/p>\n<p style=\"text-align: justify;\">NTV\u2019nin ula\u015ft\u0131\u011f\u0131 Y\u00fcksek Se\u00e7im Kurulu kaynaklar\u0131, &#8220;eksik belgelerin ibraz\u0131 halinde adaylar se\u00e7ime girebilir&#8221; a\u00e7\u0131klamas\u0131nda bulundular.<\/p>\n<p style=\"text-align: justify;\">Bu bilginin tart\u0131\u015fmalara son noktay\u0131 koyup koymayaca\u011f\u0131 ise, adaylar\u0131n memnu haklar\u0131n\u0131n (se\u00e7ilmelerine engel olmad\u0131\u011f\u0131na dair mahkemeden al\u0131nan belge) iade edildi\u011fine dair belgeye sahip olup olmad\u0131klar\u0131yla ortaya \u00e7\u0131kacak.<\/p>\n<p style=\"text-align: justify;\">YSK Ba\u015fkan\u0131 Ali Em, NTV&#8217;nin ula\u015ft\u0131\u011f\u0131 bilgiyle ilgili net konu\u015fmazken, en s\u0131cak de\u011ferlendirme eski BDP Genel Ba\u015fkan\u0131 Selahattin Demirta\u015f\u2019tan geldi: &#8220;Arkada\u015flar\u0131m\u0131z o belgeleri haz\u0131rl\u0131yor. Belgeleri YSK&#8217;ya yeti\u015ftirece\u011fiz.&#8221;<\/p>\n<p style=\"text-align: justify;\">YSK\u2019n\u0131n iptal karar\u0131n\u0131, ad\u0131 ge\u00e7en belgelerin kendilerine sunulmad\u0131\u011f\u0131 i\u00e7in verdi\u011fi belirtilmi\u015f, adayl\u0131klar\u0131 iptal edilen isimlerin bu belgeyi neden YSK\u2019ya sunmad\u0131klar\u0131 tart\u0131\u015f\u0131lm\u0131\u015f; adaylar\u0131n bu belgeye sahip olup olmad\u0131klar\u0131 \u00fczerine konu\u015fulmu\u015ftu.<\/p>\n<p style=\"text-align: justify;\">\u015eimdi adaylar\u0131n elinde bu belgenin olup olmad\u0131\u011f\u0131, yok ise mahkemelerden bu belgenin al\u0131nmas\u0131n\u0131n yar\u0131na kadar m\u00fcmk\u00fcn olup olmayaca\u011f\u0131 merak konusu.<\/p>\n<p style=\"text-align: justify;\"><strong>YSK BA\u015eKANI NET KONU\u015eMADI<\/strong><\/p>\n<p style=\"text-align: justify;\">YSK&#8217;n\u0131n toplant\u0131s\u0131 sonras\u0131 t\u00fcm merak edilenler Ba\u015fkan Ali Em&#8217;e soruldu ancak net bir yan\u0131t al\u0131namad\u0131:<\/p>\n<p style=\"text-align: justify;\">&#8220;\u0130tiraz s\u00fcresi var, siyasi partilerlerin adaylar\u0131n\u0131n itiraz s\u00fcresi ile ba\u011f\u0131ms\u0131zlar\u0131nki farkl\u0131. Ba\u011f\u0131ms\u0131zlar\u0131n itiraz olur mu olmaz m\u0131 bunlar\u0131 de\u011ferlendirece\u011fiz.<\/p>\n<p style=\"text-align: justify;\">\u015eu an herhangi bir a\u00e7\u0131klama yapmayaca\u011f\u0131m. \u00c7\u00fcnk\u00fc s\u00fcrelerin ge\u00e7mesi laz\u0131m, ge\u00e7tikten sonra gerekli de\u011ferlendirmeleri yapaca\u011f\u0131z&#8230; Bize her zaman ba\u015fvuru olur ve g\u00fcn\u00fc geldik\u00e7e de\u011ferlendiririz.&#8221;<\/p>\n<p style=\"text-align: justify;\">Eksik belge tamamlan\u0131rsa girmelerini \u00f6n\u00fc a\u00e7\u0131l\u0131r m\u0131?<\/p>\n<p style=\"text-align: justify;\">&#8220;De\u011ferlendirece\u011fiz, \u015f\u00f6yle veya b\u00f6yle demem m\u00fcmk\u00fcn de\u011fil.&#8221;<\/p>\n<p style=\"text-align: justify;\">YSK\u2019n\u0131n vetosuna dair tepkiler var, ne diyorsunuz?<\/p>\n<p style=\"text-align: justify;\">&#8220;Veto de\u011fil, iptal karar\u0131.&#8221;<\/p>\n<p style=\"text-align: justify;\">Siyasi bir karar deniyor&#8230;<\/p>\n<p style=\"text-align: justify;\">&#8220;Gerek\u00e7elerimizin hepsi yaz\u0131l\u0131. YSK ba\u011f\u0131ms\u0131z bir kuruldur.&#8221;<\/p>\n<p style=\"text-align: justify;\">Aday olamazlar m\u0131 yoksa belgeler mi eksik?<\/p>\n<p style=\"text-align: justify;\">&#8220;De\u011fi\u015fik de\u015fi\u011fik durumlar var. \u00d6rne\u011fin \u015eerafettin Efe teminat\u0131 yat\u0131rmam\u0131\u015f ve adayl\u0131\u011f\u0131 s\u00f6z konusu de\u011fil; s\u00fcre ge\u00e7ti&#8230;&#8221;<\/p>\n<p style=\"text-align: justify;\"><a href=\"http:\/\/www.ntvmsnbc.com\/id\/25204640\/\" target=\"_blank\">Kaynak : NTVMSNBC<\/a><\/p>\n","protected":false},"excerpt":{"rendered":"<p id=\"caption-attachment-30755\" class=\"wp-caption-text\">YSK Ba\u015fkan\u0131 Ali Em<\/p>\n<p style=\"text-align: justify;\">YSK\u2019n\u0131n, 12 ba\u011f\u0131ms\u0131z ismin adayl\u0131klar\u0131n\u0131 iptal etmesiyle ortaya \u00e7\u0131kan belirsizli\u011fe yine YSK nokta koydu: Memnu haklar\u0131n iade edildi\u011fine dair belgeyi getirin se\u00e7ime girin.<\/p>\n","protected":false},"author":1,"featured_media":0,"comment_status":"open","ping_status":"closed","sticky":false,"template":"","format":"standard","meta":{"footnotes":""},"categories":[105],"tags":[],"class_list":["post-30754","post","type-post","status-publish","format-standard","hentry","category-gundem","odd"],"_links":{"self":[{"href":"http:\/\/www.korhanyilmaz.com\/index.php?rest_route=\/wp\/v2\/posts\/30754","targetHints":{"allow":["GET"]}}],"collection":[{"href":"http:\/\/www.korhanyilmaz.com\/index.php?rest_route=\/wp\/v2\/posts"}],"about":[{"href":"http:\/\/www.korhanyilmaz.com\/index.php?rest_route=\/wp\/v2\/types\/post"}],"author":[{"embeddable":true,"href":"http:\/\/www.korhanyilmaz.com\/index.php?rest_route=\/wp\/v2\/users\/1"}],"replies":[{"embeddable":true,"href":"http:\/\/www.korhanyilmaz.com\/index.php?rest_route=%2Fwp%2Fv2%2Fcomments&post=30754"}],"version-history":[{"count":0,"href":"http:\/\/www.korhanyilmaz.com\/index.php?rest_route=\/wp\/v2\/posts\/30754\/revisions"}],"wp:attachment":[{"href":"http:\/\/www.korhanyilmaz.com\/index.php?rest_route=%2Fwp%2Fv2%2Fmedia&parent=30754"}],"wp:term":[{"taxonomy":"category","embeddable":true,"href":"http:\/\/www.korhanyilmaz.com\/index.php?rest_route=%2Fwp%2Fv2%2Fcategories&post=30754"},{"taxonomy":"post_tag","embeddable":true,"href":"http:\/\/www.korhanyilmaz.com\/index.php?rest_route=%2Fwp%2Fv2%2Ftags&post=30754"}],"curies":[{"name":"wp","href":"https:\/\/api.w.org\/{rel}","templated":true}]}}