{"id":30739,"date":"2011-04-19T10:17:57","date_gmt":"2011-04-19T07:17:57","guid":{"rendered":"http:\/\/www.korhanyilmaz.com\/?p=30739"},"modified":"2011-04-19T10:17:57","modified_gmt":"2011-04-19T07:17:57","slug":"yilmazyeni-baskanin-nuans-farklari-olacak","status":"publish","type":"post","link":"http:\/\/www.korhanyilmaz.com\/?p=30739","title":{"rendered":"Y\u0131lmaz:&#8221;Yeni ba\u015fkan\u0131n n\u00fcans farklar\u0131 olacak&#8221;"},"content":{"rendered":"<p style=\"text-align: justify;\"><a href=\"http:\/\/www.korhanyilmaz.com\/wp-content\/uploads\/2011\/04\/162.jpg\"  class=\"lightview\"><img loading=\"lazy\" decoding=\"async\" class=\"aligncenter size-full wp-image-30740\" src=\"http:\/\/www.korhanyilmaz.com\/wp-content\/uploads\/2011\/04\/162.jpg\" alt=\"\" width=\"414\" height=\"221\" \/><\/a><\/p>\n<p style=\"text-align: justify;\">2006 y\u0131l\u0131ndan bu yana Merkez Bankas\u0131 ba\u015fkan\u0131 olarak g\u00f6revini s\u00fcrd\u00fcren Durmu\u015f Y\u0131lmaz bug\u00fcn d\u00fczenlenen bir t\u00f6renle g\u00f6revini yeni ba\u015fkan Erdem Ba\u015f\u00e7\u0131&#8217;ya devretti.<\/p>\n<p style=\"text-align: justify;\">Y\u0131lmaz, Merkez Bankas\u0131 \u0130dare Merkezindeki devir teslim t\u00f6reninde yapt\u0131\u011f\u0131 konu\u015fmada, Banka&#8217;n\u0131n kurumsal kimli\u011fi ve ba\u011f\u0131ms\u0131zl\u0131\u011f\u0131na vurgu yapt\u0131. <!--more--><\/p>\n<p style=\"text-align: justify;\">Devir t\u00f6reninde k\u0131sa bir konu\u015fma yapan Durmu\u015f Y\u0131lmaz, Merkez&#8217;in yeni ba\u015fkan\u0131 ile aralar\u0131nda n\u00fcans farkl\u0131l\u0131klar\u0131 olaca\u011f\u0131n\u0131 ve olmas\u0131 gerekti\u011fini belirterek yeni ba\u015fkan\u0131n kendi davran\u0131\u015f bi\u00e7imleri, ili\u015fkileri ev n\u00fcans fark\u0131 ile kuruma damgas\u0131n\u0131 vuraca\u011f\u0131n\u0131 s\u00f6yledi.<\/p>\n<p style=\"text-align: justify;\">Konu\u015fmas\u0131nda Merkez Bankas\u0131&#8217;n\u0131n g\u00fc\u00e7l\u00fc bir kadroya sahip oldu\u011funu ve bu kadronun daha da g\u00fc\u00e7lenece\u011fine inand\u0131\u011f\u0131n\u0131 da dile getiren Durmu\u015f Y\u0131lmaz, 5 y\u0131ll\u0131k g\u00f6revi s\u00fcresince kurumu daha ileriye g\u00f6t\u00fcrecek bir katk\u0131da bulunmas\u0131ndan mutluluk duydu\u011funu s\u00f6yledi.<\/p>\n<p style=\"text-align: justify;\">Y\u0131lmaz, s\u00f6zlerini \u015f\u00f6yle s\u00fcrd\u00fcrd\u00fc:&#8221;Umar\u0131m duvara bir ta\u015f koymu\u015fuzdur. Bizden sonra geleceklerde duvara bir ta\u015f koymaya devam edecekler. Kurumun ilerleyebilmesi i\u00e7in bir sonraki gelenin bir \u00f6ncekinden daha iyi olmas\u0131 gerekiyor.Bizden sonra geleceklerin bizden daha iyi \u015feyler yapacaklar\u0131na inan\u0131yorum. Umar\u0131m \u00fczerime d\u00fc\u015fen g\u00f6revi yapm\u0131\u015f\u0131md\u0131r. Ke\u015fke m\u00fckemmel yapt\u0131\u011f\u0131m\u0131z\u0131 s\u00f6ylemek m\u00fcmk\u00fcn olsa. Ancak m\u00fckemmelin pe\u015finde ko\u015farken iyiyide yapamazs\u0131n\u0131z. M\u00fckemmel pe\u015finde ko\u015fmak iyininde d\u00fc\u015fman\u0131d\u0131r&#8221;.<\/p>\n<p style=\"text-align: justify;\"><strong>DUYGUSAL VEDA<\/strong><\/p>\n<p style=\"text-align: justify;\">Duygusal bir konu\u015fma ile g\u00f6revine veda eden Durmu\u015f Y\u0131lmaz, kendisini bu g\u00f6reve getirenlere, milletine ve \u00e7al\u0131\u015fanlar\u0131na ve mesai arkada\u015flar\u0131na da te\u015fekk\u00fcr etmeyi de unutmad\u0131.<\/p>\n<p style=\"text-align: justify;\">Y\u0131lmaz, &#8220;Milletime te\u015fekk\u00fcr ediyorum. Ben oturdu\u011fum sandalyeye ne katt\u0131m, bunu s\u00f6yleyecek olan ben de\u011filim, \u00fc\u00e7\u00fcnc\u00fc kii\u015filer yapacak.Ama bu sandalye bana \u00e7ok \u015fey katt\u0131. Ben her\u015feyden \u00f6nce milletime te\u015fekk\u00fcr ediyorum. E\u011fer yetkiniz varsa omuzlar\u0131mn\u0131zda sorumluluk da var. E\u011fer bu yetkiyi ald\u0131ysan\u0131z en iyiyi bulup \u00e7\u0131karman\u0131z gerekir&#8221;dedi.<\/p>\n<p style=\"text-align: justify;\"><strong>BA\u015eARI VE BA\u015eARIZLIKTA ORTAK<\/strong><\/p>\n<p style=\"text-align: justify;\">Kendisini bu g\u00f6reve getirenlere de te\u015fekk\u00fcr eden Durmu\u015f Y\u0131lmaz, g\u00f6revi s\u0131ras\u0131ndaki ba\u015far\u0131 ve ba\u015far\u0131s\u0131zl\u0131klar\u0131nda kendisini bu g\u00f6reve getirenlerle ortakla\u015fa payla\u015flmas\u0131 gerekti\u011fini s\u00f6yledi.Y\u0131lmaz, &#8220;\u0130yi insan olmak, yap\u0131lanlar\u0131n k\u0131ymetini bilmek, ama bunu a\u015f\u0131r\u0131ya g\u00f6t\u00fcr\u00fcr ve yaranma duygusuna kap\u0131l\u0131rsan\u0131z yanl\u0131\u015f yapars\u0131n\u0131z. Te\u015fekk\u00fcr edelim ama yaranma duygusundan uzak dural\u0131m. Benim bu g\u00f6reve gelmeme vesile olanlara te\u015fekk\u00fcr ediyorum. Ama dedi\u011fim gibi yaranma duygusu \u00e7ok k\u00f6t\u00fc bir \u015feydir, size yanl\u0131\u015f yapt\u0131r\u0131r&#8221;\u015feklinde konu\u015ftu.<\/p>\n<p style=\"text-align: justify;\"><strong>&#8221;YARANMA DUYGUSUNA DO\u011eRU KAPTIRIRSANIZ, \u0130\u015e\u0130 DO\u011eRU YAPMAZSINIZ&#8221;<\/strong><\/p>\n<p style=\"text-align: justify;\">Merkez Bankas\u0131 ba\u015fkanl\u0131\u011f\u0131 g\u00f6revi d\u00fcn sona eren Durmu\u015f Y\u0131lmaz, devir teslim s\u0131ras\u0131nda her\u015feyden \u00f6nce &#8221;millete&#8221; te\u015fekk\u00fcr etti\u011fini belirterek, kendisini bu g\u00f6reve getirenlere de te\u015fekk\u00fcr etti, ancak &#8221;yaranma duygusuna&#8221; kap\u0131lmamak gerekti\u011fine vurgu yapt\u0131.<\/p>\n<p style=\"text-align: justify;\">Durmu\u015f Y\u0131lmaz, &#8221;Bizi bu g\u00f6reve getirenler, elbette bizim ba\u015far\u0131m\u0131za ortaklar, ancak varsa ba\u015far\u0131s\u0131zl\u0131\u011f\u0131m\u0131z ona da ortaklar&#8221; dedi.<\/p>\n<p style=\"text-align: justify;\">Y\u0131lmaz devir teslim t\u00f6renindeki konu\u015fmas\u0131n\u0131n ba\u015f\u0131nda s\u00f6z\u00fc fazla uzatmadan Ba\u015fkan&#8217;a b\u0131rakaca\u011f\u0131n\u0131 belirtirken, dili s\u00fcr\u00e7erek &#8221;Ba\u015fkan Serdenge\u00e7ti&#8221; demesi, kendisiyle birlikte t\u00fcm salondakileri g\u00fcl\u00fcmsetti.<\/p>\n<p style=\"text-align: justify;\">Y\u0131lmaz, 18 Nisan 2006 tarihinde ba\u015flayan g\u00f6revinin d\u00fcn mesai saati bitiminde sona erdi\u011fini an\u0131msatarak, bug\u00fcn itibariyle ekonomik de\u011ferlendirme yapmayaca\u011f\u0131n\u0131, \u00e7\u00fcnk\u00fc 2 g\u00fcn sonra ger\u00e7ekle\u015ftirilecek Para Politikas\u0131 Kurulu toplant\u0131s\u0131 nedeniyle 5 i\u015fg\u00fcn\u00fcn\u00fc kapsayan yasak d\u00f6neminde bulunduklar\u0131n\u0131 s\u00f6yledi ve espirili bir \u00fcslupla de\u011ferlendirmeyi Ba\u015fkan Erdem Ba\u015f\u00e7\u0131&#8217;ya b\u0131rakt\u0131\u011f\u0131n\u0131 s\u00f6yledi.<\/p>\n<p style=\"text-align: justify;\">Ekonominin bug\u00fcn itibariyle geldi\u011fi noktaya ili\u015fkin de de\u011ferlendirme yapmayaca\u011f\u0131n\u0131, bunun rakamlarla, raporlarla ortaya bulundu\u011funu belirten Y\u0131lmaz, &#8221;Benim bu toplant\u0131da vermek istedi\u011fim mesaj; Merkez Bankas\u0131n\u0131n kurumsal kimli\u011finin devam\u0131yla ilgili olacakt\u0131r&#8221; dedi.<\/p>\n<p style=\"text-align: justify;\"><strong>KURUMSAL K\u0130ML\u0130\u011eE VURGU<\/strong><\/p>\n<p style=\"text-align: justify;\">Durmu\u015f Y\u0131lmaz, g\u00f6reve ba\u015flad\u0131\u011f\u0131 d\u00f6nemde bas\u0131n mensuplar\u0131n\u0131n kendisine &#8221;Siz Merkez Bankas\u0131&#8217;nda ne yapacaks\u0131n\u0131z&#8221; sorusu y\u00f6neltti\u011fini, kendisinin de &#8221;Bizden \u00f6ncekiler bir kurum in\u015fa ettiler, o kurumun daha ileri gitmesi i\u00e7in elimizden geldi\u011fi kadar bu duvara ta\u015f koyaca\u011f\u0131z&#8221; cevab\u0131n\u0131 verdi\u011fini an\u0131msatt\u0131 ve s\u00f6zlerini \u015f\u00f6yle s\u00fcrd\u00fcrd\u00fc:<\/p>\n<p style=\"text-align: justify;\">&#8221;Umar\u0131m bu ta\u015f\u0131 koymu\u015fuzdur. Bizden sonra gelenler de bu ta\u015f\u0131 koymaya devam edecekler ve kurumun y\u00fckselmesine katk\u0131da bulunacaklar. Dolay\u0131s\u0131yla benim vurgulamak istedi\u011fim husus; kurumsal kimli\u011fin g\u00fc\u00e7lenerek devam etmesi. Ben buna g\u00fc\u00e7l\u00fc bir \u015fekilde inan\u0131yorum ve bu kurumun daha iyiye gidebilmesi i\u00e7in de bunun b\u00f6yle olmas\u0131 gerekti\u011fine inan\u0131yorum. \u0130lerleme olabilmesi i\u00e7in mutlaka bir sonra gelenin, bir \u00f6ncekinden daha iyi olmas\u0131 gerekir. Ben benden sonra gelecek arkada\u015flar\u0131m\u0131z\u0131n bizim yapt\u0131klar\u0131m\u0131zdan daha iyisini yapacaklar\u0131ndan eminim.&#8221;<\/p>\n<p style=\"text-align: justify;\">Y\u0131lmaz, Merkez Bankas\u0131n\u0131n \u015fu anda \u00e7ok g\u00fc\u00e7l\u00fc bir kadrosu bulundu\u011funu, en b\u00fcy\u00fck g\u00fcc\u00fcn\u00fcn insan kayna\u011f\u0131 oldu\u011funu belirterek, g\u00fc\u00e7l\u00fc insan kayna\u011f\u0131n\u0131n olu\u015fmas\u0131na katk\u0131 sa\u011flayan herkese te\u015fekk\u00fcr etti.<\/p>\n<p style=\"text-align: justify;\"><strong>&#8216;HER\u015eEYDEN \u00d6NCE M\u0130LLET\u0130ME TE\u015eEKK\u00dcR ED\u0130YORUM&#8221;<\/strong><\/p>\n<p style=\"text-align: justify;\">&#8221;Millete&#8221; te\u015fekk\u00fcr eden Y\u0131lmaz, oturdu\u011fu makama katk\u0131s\u0131n\u0131n ne oldu\u011funu kendisinin de\u011ferlendiremeyece\u011fini, ancak &#8221;bu sandalyenin kendisine \u00e7ok \u015fey katt\u0131\u011f\u0131n\u0131&#8221; s\u00f6yledi. Y\u0131lmaz, \u015f\u00f6yle konu\u015ftu:<\/p>\n<p style=\"text-align: justify;\">&#8221;Milletim benim maa\u015f\u0131m\u0131 \u00f6dedi, kendi vergileriyle \u00f6dedi. Dolay\u0131s\u0131yla ben her\u015feyden \u00f6nce milletime te\u015fekk\u00fcr ediyorum, sa\u011folsunlar, varolsunlar. Umar\u0131m biz \u00fczerimize d\u00fc\u015fen g\u00f6revi yapm\u0131\u015f\u0131zd\u0131r tabii ke\u015fke m\u00fcmk\u00fcn olsa da m\u00fckemmel yapt\u0131\u011f\u0131m\u0131z\u0131 s\u00f6yleyebilsek. Tabii m\u00fckemmel hi\u00e7bir zaman m\u00fcmk\u00fcn olmaz, dolay\u0131s\u0131yla hep m\u00fckemmelin pe\u015finde ko\u015fmak, asl\u0131nda iyiyi yapamamak demektir. M\u00fckemmeliyet biraz da iyinin d\u00fc\u015fman\u0131, m\u00fcmk\u00fcn oldu\u011fu kadar iyiyi yapmaya \u00e7al\u0131\u015ft\u0131k.&#8221;<\/p>\n<p style=\"text-align: justify;\"><strong>&#8221;YARANMA DUYGUSU \u00c7OK K\u00d6T\u00dc B\u0130R \u015eEYD\u0130R, S\u0130ZE YANLI\u015e YAPTIRIR&#8221;<\/strong><\/p>\n<p style=\"text-align: justify;\">&#8221;\u0130kinci bir husus; Biz kamu g\u00f6revlileri, b\u00fcrokratlar acaba bizi bu g\u00f6reve getirenlere te\u015fekk\u00fcr etmeli miyiz?&#8221; ifadesiyle s\u00f6zlerine s\u00fcrd\u00fcren Y\u0131lmaz, b\u00f6yle bir gelenek olup olmad\u0131\u011f\u0131n\u0131 bilmedi\u011fini, b\u00f6yle bir gelenek varsa uydu\u011funu, yoksa da ba\u015flat\u0131lmas\u0131 gerekti\u011fini d\u00fc\u015f\u00fcnd\u00fc\u011f\u00fcn\u00fc s\u00f6yledi. Y\u0131lmaz, \u015f\u00f6yle konu\u015ftu:<\/p>\n<p style=\"text-align: justify;\">&#8221;\u015eunun i\u00e7in e\u011fer yetkiniz varsa; omuzlar\u0131n\u0131zda sorumluluk da var bu yetki \u00e7er\u00e7evesinde milletin emanetini ald\u0131ysan\u0131z en iyiyi bulup \u00e7\u0131kar\u0131p, ortaya koymak durumundas\u0131n\u0131z. Dolay\u0131s\u0131yla bizi buraya, bu g\u00f6reve getirenler, elbette bizim ba\u015far\u0131m\u0131za ortaklar, ancak varsa ba\u015far\u0131s\u0131zl\u0131\u011f\u0131m\u0131z ona da ortaklar.<\/p>\n<p style=\"text-align: justify;\">Ayn\u0131 \u015fekilde ben de bu bankan\u0131n i\u00e7erisinde yetki sahibi olarak bir tak\u0131m icraatlarda bulundum, atamalar vesaire yapt\u0131m. Dolay\u0131s\u0131yla bankan\u0131n ba\u015far\u0131s\u0131nda ben de pay sahibiyim, ama ba\u015far\u0131s\u0131zl\u0131\u011f\u0131, g\u00fcnah\u0131 varsa o g\u00fcnaha ben de orta\u011f\u0131m.<\/p>\n<p style=\"text-align: justify;\">Bu te\u015fekk\u00fcr de dikkate al\u0131nmas\u0131 gereken bir husus var o da \u015fu; iyi insan olmak, yap\u0131lanlar\u0131n k\u0131ymetini bilmek fakat bunu a\u015f\u0131r\u0131ya g\u00f6t\u00fcr\u00fcrseniz, yaranma duygusuna do\u011fru kapt\u0131r\u0131rsan\u0131z, i\u015fi do\u011fru yapmazs\u0131n\u0131z, yanl\u0131\u015f yapars\u0131n\u0131z, ayn\u0131 zamanda kendinize zarar verdi\u011finiz gibi, sizi buraya getirenlere de zarar verirsiniz.<\/p>\n<p style=\"text-align: justify;\">Te\u015fekk\u00fcr edelim ama hi\u00e7bir zaman yaranma duygusuyla da hareket etmeyelim. Her ne kadar bizi buraya bir irade getirdiyse de bizim g\u00f6rev alan\u0131m\u0131z\u0131, hareket alan\u0131m\u0131z\u0131 belirleyen yasal \u00e7er\u00e7evedir. Bu yasal \u00e7er\u00e7evenin i\u00e7erisinde hareket ettik, hareket etmek zorunday\u0131z. Ama bir yerde insani bir duygu olarak ben benim bu g\u00f6reve gelmeme vesile olanlara te\u015fekk\u00fcr ediyorum. Bunun da b\u00f6yle olmas\u0131n\u0131 diliyorum bundan sonraki d\u00f6nemlerde ama dedi\u011fim gibi yaranma duygusu \u00e7ok k\u00f6t\u00fc bir \u015feydir size yanl\u0131\u015f yapt\u0131r\u0131r. Biz \u00f6nce yasalara sonra da elimizdeki verilere ba\u011fl\u0131 olarak i\u015flerimizi yapmaya \u00e7al\u0131\u015ft\u0131k.&#8221;<\/p>\n<p style=\"text-align: justify;\"><strong>&#8221;O BLACKBERRY&#8217;E BAKMAYA DEVAM ETMEY\u0130 ARZU ED\u0130YORUM &#8221;<\/strong><\/p>\n<p style=\"text-align: justify;\">Banka \u00e7al\u0131\u015fanlar\u0131na da te\u015fekk\u00fcr eden Y\u0131lmaz, \u00e7ok \u00f6zverili bir \u00e7al\u0131\u015fma ortaya koyduklar\u0131n\u0131 s\u00f6yledi.<\/p>\n<p style=\"text-align: justify;\">Gazetecilerin g\u00f6revden ayr\u0131ld\u0131ktan sonra ne yapaca\u011f\u0131n\u0131 sorduklar\u0131nda, sabah uyand\u0131\u011f\u0131nda &#8221;gece d\u0131\u015f d\u00fcnyada ne oldu\u011funa bakmayaca\u011f\u0131n\u0131&#8221; s\u00f6yledi\u011fini an\u0131msatan Y\u0131lmaz, &#8221;Bu c\u00fcmle biraz haddini a\u015fan bir c\u00fcmle oldu\u011funu d\u00fc\u015f\u00fcn\u00fcyorum. \u015eu anda geldi\u011fim nokta itibariyle \u00f6m\u00fcr boyunca iki g\u00f6ren g\u00f6z\u00fc olan ancak bir anda g\u00f6zleri g\u00f6rmez olmu\u015f bir insana d\u00f6nm\u00fc\u015f gibi hissediyorum kendimi. \u00c7\u00fcnk\u00fc elinizin alt\u0131nda bir ordu var bu ordu istedi\u011finiz her t\u00fcrl\u00fc bilgiyi en ince detay\u0131na kadar hemen an\u0131nda buluyor getiriyor ve \u00f6n\u00fcn\u00fcz\u00fc a\u00e7\u0131yor. \u015eimdi bundan mahrum olaca\u011f\u0131z. Dolay\u0131s\u0131yla Blackberry&#8217;e herhalde bakmak \u00f6nemli olacak, o Blackberry&#8217;e bakmaya devam etmeyi arzu ediyorum onu s\u00f6yleyeyim&#8221; \u015feklinde konu\u015ftu.&#8217;<\/p>\n<p style=\"text-align: justify;\">Y\u00f6netim komitesi, banka meclisi, denetleme kurulunda birlikte \u00e7al\u0131\u015ft\u0131\u011f\u0131 yak\u0131n \u00e7al\u0131\u015fma arkada\u015flar\u0131na da te\u015fekk\u00fcr eden Y\u0131lmaz, farkl\u0131 g\u00f6r\u00fc\u015flerin oldu\u011funu ancak her zaman uyum i\u00e7inde \u00e7al\u0131\u015ft\u0131klar\u0131n\u0131 dile getirdi.<\/p>\n<p style=\"text-align: justify;\">&#8221;Bundan sonraki Merkez Bankas\u0131 y\u00f6netiminin de Merkez Bankas\u0131n\u0131 kurumsal kimli\u011fini g\u00fc\u00e7lendirecek \u015fekilde \u00e7al\u0131\u015fmalar\u0131n\u0131 s\u00fcrd\u00fcrece\u011fini d\u00fc\u015f\u00fcn\u00fcyorum&#8221; diyen Y\u0131lmaz, yeni ba\u015fkan\u0131n da kendi farkl\u0131l\u0131klar\u0131n\u0131 ortaya koyarak, kuruma damgas\u0131n\u0131 vuraca\u011f\u0131na inand\u0131\u011f\u0131n\u0131 s\u00f6yledi, \u00e7al\u0131\u015fmalar\u0131nda ba\u015far\u0131lar diledi.<\/p>\n<p style=\"text-align: justify;\"><strong>&#8221;SAYIN YILMAZ&#8217;DAN \u00dc\u00c7 \u015eEY \u00d6\u011eREND\u0130M&#8221;<\/strong><\/p>\n<p style=\"text-align: justify;\">Merkez Bankas\u0131&#8217;n\u0131n yeni Ba\u015fkan\u0131 Erdem Ba\u015f\u00e7\u0131 g\u00f6revi devrald\u0131\u011f\u0131 Durmu\u015f Y\u0131lmaz&#8217;dan \u00fc\u00e7 \u015fey \u00f6\u011frendi\u011fini, bunlar\u0131n &#8221;tevazu&#8221;, &#8221;ortak akla verilen \u00f6nem&#8221; ve &#8221;kararl\u0131l\u0131k&#8221; oldu\u011funu s\u00f6yledi.<\/p>\n<p style=\"text-align: justify;\">Ba\u015f\u00e7\u0131, Merkez Bankas\u0131 \u0130dare Merkezi&#8217;ndeki devir teslim t\u00f6reninde yapt\u0131\u011f\u0131 konu\u015fmada, Y\u0131lmaz&#8217;\u0131n dil s\u00fcr\u00e7mesine at\u0131fta bulundu ve &#8221;Ho\u015f bir dil s\u00fcr\u00e7mesi oldu. Sizin i\u00e7in Merkez Bankas\u0131 Ba\u015fkan\u0131 nas\u0131l S\u00fcreyya Serdenge\u00e7ti ise benim i\u00e7in de Merkez Bankas\u0131 Ba\u015fkan\u0131 Durmu\u015f Y\u0131lmazd\u0131r&#8221; dedi.<\/p>\n<p style=\"text-align: justify;\">Merkez Bankas\u0131n\u0131n kamuoyuna bug\u00fcn a\u00e7\u0131klanan ve 2011-2015 d\u00f6nemini kapsayan Stratejik Plan\u0131&#8217;n\u0131ndan Durmu\u015f Y\u0131lmaz imzal\u0131 metni ve bankan\u0131n vizyonu ile misyonu b\u00f6l\u00fcmlerini okuyan Ba\u015f\u00e7\u0131, &#8221;Say\u0131n Ba\u015fkan\u0131m plan\u0131n\u0131z plan\u0131m\u0131zd\u0131r, vizyonunuz vizyonumuzdur, misyonunuz misyonumuzdur&#8221; dedi.<\/p>\n<p style=\"text-align: justify;\">Durmu\u015f Y\u0131lmaz ile mesai arkada\u015fl\u0131klar\u0131n\u0131n 2003 y\u0131l\u0131nda ba\u015flad\u0131\u011f\u0131n\u0131 belirten Ba\u015f\u00e7\u0131, bu s\u00fcre\u00e7te Y\u0131lmaz&#8217;dan \u00fc\u00e7 \u015fey \u00f6\u011frendi\u011fini s\u00f6yledi. Bunlardan ilkinin &#8221;tevazu&#8221; oldu\u011funu dile getiren Ba\u015f\u00e7\u0131, &#8221;Merkez Bankas\u0131 Ba\u015fkanlar\u0131 m\u00fctevaz\u0131 olabiliyormu\u015f bunu \u00f6\u011frendim&#8221; dedi.<\/p>\n<p style=\"text-align: justify;\">Y\u0131lmaz&#8217;dan \u00f6\u011frendi\u011fi ikinci \u015feyin &#8221;ortak ak\u0131la verilen \u00f6nem&#8221; oldu\u011funu ifade eden Ba\u015f\u00e7\u0131, &#8221;Merkez Bankas\u0131 ba\u015fkanlar\u0131n\u0131n mutlaka ortak akla \u00f6nem vermesi gerekiyormu\u015f bunu \u00f6\u011frendim&#8221; diye konu\u015ftu.<\/p>\n<p style=\"text-align: justify;\">Durmu\u015f Y\u0131lmaz&#8217;dan \u00fc\u00e7\u00fcnc\u00fc olarak da &#8221;kararl\u0131l\u0131\u011f\u0131&#8221; \u00f6\u011frendi\u011fini dile getiren Ba\u015f\u00e7\u0131, &#8221;Merkez Bankas\u0131 ba\u015fkanlar\u0131n\u0131n son derece kararl\u0131 olmas\u0131 gerekti\u011fini ve bir insanda bu \u00fc\u00e7 \u00f6zelli\u011fin ayn\u0131 anda bulunabilece\u011fini \u00f6\u011frenmi\u015f oldum&#8221; dedi.<\/p>\n<p style=\"text-align: justify;\">Ba\u015f\u00e7\u0131, kendisinden \u00f6\u011frendi\u011fi bu \u00fc\u00e7 \u015feyden dolay\u0131 Y\u0131lmaz&#8217;a hem Merkez Bankal\u0131lar hem de \u00fclke ad\u0131na te\u015fekk\u00fcr etti ve bundan sonraki hayat\u0131nda mutluluk diledi.<\/p>\n<p style=\"text-align: justify;\"><a href=\"http:\/\/www.gazeteport.com.tr\/EKONOMI\/NEWS\/GP_889775\" target=\"_blank\">Kaynak : GAZETEPORT<\/a><\/p>\n","protected":false},"excerpt":{"rendered":"<p style=\"text-align: justify;\">\n<p style=\"text-align: justify;\">2006 y\u0131l\u0131ndan bu yana Merkez Bankas\u0131 ba\u015fkan\u0131 olarak g\u00f6revini s\u00fcrd\u00fcren Durmu\u015f Y\u0131lmaz bug\u00fcn d\u00fczenlenen bir t\u00f6renle g\u00f6revini yeni ba\u015fkan Erdem Ba\u015f\u00e7\u0131&#8217;ya devretti.<\/p>\n<p style=\"text-align: justify;\">Y\u0131lmaz, Merkez Bankas\u0131 \u0130dare Merkezindeki devir teslim t\u00f6reninde yapt\u0131\u011f\u0131 konu\u015fmada, Banka&#8217;n\u0131n kurumsal kimli\u011fi ve ba\u011f\u0131ms\u0131zl\u0131\u011f\u0131na vurgu yapt\u0131. <\/p>\n","protected":false},"author":1,"featured_media":0,"comment_status":"open","ping_status":"closed","sticky":false,"template":"","format":"standard","meta":{"footnotes":""},"categories":[7],"tags":[],"class_list":["post-30739","post","type-post","status-publish","format-standard","hentry","category-ekonomi","odd"],"_links":{"self":[{"href":"http:\/\/www.korhanyilmaz.com\/index.php?rest_route=\/wp\/v2\/posts\/30739","targetHints":{"allow":["GET"]}}],"collection":[{"href":"http:\/\/www.korhanyilmaz.com\/index.php?rest_route=\/wp\/v2\/posts"}],"about":[{"href":"http:\/\/www.korhanyilmaz.com\/index.php?rest_route=\/wp\/v2\/types\/post"}],"author":[{"embeddable":true,"href":"http:\/\/www.korhanyilmaz.com\/index.php?rest_route=\/wp\/v2\/users\/1"}],"replies":[{"embeddable":true,"href":"http:\/\/www.korhanyilmaz.com\/index.php?rest_route=%2Fwp%2Fv2%2Fcomments&post=30739"}],"version-history":[{"count":0,"href":"http:\/\/www.korhanyilmaz.com\/index.php?rest_route=\/wp\/v2\/posts\/30739\/revisions"}],"wp:attachment":[{"href":"http:\/\/www.korhanyilmaz.com\/index.php?rest_route=%2Fwp%2Fv2%2Fmedia&parent=30739"}],"wp:term":[{"taxonomy":"category","embeddable":true,"href":"http:\/\/www.korhanyilmaz.com\/index.php?rest_route=%2Fwp%2Fv2%2Fcategories&post=30739"},{"taxonomy":"post_tag","embeddable":true,"href":"http:\/\/www.korhanyilmaz.com\/index.php?rest_route=%2Fwp%2Fv2%2Ftags&post=30739"}],"curies":[{"name":"wp","href":"https:\/\/api.w.org\/{rel}","templated":true}]}}