{"id":30732,"date":"2011-04-19T13:51:38","date_gmt":"2011-04-19T10:51:38","guid":{"rendered":"http:\/\/www.korhanyilmaz.com\/?p=30732"},"modified":"2011-04-19T13:51:38","modified_gmt":"2011-04-19T10:51:38","slug":"hakimlerin-balyoz-atismasi","status":"publish","type":"post","link":"http:\/\/www.korhanyilmaz.com\/?p=30732","title":{"rendered":"Hakimlerin &#8216;Balyoz&#8217; at\u0131\u015fmas\u0131"},"content":{"rendered":"<p style=\"text-align: justify;\"><a href=\"http:\/\/www.korhanyilmaz.com\/wp-content\/uploads\/2011\/04\/161.jpg\"  class=\"lightview\"><img loading=\"lazy\" decoding=\"async\" class=\"aligncenter size-full wp-image-30736\" src=\"http:\/\/www.korhanyilmaz.com\/wp-content\/uploads\/2011\/04\/161.jpg\" alt=\"\" width=\"336\" height=\"223\" \/><\/a><\/p>\n<p style=\"text-align: justify;\">Balyoz davas\u0131 kapsam\u0131nda tutuklu olan san\u0131klar\u0131n &#8216;tahliye taleplerinin reddi&#8217; karar\u0131na yap\u0131lan itiraz da \u00fcst mahkemece oy \u00e7oklu\u011fu ile reddedildi. \u00dcye hakimler Mahkeme Ba\u015fkan\u0131&#8217;n\u0131n &#8216;\u0130hsas-\u0131 Rey&#8217;le su\u00e7lad\u0131.<!--more--><\/p>\n<p style=\"text-align: justify;\">\u0130STANBUL &#8211; \u0130stanbul 11. A\u011f\u0131r Ceza Mahkemesi, Balyoz Plan\u0131 davas\u0131 kapsam\u0131nda \u0130stanbul 10. A\u011f\u0131r Ceza Mahkemesi\u2019nin 11 Mart ve 25 Mart tarihlerinde verdi\u011fi &#8220;tahliye taleplerinin reddi&#8221; karar\u0131na yap\u0131lan itirazlar\u0131, Murat Ata\u00e7\u2019\u0131n 7 Nisan\u2019da tutuklanmas\u0131na yap\u0131lan itiraz\u0131 ve halen GATA\u2019da tedavi olan Ergin Saygun hakk\u0131nda \u00e7\u0131kar\u0131lan yakalama karar\u0131n\u0131n kald\u0131r\u0131lmas\u0131 talebini de\u011ferlendirdi.<\/p>\n<p style=\"text-align: justify;\">\u0130stanbul 11. A\u011f\u0131r Ceza Mahkemesi Ba\u015fkan\u0131 \u015eeref Ak\u00e7ay ve \u00fcye hakimler Metin \u00d6z\u00e7elik ve Birol Bilen\u2019in yer ald\u0131\u011f\u0131 heyet, aralar\u0131nda emekli Orgeneral \u00c7etin Do\u011fan, eski Deniz Kuvvetleri Komutan\u0131 emekli Oramiral \u00d6zden \u00d6rnek, eski Hava Kuvvetleri Komutan\u0131 \u0130brahim F\u0131rt\u0131na, emekli Orgeneral \u015e\u00fckr\u00fc Sar\u0131\u0131\u015f\u0131k ile Koramiral Kadir Sa\u011fd\u0131\u00e7\u2019\u0131n da oldu\u011fu san\u0131klar\u0131n tahliye taleplerini oy \u00e7oklu\u011fu ile reddetti.<\/p>\n<p style=\"text-align: justify;\">Ret oyu veren \u00fcye hakimler <strong>Metin \u00d6z\u00e7elik<\/strong> ve <strong>Birol Bilen<\/strong> karar \u00fczerinde mahkeme ba\u015fkan\u0131 <strong>\u015eeref Ak\u00e7ay<\/strong>\u2019a cevap verdi. Heyetin ba\u015fkan\u0131 ve ondan farkl\u0131 oy kullanan \u00fcye hakimler kararlar\u0131n\u0131n gerek\u00e7elerini \u015f\u00f6yle a\u00e7\u0131klad\u0131:<\/p>\n<p style=\"text-align: justify;\"><strong>Mahkeme Ba\u015fkan\u0131:<\/strong> San\u0131klar\u0131n eylemleri devam ettirdi\u011fine dair herhangi bir delil yoktur<\/p>\n<p style=\"text-align: justify;\"><strong>\u00dcye Hakimler:<\/strong> Tutukluluk ko\u015fulu y\u00f6n\u00fcnden aranmas\u0131 gereken ana ilke &#8220;kuvvetli \u015f\u00fcphe&#8221;dir. San\u0131klar y\u00f6n\u00fcnden 5-7 Mart 2003 tarihinden sonra at\u0131l\u0131 su\u00e7a dair faaliyette bulunduklar\u0131na y\u00f6nelik delil elde edilmemi\u015f olmas\u0131\u2019 gibi arg\u00fcmanla tutukluluk incelemesi yap\u0131lamaz. B\u00f6ylesi bir y\u00f6ntem benimsenmesi, bu g\u00f6r\u00fc\u015f\u00fc savunan hakim bak\u0131m\u0131ndan ihsas-\u0131 rey olu\u015fturur, yani tutukluluk incelemesine konu kamu davas\u0131n\u0131n esas\u0131 hakk\u0131nda g\u00f6r\u00fc\u015f\u00fcn\u00fcn a\u00e7\u0131k\u00e7a beyan edilmesi \u00f6zelli\u011fi ta\u015f\u0131r.<\/p>\n<p style=\"text-align: justify;\"><strong>Mahkeme Ba\u015fkan\u0131:<\/strong> Bu davada delillerin hepsi topland\u0131. Hangi deliller toplanacakt\u0131r ki daha&#8230;<\/p>\n<p style=\"text-align: justify;\"><strong>\u00dcye hakimler:<\/strong> G\u00f6lc\u00fck Donanma Komutanl\u0131\u011f\u0131\u2019ndaki belgeler Aral\u0131k 2010\u2019da elde edildi. \u0130lk soru\u015fturma 22 \u015eubat 2010\u2019da yap\u0131ld\u0131. Deliller tamamen toplanmad\u0131. Kald\u0131 ki hen\u00fcz devam eden kamu davas\u0131nda tan\u0131klar da dinlenmi\u015f de\u011fildir.<\/p>\n<p style=\"text-align: justify;\"><strong>Mahkeme Ba\u015fkan\u0131:<\/strong> Siz her bir san\u0131\u011f\u0131n \u00f6zel durumunu dikkate almadan ve hangi adli kontrol h\u00fckm\u00fcn\u00fcn hangi nedenle yetersiz kalaca\u011f\u0131n\u0131 belirtmeden adli kontrol sisteminin yetersiz kalaca\u011f\u0131n\u0131 s\u00f6ylerseniz bunu insan vicdan\u0131 kabul etmez.<\/p>\n<p style=\"text-align: justify;\"><strong>\u00dcye hakimler:<\/strong> Ba\u015fkan \u015eeref Ak\u00e7ay\u2019\u0131n bu gerek\u00e7elerinin hakl\u0131 olup olmad\u0131\u011f\u0131n\u0131n tespiti i\u00e7in mutlaka mahkemenin benzeri durumlarda ve \u00f6zellikle mahkemenin n\u00f6bet\u00e7i hakimli\u011finin 14-20 Mart 2011\u2019de verdi\u011fi di\u011fer tutuklama kararlar\u0131na yap\u0131lan itirazlarda nas\u0131l bir inceleme y\u00f6ntemi izledi\u011fi de hangi kapsamda gerek adli kontrol gerekse tutuklama ko\u015fullar\u0131 bak\u0131m\u0131ndan gerek\u00e7e olu\u015fturdu\u011funa bakmak gerekmektedir. \u0130stanbul 10. A\u011f\u0131r Ceza Mahkemesi\u2019nin heyet olarak verdi\u011fi tutukluluk hallerinin devam\u0131na ili\u015fkin kararlara yap\u0131lan itirazlar Ba\u015fkan \u015eeref Ak\u00e7ay\u2019\u0131n da bulundu\u011fu heyet taraf\u0131ndan de\u011ferlendirildi ve oy birli\u011fi ile reddedildi. Tutuklulu\u011fun devam\u0131na y\u00f6nelik karara yap\u0131lan itiraz incelemesi, tutuklama karar\u0131na yap\u0131lan itiraz incelenmesine ili\u015fkin tutuklama ko\u015fullar\u0131 bak\u0131m\u0131ndan ayr\u0131 ayr\u0131 de\u011ferlendirme yap\u0131lmad\u0131\u011f\u0131 gibi adli kontrol h\u00fck\u00fcmlerinin hangi san\u0131klar ve \u015f\u00fcpheliler y\u00f6n\u00fcnden yetersiz kalaca\u011f\u0131 ile ilgili ayr\u0131 ayr\u0131 gerek\u00e7e olu\u015fturmam\u0131\u015ft\u0131r.<\/p>\n<p style=\"text-align: justify;\"><strong>\u0130HSAS-I REY OLU\u015eTURMA \u0130HT\u0130MAL\u0130 TARTI\u015eMASI<\/strong><\/p>\n<p style=\"text-align: justify;\"><strong>\u00dcye hakimler:<\/strong> Ne var ki muhalefet g\u00f6r\u00fc\u015f\u00fcn\u00fc savunan Ba\u015fkan \u015eeref Ak\u00e7ay taraf\u0131ndan mahkememizin n\u00f6bet\u00e7i hakimli\u011fince verilen tutuklukla ilgili kararlar\u0131na itirazlarla ilgili \u00f6teden beri benimsenen uygulama s\u00fcrd\u00fcr\u00fcl\u00fcrken \u00f6zellikle \u015f\u00fcpheli Hanefi Avc\u0131 hakk\u0131nda ve Balyoz dava dosyalar\u0131nda ihsas-\u0131 rey olu\u015fturma ihtimali ta\u015f\u0131yabilecek \u015fekilde muhalefet gerek\u00e7eleri yaz\u0131lmas\u0131 hukuken anla\u015f\u0131lamam\u0131\u015ft\u0131r. Ba\u015fkan \u015eeref Ak\u00e7ay\u2019\u0131n ihsas-\u0131 rey olu\u015fturma ihtimali ta\u015f\u0131yabilecek \u015fekilde gerek\u00e7e yazmak i\u00e7in tercih etti\u011fi bu uygulamadan 14-20 Mart 2011 tarihleri aras\u0131nda n\u00f6bet\u00e7i hakimli\u011fimizce hakk\u0131nda tutuklama karar\u0131 verilen ve tutukluluklar\u0131n\u0131n devam\u0131na karar verilen kararlara ili\u015fkin itiraz eden \u015f\u00fcpheli ve san\u0131klar\u0131n da faydaland\u0131r\u0131lmas\u0131 \u2018hukukun herkese laz\u0131m oldu\u011fu\u2019 temel d\u00fcsturundan hareketle bir zorunluluk ta\u015f\u0131d\u0131\u011f\u0131 a\u00e7\u0131kt\u0131r.<\/p>\n<p style=\"text-align: justify;\"><strong>ORDUNUN \u00dcST D\u00dcZEY G\u00d6REVL\u0130LER\u0130 TARTI\u015eMASI<\/strong><\/p>\n<p style=\"text-align: justify;\"><strong>Mahkeme Ba\u015fkan\u0131:<\/strong> San\u0131klardan bir k\u0131sm\u0131 halen ordunun \u00fcst d\u00fczeyinde g\u00f6rev yapan ki\u015filerdir.<\/p>\n<p style=\"text-align: justify;\"><strong>\u00dcye hakimler:<\/strong> T\u00fcrkiye Cumhuriyeti\u2019nde Anayasa ve kanunlar d\u00fczenlenirken objektif, genel, ki\u015fiye \u00f6zg\u00fc olmayan, herkes i\u00e7in e\u015fit mesafede d\u00fczenlemeler i\u00e7ermesi gibi evrensel ilkelerin esas al\u0131nd\u0131\u011f\u0131, y\u00fcr\u00fcrl\u00fckteki mevzuat\u0131 uygulamakla y\u00fck\u00fcml\u00fc mahkemelerin de bu ilkelere g\u00f6re kabul edilip y\u00fcr\u00fcrl\u00fc\u011fe konan yasalar\u0131 uygulad\u0131klar\u0131 bilinmektedir.<\/p>\n<p style=\"text-align: justify;\"><a href=\"http:\/\/www.radikal.com.tr\/Radikal.aspx?aType=RadikalDetayV3&amp;ArticleID=1046689&amp;Date=19.04.2011&amp;CategoryID=77\" target=\"_blank\">Kaynak : Radikal<\/a><\/p>\n","protected":false},"excerpt":{"rendered":"<p style=\"text-align: justify;\">\n<p style=\"text-align: justify;\">Balyoz davas\u0131 kapsam\u0131nda tutuklu olan san\u0131klar\u0131n &#8216;tahliye taleplerinin reddi&#8217; karar\u0131na yap\u0131lan itiraz da \u00fcst mahkemece oy \u00e7oklu\u011fu ile reddedildi. \u00dcye hakimler Mahkeme Ba\u015fkan\u0131&#8217;n\u0131n &#8216;\u0130hsas-\u0131 Rey&#8217;le su\u00e7lad\u0131.<\/p>\n","protected":false},"author":1,"featured_media":0,"comment_status":"open","ping_status":"closed","sticky":false,"template":"","format":"standard","meta":{"footnotes":""},"categories":[105],"tags":[],"class_list":["post-30732","post","type-post","status-publish","format-standard","hentry","category-gundem","odd"],"_links":{"self":[{"href":"http:\/\/www.korhanyilmaz.com\/index.php?rest_route=\/wp\/v2\/posts\/30732","targetHints":{"allow":["GET"]}}],"collection":[{"href":"http:\/\/www.korhanyilmaz.com\/index.php?rest_route=\/wp\/v2\/posts"}],"about":[{"href":"http:\/\/www.korhanyilmaz.com\/index.php?rest_route=\/wp\/v2\/types\/post"}],"author":[{"embeddable":true,"href":"http:\/\/www.korhanyilmaz.com\/index.php?rest_route=\/wp\/v2\/users\/1"}],"replies":[{"embeddable":true,"href":"http:\/\/www.korhanyilmaz.com\/index.php?rest_route=%2Fwp%2Fv2%2Fcomments&post=30732"}],"version-history":[{"count":0,"href":"http:\/\/www.korhanyilmaz.com\/index.php?rest_route=\/wp\/v2\/posts\/30732\/revisions"}],"wp:attachment":[{"href":"http:\/\/www.korhanyilmaz.com\/index.php?rest_route=%2Fwp%2Fv2%2Fmedia&parent=30732"}],"wp:term":[{"taxonomy":"category","embeddable":true,"href":"http:\/\/www.korhanyilmaz.com\/index.php?rest_route=%2Fwp%2Fv2%2Fcategories&post=30732"},{"taxonomy":"post_tag","embeddable":true,"href":"http:\/\/www.korhanyilmaz.com\/index.php?rest_route=%2Fwp%2Fv2%2Ftags&post=30732"}],"curies":[{"name":"wp","href":"https:\/\/api.w.org\/{rel}","templated":true}]}}