{"id":3073,"date":"2009-01-24T09:10:49","date_gmt":"2009-01-24T07:10:49","guid":{"rendered":"http:\/\/www.korhanyilmaz.com\/?p=3073"},"modified":"2009-01-24T09:10:49","modified_gmt":"2009-01-24T07:10:49","slug":"olgac-pisman-oldu-hepsi-senaryoydu","status":"publish","type":"post","link":"http:\/\/www.korhanyilmaz.com\/?p=3073","title":{"rendered":"Olga\u00e7 pi\u015fman oldu: &#039;Hepsi senaryoydu&#039;"},"content":{"rendered":"<p style=\"text-align: center;\"><img loading=\"lazy\" decoding=\"async\" class=\"size-full wp-image-3076 aligncenter\" title=\"Rol ald\u0131\u011f\u0131 dizi film &quot;Kurtlar Vadisi&quot;ndeki &quot;K\u0131l\u0131\u00e7&quot; rol\u00fcyle tan\u0131nan tiyatro sanat\u00e7\u0131s\u0131 Atilla Olga\u00e7\" src=\"http:\/\/www.korhanyilmaz.com\/wp-content\/uploads\/2009\/01\/atillaolgac1.jpg\" alt=\"Rol ald\u0131\u011f\u0131 dizi film &quot;Kurtlar Vadisi&quot;ndeki &quot;K\u0131l\u0131\u00e7&quot; rol\u00fcyle tan\u0131nan tiyatro sanat\u00e7\u0131s\u0131 Atilla Olga\u00e7\" width=\"320\" height=\"240\" \/><\/p>\n<p style=\"text-align: justify;\">K\u0131br\u0131s Harek\u00e2t\u0131&#8217;nda esir bir Yunan askerini \u00f6ld\u00fcrd\u00fc\u011f\u00fcn\u00fc s\u00f6yleyen Atilla Olga\u00e7&#8217;\u0131 Yunan bas\u0131n\u0131 man\u015fetten verdi. Olga\u00e7 &#8220;B\u00fct\u00fcn anlatt\u0131klar\u0131m senaryoydu&#8221; dedi..<br \/>\nRol ald\u0131\u011f\u0131 dizi film &#8220;Kurtlar Vadisi&#8221;ndeki &#8220;K\u0131l\u0131\u00e7&#8221; rol\u00fcyle tan\u0131nan tiyatro sanat\u00e7\u0131s\u0131 Atilla Olga\u00e7&#8217;\u0131n \u00f6nceki g\u00fcn &#8220;Orada Neler Oluyor&#8221; adl\u0131 TV program\u0131nda s\u00f6yledikleri sadece T\u00fcrkiye&#8217;yi de\u011fil, Yunanistan&#8217;\u0131 da kar\u0131\u015ft\u0131rd\u0131. Programda, K\u0131br\u0131s Bar\u0131\u015f Harek\u00e2t\u0131 s\u0131ras\u0131nda askerli\u011fini yaparken 10 Rum askeri \u00f6ld\u00fcrd\u00fc\u011f\u00fcn\u00fc itiraf eden Olga\u00e7, kurbanlar\u0131ndan birinin bir esir oldu\u011funu s\u00f6ylemi\u015fti. Olga\u00e7, &#8220;\u0130lk \u00f6ld\u00fcrd\u00fc\u011f\u00fcm \u00e7ocuk 19 ya\u015f\u0131nda, esir d\u00fc\u015fm\u00fc\u015f bir askerdi. Silah\u0131 y\u00fcz\u00fcne do\u011frulttu\u011fumda y\u00fcz\u00fcme t\u00fck\u00fcrd\u00fc. Aln\u0131ndan vurdum, \u00f6ld\u00fc&#8221; demi\u015fti.<!--more--><\/p>\n<p style=\"text-align: justify;\">HABER RUM BASININDA<br \/>\nRum bas\u0131n\u0131, Olga\u00e7&#8217;\u0131n itiraflar\u0131n\u0131 man\u015fetten verdi. &#8220;Atilla&#8217;dan 10 infaza dair itiraflar&#8221; man\u015fetiyle \u00e7\u0131kan Politis gazetesi, T\u00fcrk sanat\u00e7\u0131n\u0131n 10 Rum&#8217;u \u00f6ld\u00fcrd\u00fc\u011f\u00fcn\u00fc \u015fok ifadelerle anlatt\u0131\u011f\u0131n\u0131 yazd\u0131. Alitya gazetesi ise &#8220;10 Rum&#8217;u \u00f6ld\u00fcrd\u00fcm&#8221; ba\u015fl\u0131kl\u0131 s\u00fcrman\u015fet haberinde, &#8220;\u015eok: T\u00fcrk sanat\u00e7\u0131, 1974&#8217;te Rum esirleri nas\u0131l \u00f6ld\u00fcrd\u00fc\u011f\u00fcn\u00fc itiraf etti&#8221; ifadelerine yer verdi. Gazete, Olga\u00e7&#8217;\u0131n programda anlatt\u0131klar\u0131n\u0131 sayfalar\u0131na ta\u015f\u0131d\u0131. Olga\u00e7&#8217;\u0131n itiraflar\u0131n\u0131 ilk sayfadan duyuran Filelevteros gazetesi ise, Rum kay\u0131p ailelerinin talep ve iddialar\u0131na yer verdi.<\/p>\n<p style=\"text-align: justify;\">HUKUK\u00c7ULAR \u015eA\u015eKIN<br \/>\nPeki esir bir askeri &#8220;surat\u0131ma t\u00fck\u00fcrd\u00fc&#8221; diyerek \u00f6ld\u00fcrmenin hukukta kar\u015f\u0131l\u0131\u011f\u0131 ne? Olga\u00e7&#8217;\u0131n itiraflar\u0131n\u0131 de\u011ferlendiren hukuk\u00e7ular, itiraflar\u0131n ispatlanmas\u0131 halinde i\u00e7 ve d\u0131\u015f hukukta sorun yarataca\u011f\u0131n\u0131 s\u00f6yledi. Hukuk\u00e7ulara g\u00f6re; \u00f6ld\u00fcrmenin keyfi oldu\u011funun ispatlanmas\u0131 halinde Yunanlar\u0131n kay\u0131p ki\u015filerle ilgili uluslararas\u0131 mahkemelerde bulunan \u00e7ok say\u0131da dava dosyas\u0131 yeni bir anlam kazanacak. \u0130tiraf, T\u00fcrkiye&#8217;ye K\u0131br\u0131s davas\u0131nda ciddi zarar verebilecek.<\/p>\n<p style=\"text-align: justify;\">ERTES\u0130 G\u00dcN \u00c7ARK ETT\u0130<br \/>\n\u00d6te yandan Olga\u00e7, d\u00fcn yapt\u0131\u011f\u0131 yaz\u0131l\u0131 a\u00e7\u0131klamada &#8220;S\u00f6ylediklerim senaryoydu&#8221; dedi. Olga\u00e7 &#8220;Programda s\u00f6ylemi\u015f oldu\u011fum &#8216;Bir esir ve 10 ki\u015fiyi \u00f6ld\u00fcrd\u00fcm&#8217; c\u00fcmlesi tamamen sava\u015f\u0131n k\u00f6t\u00fc ortam\u0131n\u0131, ac\u0131mas\u0131zl\u0131\u011f\u0131n\u0131, vah\u015fetini insanlar\u0131 \u015foke ederek anlatmak ad\u0131na taraf\u0131mdan yaz\u0131lm\u0131\u015f bir senaryodur. B\u00fct\u00fcn bunlar\u0131n bir senaryo oldu\u011funu a\u00e7\u0131klamak isterken reklam d\u00f6n\u00fc\u015f\u00fc program bitmi\u015ftir. Ger\u00e7ekle bir ilgisi yoktur&#8221; ifadelerini kulland\u0131.\n<\/p>\n<p style=\"text-align: justify;\">HUKUK\u00c7ULARIN DE\u011eERLEND\u0130RMELER\u0130<\/p>\n<p style=\"text-align: justify;\">Prof. Dr. Ferit Hakan Baykal &#8216;Lahey&#8217;e teslim edilir&#8217;<br \/>\n&#8220;1949 Cenevre S\u00f6zle\u015fmesi&#8217;ne g\u00f6re sava\u015f esirlerinin korunmas\u0131na ili\u015fkin i\u015fkence yasaklar\u0131n\u0131n ihlal edilmesi, uluslararas\u0131 sava\u015f su\u00e7udur. Sava\u015f su\u00e7lar\u0131nda zaman a\u015f\u0131m\u0131 olmaz. Uygulamay\u0131 yapan kadar emir veren de sorumludur. Yurtd\u0131\u015f\u0131na \u00e7\u0131kt\u0131\u011f\u0131nda yakalan\u0131p Lahey Uluslararas\u0131 Ceza Mahkemesi&#8217;ne teslim edilebilir. K\u0131br\u0131s&#8217;ta halen kay\u0131p kabul edilen bin 800 ki\u015fi var. Bu a\u00e7\u0131klamadan sonra diyecekler ki; kay\u0131p ki\u015filer \u00f6ld\u00fcr\u00fcld\u00fc.&#8221;<\/p>\n<p style=\"text-align: justify;\">Prof. Dr. Bahri \u00d6zt\u00fcrk &#8216;Savc\u0131lar harekete&#8230;&#8217;<br \/>\n&#8220;Esir bir askeri \u00f6ld\u00fcrmek ciddi bir su\u00e7lama. Savc\u0131lar\u0131n harekete ge\u00e7mesi laz\u0131m. Ger\u00e7ekten esir al\u0131nm\u0131\u015f birini keyfi olarak vurmu\u015fsa, aradan 100 y\u0131l da ge\u00e7se bu i\u015f soru\u015fturulur. Ulusal ve uluslararas\u0131 hukuki d\u00fczenlemeler var. Yaln\u0131z, ciddi deliller olmas\u0131 laz\u0131m.&#8221;<\/p>\n<p style=\"text-align: justify;\">Do\u00e7. Dr. Funda Keskin &#8216;A\u0130HM&#8217;ye gidebilir&#8217;<br \/>\n&#8220;Bu eylem, Cenevre S\u00f6zle\u015fmesi h\u00fck\u00fcmlerine g\u00f6re su\u00e7tur. Yarg\u0131lama yetkisi \u00f6ncelikle ki\u015fi o d\u00f6nemde asker oldu\u011fu i\u00e7in askeri mahkemenin, soru\u015fturma yetkisi de askeri savc\u0131l\u0131klar\u0131nd\u0131r. T\u00fcrkiye&#8217;de etkin bir soru\u015fturma ve yarg\u0131lama yap\u0131lmazsa Yunanistan veya K\u0131br\u0131s Rum Kesimi, T\u00fcrkiye aleyhine A\u0130HM&#8217;ye dava a\u00e7abilir.&#8221;\n<\/p>\n<p style=\"text-align: justify;\"><span style=\"color: #888888;\">Kaynak : Sabah Gazetesi<\/span><\/p>\n","protected":false},"excerpt":{"rendered":"<p style=\"text-align: center;\">\n<p style=\"text-align: justify;\">K\u0131br\u0131s Harek\u00e2t\u0131&#8217;nda esir bir Yunan askerini \u00f6ld\u00fcrd\u00fc\u011f\u00fcn\u00fc s\u00f6yleyen Atilla Olga\u00e7&#8217;\u0131 Yunan bas\u0131n\u0131 man\u015fetten verdi. Olga\u00e7 &#8220;B\u00fct\u00fcn anlatt\u0131klar\u0131m senaryoydu&#8221; dedi.. Rol ald\u0131\u011f\u0131 dizi film &#8220;Kurtlar Vadisi&#8221;ndeki &#8220;K\u0131l\u0131\u00e7&#8221; rol\u00fcyle tan\u0131nan tiyatro sanat\u00e7\u0131s\u0131 Atilla Olga\u00e7&#8217;\u0131n \u00f6nceki g\u00fcn &#8220;Orada Neler Oluyor&#8221; adl\u0131 TV program\u0131nda s\u00f6yledikleri sadece T\u00fcrkiye&#8217;yi de\u011fil, Yunanistan&#8217;\u0131 da kar\u0131\u015ft\u0131rd\u0131. Programda, K\u0131br\u0131s Bar\u0131\u015f <\/p>\n","protected":false},"author":1,"featured_media":0,"comment_status":"open","ping_status":"closed","sticky":false,"template":"","format":"standard","meta":{"footnotes":""},"categories":[7],"tags":[],"class_list":["post-3073","post","type-post","status-publish","format-standard","hentry","category-ekonomi","odd"],"_links":{"self":[{"href":"http:\/\/www.korhanyilmaz.com\/index.php?rest_route=\/wp\/v2\/posts\/3073","targetHints":{"allow":["GET"]}}],"collection":[{"href":"http:\/\/www.korhanyilmaz.com\/index.php?rest_route=\/wp\/v2\/posts"}],"about":[{"href":"http:\/\/www.korhanyilmaz.com\/index.php?rest_route=\/wp\/v2\/types\/post"}],"author":[{"embeddable":true,"href":"http:\/\/www.korhanyilmaz.com\/index.php?rest_route=\/wp\/v2\/users\/1"}],"replies":[{"embeddable":true,"href":"http:\/\/www.korhanyilmaz.com\/index.php?rest_route=%2Fwp%2Fv2%2Fcomments&post=3073"}],"version-history":[{"count":0,"href":"http:\/\/www.korhanyilmaz.com\/index.php?rest_route=\/wp\/v2\/posts\/3073\/revisions"}],"wp:attachment":[{"href":"http:\/\/www.korhanyilmaz.com\/index.php?rest_route=%2Fwp%2Fv2%2Fmedia&parent=3073"}],"wp:term":[{"taxonomy":"category","embeddable":true,"href":"http:\/\/www.korhanyilmaz.com\/index.php?rest_route=%2Fwp%2Fv2%2Fcategories&post=3073"},{"taxonomy":"post_tag","embeddable":true,"href":"http:\/\/www.korhanyilmaz.com\/index.php?rest_route=%2Fwp%2Fv2%2Ftags&post=3073"}],"curies":[{"name":"wp","href":"https:\/\/api.w.org\/{rel}","templated":true}]}}