{"id":30729,"date":"2011-04-19T11:56:41","date_gmt":"2011-04-19T08:56:41","guid":{"rendered":"http:\/\/www.korhanyilmaz.com\/?p=30729"},"modified":"2011-04-19T11:56:41","modified_gmt":"2011-04-19T08:56:41","slug":"bu-hastanede-gorev-var","status":"publish","type":"post","link":"http:\/\/www.korhanyilmaz.com\/?p=30729","title":{"rendered":"&#8216;Bu hastanede G\u00f6REV var&#8217;"},"content":{"rendered":"<p style=\"text-align: justify;\"><a href=\"http:\/\/www.korhanyilmaz.com\/wp-content\/uploads\/2011\/04\/149.jpg\"  class=\"lightview\"><img loading=\"lazy\" decoding=\"async\" class=\"aligncenter size-full wp-image-30730\" src=\"http:\/\/www.korhanyilmaz.com\/wp-content\/uploads\/2011\/04\/149.jpg\" alt=\"\" width=\"370\" height=\"245\" \/><\/a><\/p>\n<p style=\"text-align: justify;\">Sa\u011fl\u0131k \u00e7al\u0131\u015fanlar\u0131n\u0131n iki g\u00fcnl\u00fck i\u015f b\u0131rakma eylemi \u00e7er\u00e7evesinde, Haydarpa\u015fa Numune E\u011fitim ve Ara\u015ft\u0131rma Hastanesi Acil Servis&#8217;in yan\u0131na \u00e7ad\u0131r kuruldu.<!--more--><\/p>\n<p style=\"text-align: justify;\">Hastane giri\u015fine, \u00fczerinde \u201c\u0130\u015f G\u00fcvencesi, Gelir G\u00fcvencesi, Can G\u00fcvenli\u011fi, Mesleki Ba\u011f\u0131ms\u0131zl\u0131k, Herkese E\u015fit \u00dccretsiz Sa\u011fl\u0131k \u0130\u00e7in Bu Hastanede G\u00f6REV Var\u201d yaz\u0131l\u0131 pankart asan sa\u011fl\u0131k\u00e7\u0131lar, hastanenin Acil Servisi yan\u0131na da \u201cG\u00f6REV \u00c7ad\u0131r\u0131\u201d kurarak, poliklinikler \u00f6n\u00fcnde \u00e7e\u015fitli d\u00f6vizler a\u00e7t\u0131. \u0130stanbul Tabip Odas\u0131 Genel Sekreteri H\u00fcseyin Demirdizen, burada yapt\u0131\u011f\u0131 a\u00e7\u0131klamada, sa\u011fl\u0131k \u00e7al\u0131\u015fanlar\u0131 olarak par\u00e7as\u0131 olduklar\u0131 halk\u0131n sa\u011fl\u0131\u011f\u0131ndan endi\u015fe ettiklerini belirterek, \u201cSa\u011fl\u0131kta D\u00f6n\u00fc\u015f\u00fcm Program\u0131&#8217;n\u0131n, hizmeti \u00fcreten olarak bizleri de hizmetten yararlanan halk\u0131m\u0131z\u0131 da ma\u011fdur etmesini istemiyoruz\u201d dedi.<\/p>\n<p style=\"text-align: justify;\">Demirdizen, her vatanda\u015f\u0131n onuruyla \u00e7al\u0131\u015faca\u011f\u0131, herkesin bir i\u015finin olaca\u011f\u0131, tehdidi olmayan g\u00fcvenceli \u00e7al\u0131\u015fma ya\u015fam\u0131 istediklerini ifade ederek, ta\u015feronla\u015fma, s\u00f6zle\u015fmeli \u00e7al\u0131\u015fma gibi g\u00fcvencesiz \u00e7al\u0131\u015fma bi\u00e7imlerini reddettiklerini kaydetti. Vatanda\u015flar\u0131n tamam\u0131na, katk\u0131, kat\u0131l\u0131m pay\u0131 \u00f6demeden eri\u015febilecekleri, ilave \u00fccret \u00f6demelerini gerektirmeyen, e\u015fit, \u00fccretsiz, nitelikli sa\u011fl\u0131k hizmeti sunmak istediklerini dile getiren Demirdizen, \u015funlar\u0131 s\u00f6yledi:<\/p>\n<p style=\"text-align: justify;\">\u201cBizler sa\u011fl\u0131kl\u0131 ya\u015fam\u0131n \u00f6n \u015fart\u0131 olan herkese g\u00fcvenceli i\u015f, g\u00fcvenceli gelirin yan\u0131 s\u0131ra sa\u011fl\u0131k hizmetine ula\u015fman\u0131n \u00f6n\u00fcndeki b\u00fct\u00fcn engellerin kald\u0131r\u0131lmas\u0131n\u0131 istiyoruz. Bizler halk\u0131m\u0131za daha iyi ve nitelikli sa\u011fl\u0131k hizmeti sunmay\u0131 istiyoruz. Biz sa\u011fl\u0131k \u00e7al\u0131\u015fanlar\u0131 olarak halk\u0131n sa\u011fl\u0131k hakk\u0131n\u0131 ve taleplerimizi daha g\u00fc\u00e7l\u00fc hayk\u0131rmak ve \u0131srarl\u0131 takip\u00e7isi olmak i\u00e7in bir araya geldik. Sa\u011fl\u0131k hizmetini \u00fcreten biz sa\u011fl\u0131k \u00e7al\u0131\u015fanlar\u0131 &#8216;Sa\u011fl\u0131kta D\u00f6n\u00fc\u015f\u00fcm Program\u0131&#8217;n\u0131n ma\u011fduru olmak istemiyoruz.\u201d<\/p>\n<p style=\"text-align: justify;\"><strong>AC\u0130L VE YATAN HASTALAR ETK\u0130LENMEYECEK<\/strong><\/p>\n<p style=\"text-align: justify;\">Demirdizen, iki g\u00fcnl\u00fck i\u015f b\u0131rakma eylemince, Acil Servis ve yatan hastalar d\u0131\u015f\u0131nda hizmet verilmeyece\u011fini belirtti. Hastane doktorlar\u0131ndan Gastroenteroloji B\u00f6l\u00fcm\u00fc Klinik \u015eefi Do\u00e7. Dr. Ay\u015fe Oya \u00d6v\u00fcn\u00e7 de performans sisteminin kendilerini para i\u00e7in \u00e7al\u0131\u015f\u0131r hale getirdi\u011fini, bu sistemle hi\u00e7 kimsenin y\u00fcre\u011fi ile i\u015f yapar hali gelmedi\u011fini, bunun da yayg\u0131nla\u015ft\u0131\u011f\u0131n\u0131 ve bu durumun hastalar i\u00e7in tehlike arz etti\u011fini s\u00f6yledi.<\/p>\n<p style=\"text-align: justify;\">Hastanenin Psikiyatri B\u00f6l\u00fcm\u00fc Klinik \u015eefi Uzm. Dr. Mecit \u00c7al\u0131\u015fkan da hastalara daha iyi bakmak i\u00e7in burada olduklar\u0131n\u0131 ve bunun m\u00fccadelesini verdiklerini belirterek, hastan\u0131n 5-10 dakikada muayene edilerek tedavi edilemeyece\u011fini, hastalara ger\u00e7ek hekim gibi bakmak istediklerini, para i\u00e7in yap\u0131lan mesle\u011fin meslek olmad\u0131\u011f\u0131n\u0131 dile getirdi.<\/p>\n<p style=\"text-align: justify;\"><strong>&#8216;SUSMA HAYKIR, PERFORMANSA HAYIR&#8217;<\/strong><\/p>\n<p style=\"text-align: justify;\">Ankara\u2019da da \u00e7e\u015fitli hastanelerden gelerek, \u201cSa\u011fl\u0131k \u00e7al\u0131\u015fanlar\u0131n\u0131n haklar\u0131n\u0131n korunmas\u0131 ve sa\u011fl\u0131k hizmetinin nitelikli verilmesi\u201d talebiyle Ankara Numune Hastanesi \u00f6n\u00fcnde toplanan binlerce doktor ve sa\u011fl\u0131k \u00e7al\u0131\u015fan\u0131, h\u00fck\u00fcmetin uygulad\u0131\u011f\u0131 sa\u011fl\u0131k politikalar\u0131na kar\u015f\u0131 \u00e7\u0131kt\u0131. Doktorlar \u201csusma hayk\u0131r, performans\u0131 hay\u0131r\u201d sloganlar\u0131 atarak ellerindeki \u201cG\u00f6REVdeyiz\u201d yaz\u0131l\u0131 balonlarda eyleme ge\u00e7ti.<\/p>\n<p style=\"text-align: justify;\"><a href=\"http:\/\/www.radikal.com.tr\/Radikal.aspx?aType=RadikalDetayV3&amp;ArticleID=1046679&amp;Date=19.04.2011&amp;CategoryID=77\" target=\"_blank\">Kaynak : Radikal<\/a><\/p>\n","protected":false},"excerpt":{"rendered":"<p style=\"text-align: justify;\">\n<p style=\"text-align: justify;\">Sa\u011fl\u0131k \u00e7al\u0131\u015fanlar\u0131n\u0131n iki g\u00fcnl\u00fck i\u015f b\u0131rakma eylemi \u00e7er\u00e7evesinde, Haydarpa\u015fa Numune E\u011fitim ve Ara\u015ft\u0131rma Hastanesi Acil Servis&#8217;in yan\u0131na \u00e7ad\u0131r kuruldu.<\/p>\n","protected":false},"author":1,"featured_media":0,"comment_status":"open","ping_status":"closed","sticky":false,"template":"","format":"standard","meta":{"footnotes":""},"categories":[105],"tags":[],"class_list":["post-30729","post","type-post","status-publish","format-standard","hentry","category-gundem","odd"],"_links":{"self":[{"href":"http:\/\/www.korhanyilmaz.com\/index.php?rest_route=\/wp\/v2\/posts\/30729","targetHints":{"allow":["GET"]}}],"collection":[{"href":"http:\/\/www.korhanyilmaz.com\/index.php?rest_route=\/wp\/v2\/posts"}],"about":[{"href":"http:\/\/www.korhanyilmaz.com\/index.php?rest_route=\/wp\/v2\/types\/post"}],"author":[{"embeddable":true,"href":"http:\/\/www.korhanyilmaz.com\/index.php?rest_route=\/wp\/v2\/users\/1"}],"replies":[{"embeddable":true,"href":"http:\/\/www.korhanyilmaz.com\/index.php?rest_route=%2Fwp%2Fv2%2Fcomments&post=30729"}],"version-history":[{"count":0,"href":"http:\/\/www.korhanyilmaz.com\/index.php?rest_route=\/wp\/v2\/posts\/30729\/revisions"}],"wp:attachment":[{"href":"http:\/\/www.korhanyilmaz.com\/index.php?rest_route=%2Fwp%2Fv2%2Fmedia&parent=30729"}],"wp:term":[{"taxonomy":"category","embeddable":true,"href":"http:\/\/www.korhanyilmaz.com\/index.php?rest_route=%2Fwp%2Fv2%2Fcategories&post=30729"},{"taxonomy":"post_tag","embeddable":true,"href":"http:\/\/www.korhanyilmaz.com\/index.php?rest_route=%2Fwp%2Fv2%2Ftags&post=30729"}],"curies":[{"name":"wp","href":"https:\/\/api.w.org\/{rel}","templated":true}]}}