{"id":30722,"date":"2011-04-19T08:33:44","date_gmt":"2011-04-19T05:33:44","guid":{"rendered":"http:\/\/www.korhanyilmaz.com\/?p=30722"},"modified":"2011-04-19T08:33:44","modified_gmt":"2011-04-19T05:33:44","slug":"chp-anketinde-13-ilde-birincilik-cikti","status":"publish","type":"post","link":"http:\/\/www.korhanyilmaz.com\/?p=30722","title":{"rendered":"CHP anketinde 13 ilde birincilik \u00e7\u0131kt\u0131"},"content":{"rendered":"<p style=\"text-align: justify;\"><a href=\"http:\/\/www.korhanyilmaz.com\/wp-content\/uploads\/2011\/04\/159.jpg\"  class=\"lightview\"><img loading=\"lazy\" decoding=\"async\" class=\"aligncenter size-full wp-image-30723\" src=\"http:\/\/www.korhanyilmaz.com\/wp-content\/uploads\/2011\/04\/159.jpg\" alt=\"\" width=\"420\" height=\"210\" \/><\/a><\/p>\n<p style=\"text-align: justify;\">CHP&#8217;li Tekin, yapt\u0131rd\u0131klar\u0131 ankette partisinin 13 ilde birinci \u00e7\u0131kt\u0131\u011f\u0131n\u0131 s\u00f6yledi.<\/p>\n<p style=\"text-align: justify;\">CHP Genel Ba\u015fkan Yard\u0131mc\u0131s\u0131 G\u00fcrsel Tekin, \u0130stanbul&#8217;a yap\u0131lmas\u0131 planlanan 3. K\u00f6pr\u00fc&#8217;n\u00fcn transit ge\u00e7i\u015flere ayr\u0131laca\u011f\u0131n\u0131 s\u00f6yledi, h\u00fck\u00fcmetin k\u00f6pr\u00fc plan\u0131na kar\u015f\u0131 \u00e7\u0131kt\u0131. CHP&#8217;nin anketinden 13 ilde birincilik \u00e7\u0131kt\u0131\u011f\u0131n\u0131 s\u00f6yleyen Tekin, MHP&#8217;li belediyelerin bulundu\u011fu illeri \u00f6rnek vermesi dikkat \u00e7ekti! G\u00fcrsel Tekin, Habert\u00fcrk&#8217;te g\u00fcndeme ili\u015fkin sorular\u0131 cevaplad\u0131, \u0130stanbul&#8217;a yap\u0131lmas\u0131 planlanan 3. K\u00f6pr\u00fc&#8217;y\u00fc ele\u015ftirdi. Programda \u0130lhan Cihaner&#8217;in adayl\u0131\u011f\u0131yla ilgili sorular\u0131 da cevaplayan Tekin, adayl\u0131k karar\u0131nda kimsenin etkide bulunmad\u0131\u011f\u0131n\u0131 s\u00f6yledi. <!--more--><\/p>\n<p style=\"text-align: justify;\">\u0130\u015fte Tekin&#8217;in a\u00e7\u0131klamalar\u0131:<\/p>\n<p style=\"text-align: justify;\">&#8220;Cihaner&#8217;in adayl\u0131\u011f\u0131n\u0131n arkas\u0131nda hi\u00e7bir g\u00fc\u00e7 yoktur. Bu Denizli \u0130l \u00d6rg\u00fct\u00fc&#8217;n\u00fcn, Denizli halk\u0131n\u0131n talebidir&#8221; dedi. YSK&#8217;n\u0131n karar\u0131 \u00fczerine genel merkez kontenjan\u0131n\u0131n kullan\u0131lmad\u0131\u011f\u0131 illerle temasa ge\u00e7ildi\u011fini kaydeden Tekin, &#8220;Cihaner ismi \u00f6n plana \u00e7\u0131kt\u0131. Biz de aday g\u00f6sterdik&#8221; Tekin, &#8220;YSK&#8217;n\u0131n karar\u0131 olmasayd\u0131, Cihaner aday olamayacak m\u0131yd\u0131?&#8221; sorusu \u00fczerine &#8220;Evet&#8221; dedi.<\/p>\n<p style=\"text-align: justify;\"><strong>13 \u0130LDE B\u0130R\u0130NC\u0130Y\u0130Z \u0130DD\u0130ASI<\/strong><\/p>\n<p style=\"text-align: justify;\">Yapt\u0131klar\u0131 ara\u015ft\u0131rmalarda 18 ilin 13&#8217;\u00fcnde birinci parti olduklar\u0131n\u0131 kaydeden Tekin, &#8220;Bal\u0131kesir, Manisa, Mersin ba\u015fta olmak \u00fczere bir \u00e7ok \u015fehirde birinci partiyiz&#8221; dedi. Tekin, Do\u011fu ve G\u00fcneydo\u011fu&#8217;da da oylar\u0131n\u0131n artt\u0131\u011f\u0131n\u0131 s\u00f6yledi.<\/p>\n<p style=\"text-align: justify;\">\u00d6rne\u011fin 18 ilde ara\u015ft\u0131rma yapt\u0131k. 18 ilin 13&#8217;\u00fcnde biz birinci partiyiz. Bu \u00e7ok mutlu ediyor bizi. \u00d6rne\u011fin birka\u00e7 il var, eski d\u00f6nemde oralarda ikinci partiydik ancak bug\u00fcn a\u00e7\u0131k ara farkla birinci partiyiz. Bu iller Mersin, Hatay, Bal\u0131kesir, Manisa&#8230; \u00c7e\u015fitli illerde \u00e7ok ciddi bi\u00e7imde oy art\u0131\u015f\u0131m\u0131z var. Do\u011fu&#8217;da \u00e7ok b\u00fcy\u00fck oy art\u0131\u015f\u0131m\u0131z var.<\/p>\n<p style=\"text-align: justify;\"><a href=\"http:\/\/haber.gazetevatan.com\/chp-anketinde-13-ilde-birincilik-cikti\/372011\/9\/Siyaset\" target=\"_blank\">Kaynak : VATAN Gazetesi<\/a><\/p>\n","protected":false},"excerpt":{"rendered":"<p style=\"text-align: justify;\">\n<p style=\"text-align: justify;\">CHP&#8217;li Tekin, yapt\u0131rd\u0131klar\u0131 ankette partisinin 13 ilde birinci \u00e7\u0131kt\u0131\u011f\u0131n\u0131 s\u00f6yledi.<\/p>\n<p style=\"text-align: justify;\">CHP Genel Ba\u015fkan Yard\u0131mc\u0131s\u0131 G\u00fcrsel Tekin, \u0130stanbul&#8217;a yap\u0131lmas\u0131 planlanan 3. K\u00f6pr\u00fc&#8217;n\u00fcn transit ge\u00e7i\u015flere ayr\u0131laca\u011f\u0131n\u0131 s\u00f6yledi, h\u00fck\u00fcmetin k\u00f6pr\u00fc plan\u0131na kar\u015f\u0131 \u00e7\u0131kt\u0131. CHP&#8217;nin anketinden 13 ilde birincilik \u00e7\u0131kt\u0131\u011f\u0131n\u0131 s\u00f6yleyen Tekin, MHP&#8217;li belediyelerin bulundu\u011fu illeri \u00f6rnek vermesi dikkat \u00e7ekti! G\u00fcrsel Tekin, <\/p>\n","protected":false},"author":1,"featured_media":0,"comment_status":"open","ping_status":"closed","sticky":false,"template":"","format":"standard","meta":{"footnotes":""},"categories":[105],"tags":[],"class_list":["post-30722","post","type-post","status-publish","format-standard","hentry","category-gundem","odd"],"_links":{"self":[{"href":"http:\/\/www.korhanyilmaz.com\/index.php?rest_route=\/wp\/v2\/posts\/30722","targetHints":{"allow":["GET"]}}],"collection":[{"href":"http:\/\/www.korhanyilmaz.com\/index.php?rest_route=\/wp\/v2\/posts"}],"about":[{"href":"http:\/\/www.korhanyilmaz.com\/index.php?rest_route=\/wp\/v2\/types\/post"}],"author":[{"embeddable":true,"href":"http:\/\/www.korhanyilmaz.com\/index.php?rest_route=\/wp\/v2\/users\/1"}],"replies":[{"embeddable":true,"href":"http:\/\/www.korhanyilmaz.com\/index.php?rest_route=%2Fwp%2Fv2%2Fcomments&post=30722"}],"version-history":[{"count":0,"href":"http:\/\/www.korhanyilmaz.com\/index.php?rest_route=\/wp\/v2\/posts\/30722\/revisions"}],"wp:attachment":[{"href":"http:\/\/www.korhanyilmaz.com\/index.php?rest_route=%2Fwp%2Fv2%2Fmedia&parent=30722"}],"wp:term":[{"taxonomy":"category","embeddable":true,"href":"http:\/\/www.korhanyilmaz.com\/index.php?rest_route=%2Fwp%2Fv2%2Fcategories&post=30722"},{"taxonomy":"post_tag","embeddable":true,"href":"http:\/\/www.korhanyilmaz.com\/index.php?rest_route=%2Fwp%2Fv2%2Ftags&post=30722"}],"curies":[{"name":"wp","href":"https:\/\/api.w.org\/{rel}","templated":true}]}}