{"id":30718,"date":"2011-04-18T21:45:04","date_gmt":"2011-04-18T18:45:04","guid":{"rendered":"http:\/\/www.korhanyilmaz.com\/?p=30718"},"modified":"2011-04-18T21:45:04","modified_gmt":"2011-04-18T18:45:04","slug":"secime-girmemeyi-tartisacagiz","status":"publish","type":"post","link":"http:\/\/www.korhanyilmaz.com\/?p=30718","title":{"rendered":"Se\u00e7ime girmemeyi tart\u0131\u015faca\u011f\u0131z!"},"content":{"rendered":"<p style=\"text-align: justify;\"><a href=\"http:\/\/www.korhanyilmaz.com\/wp-content\/uploads\/2011\/04\/158.jpg\"  class=\"lightview\"><img loading=\"lazy\" decoding=\"async\" class=\"aligncenter size-full wp-image-30719\" src=\"http:\/\/www.korhanyilmaz.com\/wp-content\/uploads\/2011\/04\/158.jpg\" alt=\"\" width=\"420\" height=\"210\" \/><\/a><\/p>\n<p style=\"text-align: justify;\">YSK karar\u0131 BDP&#8217;de \u015fok etkisi yaratt\u0131.<\/p>\n<p style=\"text-align: justify;\">YSK\u2019NIN BDP\u2019nin destekledi\u011fi 7 ba\u011f\u0131ms\u0131z aday\u0131 veto etmesi partide \u015fok etkisi yaratt\u0131. Karara itiraz etmeye haz\u0131rlanan BDP y\u00f6netimi, se\u00e7imlere girmemeyi tart\u0131\u015fmaya a\u00e7t\u0131. BDP\u2019nin kesin karar\u0131n\u0131 bug\u00fcn vermesi bekleniyor. <!--more--><\/p>\n<p style=\"text-align: justify;\"><strong>Sak\u0131k: \u2018YSK sorun yok\u2019 dedi<\/strong><\/p>\n<p style=\"text-align: justify;\">Aday olmak i\u00e7in BDP\u2019den istifa eden ba\u011f\u0131ms\u0131z milletvekili S\u0131rr\u0131 Sak\u0131k VATAN\u2019a ge\u00e7en hafta boyunca YSK\u2019da iki avukat ile s\u00fcrekli temasta olduklar\u0131n\u0131 ve dosyalarda eksiklik olup olmad\u0131\u011f\u0131n\u0131 sorduklar\u0131n\u0131 a\u00e7\u0131klad\u0131.<\/p>\n<p style=\"text-align: justify;\">Bu g\u00f6r\u00fc\u015fmelerde, sorun olmad\u0131\u011f\u0131 y\u00f6n\u00fcnde izlenim edindiklerini ve bu y\u00f6nde beyanlarda bulunuldu\u011funu ifade eden Sak\u0131k \u015funlar\u0131 s\u00f6yledi: \u201cYSK Ba\u015fkan\u0131 ile bire bir g\u00f6r\u00fc\u015fmede de bulundum. D\u00fcn de \u00fc\u00e7 kez kendisi ile g\u00f6r\u00fc\u015ft\u00fcm. Bize bir tek, A\u011fr\u0131\u2019da Murat \u00d6zt\u00fcrk\u2019le ilgili bir yasaklama karar\u0131 oldu\u011fu, onun d\u0131\u015f\u0131nda sorun olmad\u0131\u011f\u0131n\u0131 s\u00f6ylediler. Karar kar\u015f\u0131s\u0131nda \u015fa\u015fk\u0131n\u0131m. YSK\u2019n\u0131n karar\u0131 hukuki de\u011fil, siyasidir. 2007\u2019de milletvekili olmas\u0131na izin verdi\u011fin G\u00fcltan K\u0131\u015fanak ve Sabahat Tuncel\u2019e \u015fimdi onay vermiyorsun. \u00dclkenin \u00e7at\u0131\u015fmaya gitmesine y\u00f6nelik bir ad\u0131md\u0131r. K\u00fcrtlerin demokratik zeminde kendilerini ifade etmelerinin \u00f6n\u00fcndeki b\u00fct\u00fcn kanallar t\u0131kanm\u0131\u015ft\u0131r. Bizi Meclis\u2019ten elimizde kelep\u00e7eyle \u00e7\u0131kard\u0131klar\u0131 s\u00fcre\u00e7le ayn\u0131 s\u00fcreci ya\u015f\u0131yoruz. AKP bu noktada kendisini aklayamaz. K\u00fcrtlere yeniden \u015fiddete ba\u015fvurun demenin d\u0131\u015f\u0131nda bir yol de\u011fil.\u201d<\/p>\n<p style=\"text-align: justify;\"><strong>\u2018Karara itiraz edece\u011fiz\u2019<\/strong><\/p>\n<p style=\"text-align: justify;\">BDP eski E\u015fba\u015fkan\u0131 ve Hakkari ba\u011f\u0131ms\u0131z milletvekili aday\u0131 Selahattin Demirta\u015f ise YSK kararlar\u0131n\u0131n nihai oldu\u011funu ancak yine de karara ili\u015fkin itiraz edeceklerini s\u00f6yledi. Demirta\u015f \u015f\u00f6yle konu\u015ftu: \u201cKarar tamam\u0131yla siyasidir. Siyasi sonu\u00e7lar\u0131 a\u011f\u0131r olabilecek bir karar\u201d dedi. Bug\u00fcn Diyarbak\u0131r\u2019da toplanarak tav\u0131rlar\u0131n\u0131 netle\u015ftirileceklerini kaydeden Demirta\u015f, \u201cK\u00fcrtleri parlamentoya sokmak istemiyorlar. Grup olu\u015fturmalar\u0131n\u0131 istemiyorlar. Bu bir devlet karar\u0131d\u0131r. B\u00f6yle bir siyasi karar kar\u015f\u0131s\u0131nda ancak siyasi bir tav\u0131r g\u00f6sterebiliriz. Se\u00e7ime girmeme ve b\u00fct\u00fcn adaylar\u0131 geri \u00e7ekme dahil b\u00fct\u00fcn alternatifleri tart\u0131\u015faca\u011f\u0131z. Ama bu kesinlikle BDP\u2019nin ezilece\u011fi ve alt\u0131nda kalaca\u011f\u0131 bir karar de\u011fildir. Fatura AKP\u2019ye \u00e7\u0131kar. Ortada siyasi bir komplo ve siyasi deh\u015fet operasyonu var. Bu karar sava\u015f\u0131 diriltmek i\u00e7in al\u0131nm\u0131\u015f bir karard\u0131r. Demokratik olmayan se\u00e7ime kat\u0131lmay\u0131z. Fa\u015fizan bir karar. Meclis acil olarak toplanmal\u0131 ve se\u00e7imler ertelenmeli. Siyasi irade g\u00f6stererek yeniden ba\u011f\u0131ms\u0131z adaylara yeniden ba\u015fvuru hakk\u0131 tan\u0131mal\u0131. Halen g\u00f6revde olan iki vekilin de karara dahil olmas\u0131 g\u00f6steriyor ki, planlanm\u0131\u015f, hesab\u0131 kitab\u0131 yap\u0131lm\u0131\u015f bir s\u00fcre\u00e7. Ortaya \u00e7\u0131kacak siyasi sonu\u00e7lar\u0131n ne oldu\u011funu bilerek karar verilmi\u015f\u201d dedi.<\/p>\n<p style=\"text-align: justify;\"><strong>\u2018Karar K\u00fcrtlere sava\u015f ilan\u0131d\u0131r\u2019<\/strong><\/p>\n<p style=\"text-align: justify;\">BDP eski Batman Milletvekili, ba\u011f\u0131ms\u0131z Batman milletvekili aday\u0131 Bengi Y\u0131ld\u0131z ise \u201cY\u00fcksek Se\u00e7im Kurulu\u2019nun karar\u0131 K\u00fcrtlere sava\u015f ilan\u0131d\u0131r\u201d dedi. Y\u0131ld\u0131z, \u201cG\u00fcltan K\u0131\u015fanak, Sabahat Tuncel d\u00f6rt y\u0131l \u00f6nce milletvekili olabiliyor da bug\u00fcn nas\u0131l olam\u0131yor. Yar\u0131n (bug\u00fcn) Diyarbak\u0131r\u2019da KCK duru\u015fmas\u0131 g\u00f6r\u00fclecek. B\u00f6ylesi bir zamanda YSK\u2019n\u0131n karar\u0131 K\u00fcrt siyasal hareketinin tavsiyesidir. Karar tamam\u0131yla siyasidir. YSK b\u00f6ylesi siyasi bir karar\u0131 da tek ba\u015f\u0131na alamaz\u201d dedi.<\/p>\n<p style=\"text-align: justify;\"><strong>\u2018Se\u00e7imlere girmeyebiliriz\u2019<\/strong><\/p>\n<p style=\"text-align: justify;\">Kulislere veto edildi\u011fi iddialar\u0131 yay\u0131lan ancak bir iddia do\u011frulanmayan \u0130stanbul ba\u011f\u0131ms\u0131z milletvekili aday\u0131 S\u0131rr\u0131 S\u00fcreyya \u00d6nder ise \u201cBundan sonra ovada siyaset nas\u0131l yap\u0131l\u0131r?\u201d s\u00f6zleri ile karara tepki g\u00f6sterdi. \u00d6nder, \u201cF\u0131r\u0131nc\u0131ya s\u00f6yleyin ekmek de vermesin. Milyonlarca insan\u0131n oyunu idadesini Meclis\u2019e yans\u0131tmamak i\u00e7in ellerinden ne geliyorsa yap\u0131yorlar. Ne diyeyim daha. Ki\u015fisel fikrim, hi\u00e7 gitmeyelim, tek siyaset yeri Meclis de\u011fildir. Als\u0131nlar Meclislerini siyaset yaps\u0131nlar. Biz nerede yanl\u0131\u015f yapt\u0131k da bug\u00fcne geldik diyecek olanlar, bug\u00fcn\u00fcn tarihini unutmas\u0131nlar. Ne yapacaks\u0131n\u0131z, bu insanlar\u0131n hepsini imha m\u0131 edeceksiniz?\u201d diye konu\u015ftu.<\/p>\n<p style=\"text-align: justify;\"><strong>\u2018Allah\u2019\u0131na kadar ayr\u0131mc\u0131l\u0131k\u2019<\/strong><\/p>\n<p style=\"text-align: justify;\">BDP \u015e\u0131rnak Milletvekili Hasip Kaplan ise YSK karar\u0131n\u0131 \u015f\u00f6yle de\u011ferlendirdi: \u201cBunun etkilerinin \u00e7ok b\u00fcy\u00fck olaca\u011f\u0131n\u0131 d\u00fc\u015f\u00fcn\u00fcyorum. Bar\u0131\u015f\u0131 ve toplumsal durumu etkileyecektir. Bunun halk\u0131m\u0131z\u0131n kabul edece\u011fini kimse sanmas\u0131n. T\u00fcrkiye parlementosu yara alm\u0131\u015ft\u0131r. Ayr\u0131mc\u0131l\u0131k Allah\u2019\u0131na kadar yap\u0131lm\u0131\u015ft\u0131r. Partimiz kar\u015f\u0131 ayr\u0131mc\u0131l\u0131k yap\u0131lm\u0131\u015ft\u0131r. Bu dinamit gibi T\u00fcrkiye\u2019ye d\u00fc\u015fm\u00fc\u015ft\u00fcr. \u00c7ok a\u00e7\u0131k s\u00f6yl\u00fcyorum, bunun sonu\u00e7lar\u0131 \u00e7ok a\u011f\u0131r olur. Bu mu ileri demokrasi? Sonu\u00e7lar\u0131n\u0131n ne kadar a\u011f\u0131r ve tehlikeli oldu\u011funu, bu se\u00e7im s\u00fcrecini de etkileyece\u011fini g\u00f6rece\u011fiz. Bunun alt\u0131nda sadece YSK de\u011fil herkes kal\u0131r. T\u00fcrkiye parlementosu kal\u0131r.\u201d<\/p>\n<p style=\"text-align: justify;\"><strong>\u2018YSK 2007\u2019de g\u00f6rmedi\u011fini \u015fimdi g\u00f6rd\u00fc\u2019<\/strong><\/p>\n<p style=\"text-align: justify;\">YSK\u2019n\u0131n \u0130stanbul Milletvekili Sabahat Tuncel, Diyarbak\u0131r Milletvekili G\u00fcltan K\u0131\u015fanak ile Hatip Dicle ve Leyla Zana\u2019n\u0131n eski mahkumiyetleri nedeniyle adayl\u0131klar\u0131n\u0131 veto etmesi sonras\u0131nda konuyu de\u011ferlendiren BDP\u2019nin avukat\u0131 Nuri \u00d6zmen, bir\u00e7ok aday\u0131n memnu haklar\u0131n\u0131n iade edildi\u011fi ve adayl\u0131klar\u0131na mani bir durum olmad\u0131\u011f\u0131n\u0131 bildiren belgeleri bizzat kendisinin YSK\u2019ya verdi\u011fi belirtti. \u00d6zmen \u201c\u00d6zellikle Leyla Zana ve Hatip Dicle\u2019nin b\u00fct\u00fcn mennu haklar\u0131n\u0131n al\u0131nd\u0131\u011f\u0131na ili\u015fkin belgelerin t\u00fcm\u00fcn\u00fc dosyaya koyduk\u201d dedi.<\/p>\n<p style=\"text-align: justify;\">Yap\u0131lan son de\u011fi\u015fikliklerle memnu haklar\u0131n\u0131n iade edilmesi i\u00e7in mahkumiyetten sonra 3 y\u0131l ge\u00e7mesi gerekti\u011fini belirten \u00d6zmen \u015funlar\u0131 s\u00f6yledi: \u201cBu zaman fazlas\u0131yla ge\u00e7mi\u015ftir. Bu karar t\u00fcm\u00fcyle siyasidir. B\u00fct\u00fcn evraklar\u0131 mennu haklar\u0131n\u0131 iadesi al\u0131nm\u0131\u015f kesinle\u015fmi\u015f \u015ferhli haliyle dosyaya konulmu\u015ftur. Ama YSK, siyasi parti gibi davran\u0131yorsa onu bilemiyoruz. Adli Sicil Yasas\u0131n\u0131n 13\/a f\u0131kras\u0131 a\u00e7\u0131kt\u0131r. 5237 say\u0131l\u0131 yasan\u0131n d\u0131\u015f\u0131ndakileri say\u0131yor. Oysa bizim adaylar\u0131n t\u00fcm\u00fc 5237 say\u0131l\u0131 yasan\u0131n i\u00e7indedir bunlar\u0131n hepsinin memnu haklar\u0131n\u0131n iadesi i\u00e7in 3 gereklidir. Oysa bu zaman fazlas\u0131yla ge\u00e7mi\u015ftir.\u201d<\/p>\n<p style=\"text-align: justify;\"><strong>\u2018Mahkeme onaylad\u0131\u2019<\/strong><\/p>\n<p style=\"text-align: justify;\">\u00d6zmen, Dicle ve Zana\u2019n\u0131n adayl\u0131klar\u0131na mani bir durum olmad\u0131\u011f\u0131na ili\u015fkin belgelerin de Diyarbak\u0131r 4. A\u011f\u0131r Ceza Mahkemesi taraf\u0131ndan onayland\u0131\u011f\u0131n\u0131 bildirdi.<\/p>\n<p style=\"text-align: justify;\">2007\u2019de yasal olarak daha olumsuz bir durum olmas\u0131na ra\u011fmen G\u00fcltan K\u0131\u015fanak ve Sabahat Tuncel\u2019in aday olabildi\u011fini ve se\u00e7ildi\u011fini hat\u0131rlatan \u00d6zmen, \u201cK\u0131\u015fanak 2007 de Meclis\u2019e girmi\u015f, 2007\u2019den sonra bu mennu haklar\u0131n\u0131 engelleyecek herhangi bir durum s\u00f6z konusu de\u011fildir\u201d dedi.<\/p>\n<p style=\"text-align: justify;\"><a href=\"http:\/\/haber.gazetevatan.com\/secime-girmemeyi-tartisacagiz\/371945\/9\/Siyaset\" target=\"_blank\">Kaynak : Hale G\u00d6N\u00dcLTA\u015e &#8211; VATAN Gazetesi<\/a><\/p>\n","protected":false},"excerpt":{"rendered":"<p style=\"text-align: justify;\">\n<p style=\"text-align: justify;\">YSK karar\u0131 BDP&#8217;de \u015fok etkisi yaratt\u0131.<\/p>\n<p style=\"text-align: justify;\">YSK\u2019NIN BDP\u2019nin destekledi\u011fi 7 ba\u011f\u0131ms\u0131z aday\u0131 veto etmesi partide \u015fok etkisi yaratt\u0131. Karara itiraz etmeye haz\u0131rlanan BDP y\u00f6netimi, se\u00e7imlere girmemeyi tart\u0131\u015fmaya a\u00e7t\u0131. BDP\u2019nin kesin karar\u0131n\u0131 bug\u00fcn vermesi bekleniyor. <\/p>\n","protected":false},"author":1,"featured_media":0,"comment_status":"open","ping_status":"closed","sticky":false,"template":"","format":"standard","meta":{"footnotes":""},"categories":[105],"tags":[],"class_list":["post-30718","post","type-post","status-publish","format-standard","hentry","category-gundem","odd"],"_links":{"self":[{"href":"http:\/\/www.korhanyilmaz.com\/index.php?rest_route=\/wp\/v2\/posts\/30718","targetHints":{"allow":["GET"]}}],"collection":[{"href":"http:\/\/www.korhanyilmaz.com\/index.php?rest_route=\/wp\/v2\/posts"}],"about":[{"href":"http:\/\/www.korhanyilmaz.com\/index.php?rest_route=\/wp\/v2\/types\/post"}],"author":[{"embeddable":true,"href":"http:\/\/www.korhanyilmaz.com\/index.php?rest_route=\/wp\/v2\/users\/1"}],"replies":[{"embeddable":true,"href":"http:\/\/www.korhanyilmaz.com\/index.php?rest_route=%2Fwp%2Fv2%2Fcomments&post=30718"}],"version-history":[{"count":0,"href":"http:\/\/www.korhanyilmaz.com\/index.php?rest_route=\/wp\/v2\/posts\/30718\/revisions"}],"wp:attachment":[{"href":"http:\/\/www.korhanyilmaz.com\/index.php?rest_route=%2Fwp%2Fv2%2Fmedia&parent=30718"}],"wp:term":[{"taxonomy":"category","embeddable":true,"href":"http:\/\/www.korhanyilmaz.com\/index.php?rest_route=%2Fwp%2Fv2%2Fcategories&post=30718"},{"taxonomy":"post_tag","embeddable":true,"href":"http:\/\/www.korhanyilmaz.com\/index.php?rest_route=%2Fwp%2Fv2%2Ftags&post=30718"}],"curies":[{"name":"wp","href":"https:\/\/api.w.org\/{rel}","templated":true}]}}