{"id":30714,"date":"2011-04-19T12:09:20","date_gmt":"2011-04-19T09:09:20","guid":{"rendered":"http:\/\/www.korhanyilmaz.com\/?p=30714"},"modified":"2011-04-19T12:09:20","modified_gmt":"2011-04-19T09:09:20","slug":"ysknin-kararina-protesto","status":"publish","type":"post","link":"http:\/\/www.korhanyilmaz.com\/?p=30714","title":{"rendered":"YSK&#8217;n\u0131n karar\u0131na protesto"},"content":{"rendered":"<p style=\"text-align: center;\"><a href=\"http:\/\/www.korhanyilmaz.com\/wp-content\/uploads\/2011\/04\/157.jpg\"  class=\"lightview\"><img loading=\"lazy\" decoding=\"async\" class=\"aligncenter size-full wp-image-30715\" src=\"http:\/\/www.korhanyilmaz.com\/wp-content\/uploads\/2011\/04\/157.jpg\" alt=\"\" width=\"420\" height=\"210\" \/><\/a><\/p>\n<p style=\"text-align: justify;\">Van&#8217;da YSK karar\u0131n\u0131 protesto eden grup polise ta\u015f att\u0131, Hakkari&#8217;de kepenkler indirildi.<\/p>\n<p style=\"text-align: justify;\">Van&#8217;da, Y\u00fcksek Se\u00e7im Kurulunun (YSK) 12 ba\u011f\u0131ms\u0131z milletvekili aday\u0131n\u0131n adayl\u0131\u011f\u0131n\u0131 iptal etmesini protesto eden grup, polise ve i\u015f yerlerine ta\u015f ile molotofkokteyli att\u0131. <!--more--><\/p>\n<p style=\"text-align: justify;\">Aralar\u0131nda BDP&#8217;nin destekledi\u011fi Hatip Dicle, Leyla Zana, Sabahat Tuncel ve G\u00fcltan K\u0131\u015fanak&#8217;\u0131n da bulundu\u011fu 12 ba\u011f\u0131ms\u0131z milletvekili aday\u0131n\u0131n adayl\u0131\u011f\u0131n\u0131n YSK taraf\u0131ndan iptal edilmesine tepki g\u00f6steren grup, BDP il binas\u0131n\u0131n \u00f6n\u00fcnde topland\u0131.<\/p>\n<p style=\"text-align: justify;\">Cumhuriyet Caddesi&#8217;nden Be\u015fyol mevkisindeki \u0130l Se\u00e7im Kuruluna do\u011fru y\u00fcr\u00fcy\u00fc\u015fe ge\u00e7en grupta bulunan maskeli ki\u015filer, vitrinlerinde T\u00fcrk bayra\u011f\u0131 as\u0131l\u0131 baz\u0131 i\u015f yerlerine ve banka \u015fubelerine molotofkokteyli att\u0131. Molotofkokteyli at\u0131lan i\u015f yerleri ile banka \u015fubelerinde yang\u0131n \u00e7\u0131kt\u0131. Caddede g\u00fcvenlik \u00f6nlemi alan polislere ta\u015f, havai fi\u015fek ve molotofkokteyli atan gruba polis biber gaz\u0131 ve bas\u0131n\u00e7l\u0131 suyla m\u00fcdahale etti. Baz\u0131 polisler, vatanda\u015flar ve g\u00f6stericiler yaraland\u0131.<\/p>\n<p style=\"text-align: justify;\">Ara sokaklara da\u011f\u0131lan gruptan baz\u0131 ki\u015filerin eylemlerini s\u00fcrd\u00fcrd\u00fc\u011f\u00fc, baz\u0131lar\u0131n\u0131n ise Van Belediyesinin \u00f6n\u00fcnde oturma eylemi yapt\u0131\u011f\u0131 bildirildi.<\/p>\n<p style=\"text-align: justify;\"><strong>KEPENKLER A\u00c7ILMADI<\/strong><\/p>\n<p style=\"text-align: justify;\">HAKKAR\u0130\u2019nin Y\u00fcksekova \u0130l\u00e7esi\u2019nde, Y\u00fcksek Se\u00e7im Kurulu\u2019nun (YSK), 7\u2019si BDP\u2019nin destekledi\u011fi 12 ba\u011f\u0131ms\u0131z milletvekili aday\u0131n\u0131n adayl\u0131klar\u0131n\u0131 iptal etmesine tepki amac\u0131yla bug\u00fcn esnaf kepenk a\u00e7mad\u0131.<\/p>\n<p style=\"text-align: justify;\">Van ve Hakkari\u2019de BDP, Diyarbak\u0131r\u2019da bug\u00fcn g\u00f6r\u00fclecek olan KCK davas\u0131n\u0131 protesto eylemlerine haz\u0131rlan\u0131rken, YSK\u2019n\u0131n d\u00fcn ald\u0131\u011f\u0131 son karar \u015fok etkisi yaratt\u0131. Karara tepki amac\u0131yla Y\u00fcksekova\u2019da bug\u00fcn kepenkler a\u00e7\u0131lmad\u0131. Sabah saatlerinde i\u015f yerlerine gelen esnaf, kepenklerini a\u00e7mayarak i\u015fyerlerinin \u00f6n\u00fcnde beklemeye ba\u015flad\u0131. \u0130l\u00e7ede geni\u015f g\u00fcvenlik \u00f6nlemlerini al\u0131nd\u0131\u011f\u0131 g\u00f6zlenirken, BDP taraf\u0131ndan \u00f6\u011flen saatlerinde de bas\u0131n a\u00e7\u0131klamas\u0131 yap\u0131lmas\u0131 bekleniyor.<\/p>\n<p style=\"text-align: justify;\"><strong>MASKEL\u0130 MOLOTOF\u00c7ULAR<\/strong><\/p>\n<p style=\"text-align: justify;\">Akk\u00f6pr\u00fc ve Soydan kav\u015faklar\u0131ndan y\u00fcr\u00fcy\u00fc\u015fe ge\u00e7en gruplar, Cumhuriyet Caddesi \u00fczerinde toplanarak yolu trafi\u011fe kapatt\u0131. Bu s\u0131rada gurubun i\u00e7erisinde olan y\u00fczleri maskeli baz\u0131 ki\u015filer, ellerinde ta\u015f\u0131d\u0131klar\u0131 molotofkokteylerini banka \u015fubelerine ve sa\u011f sola atarak k\u00fc\u00e7\u00fck \u00e7apl\u0131 yang\u0131nlar \u00e7\u0131kartt\u0131. Bu s\u0131rada molotoflardan biri de do\u011falgaz borusuna isabet etti. \u00c7\u0131kan yang\u0131n \u00e7evrede bulunanlar taraf\u0131ndan yang\u0131n s\u00f6nd\u00fcrme t\u00fcp\u00fc ile s\u00f6nd\u00fcr\u00fcld\u00fc. Baz\u0131 ki\u015filer de ta\u015flarla d\u00fckkanlar\u0131n camlar\u0131n\u0131 k\u0131rd\u0131.<\/p>\n<p style=\"text-align: justify;\"><strong>4 G\u00d6STER\u0130C\u0130 YARALANDI<\/strong><\/p>\n<p style=\"text-align: justify;\">Polis, Cumhuriyet Caddesi\u2019nde ilerleyen gruba bir s\u00fcre m\u00fcdahale etmedi. Ancak grubun ilerleyi\u015fini s\u00fcrd\u00fcrmesi \u00fczerine polis m\u00fcdahalede bulundu. Polis tazyikli su ve g\u00f6zya\u015fart\u0131c\u0131 bomba kullanarak kalabal\u0131\u011f\u0131 da\u011f\u0131tmaya \u00e7al\u0131\u015f\u0131rken, g\u00f6stericiler de ta\u015f atarak kar\u015f\u0131l\u0131k verdi. Bu olaylar s\u0131ras\u0131nda 4 g\u00f6sterici at\u0131lan ta\u015flar sonucu yaraland\u0131. Grup Cumhuriyet Caddesi \u00fczerinde bulunan Belediye Binas\u0131 \u00f6n\u00fcnde de oturma eyleminde bulundu.<\/p>\n<p style=\"text-align: justify;\"><strong>Y\u00dcKSEKOVA\u2019DA YOLU TRAF\u0130\u011eE KAPATTILAR<\/strong><\/p>\n<p style=\"text-align: justify;\">Sabah saatlerinde kepenklerin kapal\u0131 oldu\u011fu Y\u00fcksekova \u0130l\u00e7esi\u2019nde ise kalabal\u0131k Oslo meydan\u0131nda topland\u0131. Kalabal\u0131k buradan da cezaevi kav\u015fa\u011f\u0131na do\u011fru y\u00fcr\u00fcy\u00fc\u015fe ge\u00e7ti. Kalabal\u0131k \u015eemdinli yolunu barikatlarla kapat\u0131p burada oturma eyleminde bulundu. Baz\u0131 ki\u015filer de ate\u015f yakarak slogan att\u0131. 5 dakikal\u0131k oturma eyleminin ard\u0131ndan kalabal\u0131\u011f\u0131n tekrar \u015fehir merkezine y\u00fcr\u00fcy\u00fc\u015fe ge\u00e7mesi ve ta\u015f atmaya ba\u015flamalar\u0131 \u00fczerine polis m\u00fcdahalede bulundu. Polis, g\u00f6stericileri boyal\u0131 ve tazyikli su, g\u00f6zya\u015fart\u0131c\u0131 bomba kullanarak da\u011f\u0131tmaya \u00e7al\u0131\u015f\u0131yor. Van ve Y\u00fcksekova\u2019da olaylar s\u00fcr\u00fcyor.<\/p>\n<p><a href=\"http:\/\/haber.gazetevatan.com\/ysknin-kararina-protesto\/372078\/1\/Gundem\" target=\"_blank\">Kaynak : VATAN Gazetesi<\/a><\/p>\n","protected":false},"excerpt":{"rendered":"<p style=\"text-align: center;\">\n<p style=\"text-align: justify;\">Van&#8217;da YSK karar\u0131n\u0131 protesto eden grup polise ta\u015f att\u0131, Hakkari&#8217;de kepenkler indirildi.<\/p>\n<p style=\"text-align: justify;\">Van&#8217;da, Y\u00fcksek Se\u00e7im Kurulunun (YSK) 12 ba\u011f\u0131ms\u0131z milletvekili aday\u0131n\u0131n adayl\u0131\u011f\u0131n\u0131 iptal etmesini protesto eden grup, polise ve i\u015f yerlerine ta\u015f ile molotofkokteyli att\u0131. <\/p>\n","protected":false},"author":1,"featured_media":0,"comment_status":"open","ping_status":"closed","sticky":false,"template":"","format":"standard","meta":{"footnotes":""},"categories":[105],"tags":[],"class_list":["post-30714","post","type-post","status-publish","format-standard","hentry","category-gundem","odd"],"_links":{"self":[{"href":"http:\/\/www.korhanyilmaz.com\/index.php?rest_route=\/wp\/v2\/posts\/30714","targetHints":{"allow":["GET"]}}],"collection":[{"href":"http:\/\/www.korhanyilmaz.com\/index.php?rest_route=\/wp\/v2\/posts"}],"about":[{"href":"http:\/\/www.korhanyilmaz.com\/index.php?rest_route=\/wp\/v2\/types\/post"}],"author":[{"embeddable":true,"href":"http:\/\/www.korhanyilmaz.com\/index.php?rest_route=\/wp\/v2\/users\/1"}],"replies":[{"embeddable":true,"href":"http:\/\/www.korhanyilmaz.com\/index.php?rest_route=%2Fwp%2Fv2%2Fcomments&post=30714"}],"version-history":[{"count":0,"href":"http:\/\/www.korhanyilmaz.com\/index.php?rest_route=\/wp\/v2\/posts\/30714\/revisions"}],"wp:attachment":[{"href":"http:\/\/www.korhanyilmaz.com\/index.php?rest_route=%2Fwp%2Fv2%2Fmedia&parent=30714"}],"wp:term":[{"taxonomy":"category","embeddable":true,"href":"http:\/\/www.korhanyilmaz.com\/index.php?rest_route=%2Fwp%2Fv2%2Fcategories&post=30714"},{"taxonomy":"post_tag","embeddable":true,"href":"http:\/\/www.korhanyilmaz.com\/index.php?rest_route=%2Fwp%2Fv2%2Ftags&post=30714"}],"curies":[{"name":"wp","href":"https:\/\/api.w.org\/{rel}","templated":true}]}}