{"id":30710,"date":"2011-04-18T10:45:35","date_gmt":"2011-04-18T07:45:35","guid":{"rendered":"http:\/\/www.korhanyilmaz.com\/?p=30710"},"modified":"2011-04-18T10:45:35","modified_gmt":"2011-04-18T07:45:35","slug":"turkiyede-taliban-ofisi","status":"publish","type":"post","link":"http:\/\/www.korhanyilmaz.com\/?p=30710","title":{"rendered":"T\u00fcrkiye&#8217;de Taliban ofisi"},"content":{"rendered":"<p style=\"text-align: justify;\"><a href=\"http:\/\/www.korhanyilmaz.com\/wp-content\/uploads\/2011\/04\/155.jpg\"  class=\"lightview\"><img loading=\"lazy\" decoding=\"async\" class=\"aligncenter size-full wp-image-30711\" src=\"http:\/\/www.korhanyilmaz.com\/wp-content\/uploads\/2011\/04\/155.jpg\" alt=\"\" width=\"416\" height=\"200\" \/><\/a><\/p>\n<p style=\"text-align: justify;\">Wall Street Journal, haberinde T\u00fcrkiye\u2019de uluslararas\u0131 toplumla m\u00fczakerelerin y\u00fcr\u00fct\u00fclmesi amac\u0131yla daimi bir Taliban ofisi a\u00e7\u0131lmas\u0131 plan\u0131n\u0131 de\u011ferlendirdi.<\/p>\n<p style=\"text-align: justify;\">NEW YORK \u2013 Wall Street Journal gazetesi, Afganistan\u2019da \u015fiddet olaylar\u0131 devam ederken, T\u00fcrkiye\u2019de uluslararas\u0131 toplumla m\u00fczakerelere zemin olmas\u0131 amac\u0131yla a\u00e7\u0131lmas\u0131 planlanan daimi Taliban ofisine dikkat \u00e7ekti. <!--more--><\/p>\n<p style=\"text-align: justify;\">Gazete, T\u00fcrk yetkililerin Taliban liderlerinin \u00e7o\u011funun, uluslararas\u0131 seyahatleri yasaklayan BM kara listesinde olmas\u0131n\u0131n \u00f6nemli bir sorun te\u015fkil etmeyece\u011fini s\u00f6ylediklerini bildirdi.<\/p>\n<p style=\"text-align: justify;\">Wall Street Journal gazetesi, Afganistan\u2019da son zamanlarda ya\u015fanan \u015fiddete dikkat \u00e7ekerek bir \u00e7ok \u00f6nde gelen Taliban liderinin, BM&#8217;nin mal varl\u0131klar\u0131n\u0131 donduran ve seyahat yasa\u011f\u0131 getiren kara listesinde oldu\u011funa i\u015faret ederek, \u201cFakat Ankara\u2019daki yetkililer bunun \u00f6nemli bir sorun olmamas\u0131 gerekti\u011fini d\u00fc\u015f\u00fcn\u00fcyor\u201d g\u00f6r\u00fc\u015f\u00fcne yer verildi.<\/p>\n<p style=\"text-align: justify;\">Haberde D\u0131\u015fi\u015fleri Bakan\u0131 Ahmet Davuto\u011flu\u2019nun yak\u0131n zaman \u00f6nce Afganistan&#8217;da uzla\u015fma \u00e7abalar\u0131n\u0131n y\u00fcr\u00fct\u00fclmesiyle ilgilenen h\u00fck\u00fcmete ba\u011fl\u0131 kurum olan Y\u00fcksek Bar\u0131\u015f Konseyi&#8217;nin Ba\u015fkan\u0131 ile Taliban\u2019\u0131n T\u00fcrkiye\u2019de ofis a\u00e7mas\u0131 fikrini tart\u0131\u015ft\u0131klar\u0131n\u0131 s\u00f6yledi\u011fi belirtilirken, Davuto\u011flu&#8217;nun o zaman T\u00fcrkiye&#8217;nin Taliban ofisine ev sahipli\u011fi yapma fikrine a\u00e7\u0131k oldu\u011funu ifade etti\u011fi, ancak herhangi bir teklifte bulunulmad\u0131\u011f\u0131n\u0131 kaydetti\u011fi aktar\u0131ld\u0131.<\/p>\n<p style=\"text-align: justify;\">Haberde, Taliban s\u00f6zc\u00fcs\u00fc Quari Yusuf Ahmedi\u2019nin ise T\u00fcrkiye\u2019de Taliban ofisi kurulmas\u0131 planlar\u0131yla ilgili yorum yapmad\u0131\u011f\u0131 belirtildi.<\/p>\n<p style=\"text-align: justify;\">Gazete, Taliban\u2019\u0131n T\u00fcrkiye\u2019de ofis a\u00e7ma planlar\u0131 \u00e7er\u00e7evesinde, Ba\u015fbakan Ba\u015fdan\u0131\u015fman\u0131 \u0130brahim Kal\u0131n\u2019\u0131n, \u0130stanbul\u2019da bir ofis a\u00e7\u0131lmas\u0131n\u0131n m\u00fczakerelere ba\u011fl\u0131 oldu\u011funu s\u00f6yledi\u011fini, fakat m\u00fczakerelerin T\u00fcrkiye\u2019den kiminle yap\u0131ld\u0131\u011f\u0131n\u0131 belirtmedi\u011fini ve anla\u015fman\u0131n ger\u00e7ekle\u015fmeyebilece\u011fini de vurgulad\u0131\u011f\u0131 ifade edildi.<\/p>\n<p style=\"text-align: justify;\">\u00d6te yandan \u00f6nde gelen bir T\u00fcrk diplomat\u0131n ise b\u00f6yle bir ad\u0131m konusunda baz\u0131 uzla\u015fmalar\u0131n olaca\u011f\u0131n\u0131 varsayd\u0131\u011f\u0131na ve seyahat s\u0131n\u0131rlamas\u0131 i\u00e7in baz\u0131 istisnalara izin verilebilece\u011fini s\u00f6yledi\u011fine dikkat \u00e7ekildi.<\/p>\n<p style=\"text-align: justify;\">Haberde bu \u00e7abalar\u0131n, taktikler konusunda T\u00fcrkiye ve ABD\u2019yi kar\u015f\u0131 kar\u015f\u0131ya getirdi\u011fi savunulurken ABD D\u0131\u015fi\u015fleri Bakanl\u0131\u011f\u0131\u2019n\u0131n konuyla ilgili yorum taleblerini cevaps\u0131z b\u0131rakt\u0131\u011f\u0131 kaydedildi.<\/p>\n<p style=\"text-align: justify;\">T\u00fcrkiye\u2019nin NATO&#8217;ya \u00fcye olup Afganistan\u2019da sava\u015fmayan birlikleri olan tek M\u00fcsl\u00fcman \u00fclke oldu\u011fu belirtilerek, \u201cTaliban ofisine evsahibi olmak y\u00f6n\u00fcndeki \u00e7aba, Ankara\u2019n\u0131n b\u00f6lgede yapt\u0131\u011f\u0131 son arabuluculuk \u00e7al\u0131\u015fmas\u0131\u201d yorumuna yer verildi.<\/p>\n<p style=\"text-align: justify;\"><a href=\"http:\/\/www.gazeteport.com.tr\/DUNYA\/NEWS\/GP_889141\" target=\"_blank\">Kaynak : GAZETEPORT<\/a><\/p>\n","protected":false},"excerpt":{"rendered":"<p style=\"text-align: justify;\">\n<p style=\"text-align: justify;\">Wall Street Journal, haberinde T\u00fcrkiye\u2019de uluslararas\u0131 toplumla m\u00fczakerelerin y\u00fcr\u00fct\u00fclmesi amac\u0131yla daimi bir Taliban ofisi a\u00e7\u0131lmas\u0131 plan\u0131n\u0131 de\u011ferlendirdi.<\/p>\n<p style=\"text-align: justify;\">NEW YORK \u2013 Wall Street Journal gazetesi, Afganistan\u2019da \u015fiddet olaylar\u0131 devam ederken, T\u00fcrkiye\u2019de uluslararas\u0131 toplumla m\u00fczakerelere zemin olmas\u0131 amac\u0131yla a\u00e7\u0131lmas\u0131 planlanan daimi Taliban ofisine dikkat \u00e7ekti. <\/p>\n","protected":false},"author":1,"featured_media":0,"comment_status":"open","ping_status":"closed","sticky":false,"template":"","format":"standard","meta":{"footnotes":""},"categories":[105],"tags":[],"class_list":["post-30710","post","type-post","status-publish","format-standard","hentry","category-gundem","odd"],"_links":{"self":[{"href":"http:\/\/www.korhanyilmaz.com\/index.php?rest_route=\/wp\/v2\/posts\/30710","targetHints":{"allow":["GET"]}}],"collection":[{"href":"http:\/\/www.korhanyilmaz.com\/index.php?rest_route=\/wp\/v2\/posts"}],"about":[{"href":"http:\/\/www.korhanyilmaz.com\/index.php?rest_route=\/wp\/v2\/types\/post"}],"author":[{"embeddable":true,"href":"http:\/\/www.korhanyilmaz.com\/index.php?rest_route=\/wp\/v2\/users\/1"}],"replies":[{"embeddable":true,"href":"http:\/\/www.korhanyilmaz.com\/index.php?rest_route=%2Fwp%2Fv2%2Fcomments&post=30710"}],"version-history":[{"count":0,"href":"http:\/\/www.korhanyilmaz.com\/index.php?rest_route=\/wp\/v2\/posts\/30710\/revisions"}],"wp:attachment":[{"href":"http:\/\/www.korhanyilmaz.com\/index.php?rest_route=%2Fwp%2Fv2%2Fmedia&parent=30710"}],"wp:term":[{"taxonomy":"category","embeddable":true,"href":"http:\/\/www.korhanyilmaz.com\/index.php?rest_route=%2Fwp%2Fv2%2Fcategories&post=30710"},{"taxonomy":"post_tag","embeddable":true,"href":"http:\/\/www.korhanyilmaz.com\/index.php?rest_route=%2Fwp%2Fv2%2Ftags&post=30710"}],"curies":[{"name":"wp","href":"https:\/\/api.w.org\/{rel}","templated":true}]}}