{"id":30696,"date":"2011-04-19T07:35:23","date_gmt":"2011-04-19T04:35:23","guid":{"rendered":"http:\/\/www.korhanyilmaz.com\/?p=30696"},"modified":"2011-04-19T07:35:23","modified_gmt":"2011-04-19T04:35:23","slug":"secim-mi-ertelenecek","status":"publish","type":"post","link":"http:\/\/www.korhanyilmaz.com\/?p=30696","title":{"rendered":"Se\u00e7im mi ertelenecek?"},"content":{"rendered":"<p style=\"text-align: center;\"><a href=\"http:\/\/www.korhanyilmaz.com\/wp-content\/uploads\/2011\/04\/151.jpg\"  class=\"lightview\"><img loading=\"lazy\" decoding=\"async\" class=\"aligncenter size-full wp-image-30697\" src=\"http:\/\/www.korhanyilmaz.com\/wp-content\/uploads\/2011\/04\/151.jpg\" alt=\"\" width=\"413\" height=\"153\" \/><\/a><\/p>\n<p style=\"text-align: justify;\">YSK\u2019n\u0131n, ikisi milletvekili 12 ba\u011f\u0131ms\u0131z aday hakk\u0131ndaki \u2018\u2019Veto\u2019\u2019 karar\u0131 ortal\u0131\u011f\u0131 kar\u0131\u015ft\u0131rd\u0131. Ankara\u2019da \u2018\u2019Se\u00e7imin ertelenmesi\u2019\u2019 tart\u0131\u015fmalar\u0131 ba\u015flad\u0131. Ancak Anayasa gere\u011fi 12 Haziran se\u00e7imleri en \u00e7ok 39 g\u00fcn s\u00fcreyle ertelenebiliyor.<\/p>\n<p style=\"text-align: justify;\">ANKARA- YSK\u2019n\u0131n, ikisi milletvekili 12 ba\u011f\u0131ms\u0131z aday hakk\u0131ndaki \u2018\u2019Veto\u2019\u2019 karar\u0131 ortal\u0131\u011f\u0131 kar\u0131\u015ft\u0131r\u0131rken Ankara\u2019da \u2018\u2019Se\u00e7imin ertelenmesi\u2019\u2019 tart\u0131\u015fmalar\u0131 ba\u015flad\u0131. Ancak Anayasa gere\u011fi 12 Haziran se\u00e7imleri en \u00e7ok 39 g\u00fcn s\u00fcreyle ertelenebiliyor. <!--more--><\/p>\n<p style=\"text-align: justify;\">Anayasa\u2019daki 4 y\u0131ll\u0131k se\u00e7im d\u00f6nemi nedeniyle se\u00e7imin en ge\u00e7 22 Temmuz 2011\u2019e kadar yap\u0131lmas\u0131 gerekiyor. Anayasa, sava\u015f durumu hari\u00e7, se\u00e7imlerin daha uzun s\u00fcreyle ertelenmesine olanak tan\u0131m\u0131yor. TBMM se\u00e7imleri en fazla 39 g\u00fcn s\u00fcreyle erteleme karar\u0131 alsa dahi, yasal engelleri a\u015fmak i\u00e7in yap\u0131lmas\u0131 gereken Anayasa de\u011fi\u015fikli\u011fi 227 milletvekilinin yeniden aday g\u00f6sterilmemesi nedeniyle imkans\u0131za yak\u0131n bulunuyor. Anayasan\u0131n referandumsuz kabul\u00fc i\u00e7in 367 oy gerekiyor.<\/p>\n<p style=\"text-align: justify;\"><strong>ERTELEN\u0130RSE NE OLUR ?<\/strong><\/p>\n<p style=\"text-align: justify;\">BDP k\u00f6kenli ba\u011f\u0131ms\u0131zlara gelen veto \u015fok etkisi yarat\u0131rken, BDP se\u00e7imlerin ertelenmesini, aksi taktirde t\u00fcm adaylar\u0131n\u0131 geri \u00e7ekerek se\u00e7ime kat\u0131lmamay\u0131 tart\u0131\u015fmaya ba\u015flad\u0131. Vetolu ba\u011f\u0131ms\u0131zlar\u0131n yerime yasa gere\u011fi yeni isim de bildirilemedi\u011fi i\u00e7in BDP se\u00e7ime girerse 61 aday yerine 49 adayla yar\u0131\u015fmak zorunda kalacak.<\/p>\n<p style=\"text-align: justify;\">Se\u00e7imlerin 39 g\u00fcn s\u00fcreyle ertelenmesi de Anayasa ve yasalar gere\u011fi sorunu \u00e7\u00f6zm\u00fcyor. 39 g\u00fcnl\u00fck s\u00fcrede TBMM\u2019nin acil yasal d\u00fczenlemeler ile soruna \u00e7\u00f6z\u00fcm getirmesi \u00e7ok zor g\u00f6r\u00fcn\u00fcyor. Yeniden aday g\u00f6sterilmeyen AKP\u2019li 167 milletvekili ile di\u011fer partilerdekilerle birlikte 227 vekil, Anayasa\u2019da yap\u0131lmas\u0131 gereken de\u011fi\u015fikliklere onay vermeyece\u011fi, hatta Genel kurula dahi gelmeyece\u011fi i\u00e7in de\u011fi\u015fiklik zora giriyor.<\/p>\n<p style=\"text-align: justify;\"><strong>ENGEL MADDELER<\/strong><\/p>\n<p style=\"text-align: justify;\">YSK\u2019n\u0131n veto karar\u0131, se\u00e7imlerin ertelenmesi, YSK karar\u0131na itiraz gibi engellerin a\u015f\u0131labilmesi i\u00e7in yasal de\u011fi\u015fikliklerin \u00f6n\u00fcnde \u015fu engeller bulunuyor:<\/p>\n<p style=\"text-align: justify;\">Anayasa\u2019n\u0131n 76. maddesi milletvekili se\u00e7ilme yeterlili\u011fini d\u00fczenliyor. Baz\u0131 su\u00e7lar\u0131ndan h\u00fck\u00fcm giyenler affa u\u011fram\u0131\u015f olsalar dahi milletvekili se\u00e7ilemiyor. BDP\u2019li ba\u011f\u0131ms\u0131zlar\u0131n adayl\u0131\u011f\u0131 i\u00e7in bu maddede de\u011fi\u015fiklik gerekiyor.<\/p>\n<p style=\"text-align: justify;\">Anayasa\u2019n\u0131n 77. maddesi se\u00e7im d\u00f6nemini 4 y\u0131l olarak belirliyor. 78. madde de sava\u015f hali d\u0131\u015f\u0131nda se\u00e7imlerin ertelenemeyece\u011fini \u00f6ng\u00f6r\u00fcyor. Bu maddelerde de de\u011fi\u015fiklik gerekiyor.<\/p>\n<p style=\"text-align: justify;\">Anayasa\u2019n\u0131n 79. maddesi YSK kararlar\u0131 aleyhine ba\u015fka bir merciye ba\u015fvuru hakk\u0131 tan\u0131m\u0131yor. Bu maddede de\u011fi\u015fiklik yap\u0131lmas\u0131 ve YSK kararlar\u0131n\u0131n Yarg\u0131tay ya da Anayasa Mahkemesi gibi bir merci taraf\u0131ndan kesinle\u015ftirilmesi h\u00fckm\u00fcn\u00fcn getirilmesi gerekiyor.<\/p>\n<p style=\"text-align: justify;\"><strong>\u00c7IKAR YOL G\u00d6Z\u00dcKM\u00dcYOR ?<\/strong><\/p>\n<p style=\"text-align: justify;\">Ancak t\u00fcm bu yasal de\u011fi\u015fiklikler Anayasa d\u00fczenlemesini gerektiriyor. TBMM\u2019de 330-367 oy aras\u0131nda benimsenen de\u011fi\u015fiklikler ise referanduma gidiyor. Aday listeleri a\u00e7\u0131kland\u0131ktan sonra TBMM\u2019nin 39 g\u00fcn i\u00e7inde 330 oyu bile bulup de\u011fi\u015fiklik yapabilmesi m\u00fcmk\u00fcn g\u00f6r\u00fclm\u00fcyor.<\/p>\n<p style=\"text-align: justify;\">Bu nedenle 12 Haziran se\u00e7imlerine BDP\u2019siz ya da BDP\u2019nin destekledi\u011fi 12 aday\u0131n kat\u0131lmayaca\u011f\u0131 bir ortamda gidilmesinden ba\u015fka bir y\u00f6ntem \u015fimdilik g\u00f6r\u00fclm\u00fcyor.<\/p>\n<p><a href=\"http:\/\/www.gazeteport.com.tr\/SIYASET\/NEWS\/GP_889662\" target=\"_blank\">Kaynak : Emin \u00d6ZG\u00d6N\u00dcL &#8211; GAZETEPORT<\/a><\/p>\n","protected":false},"excerpt":{"rendered":"<p style=\"text-align: center;\">\n<p style=\"text-align: justify;\">YSK\u2019n\u0131n, ikisi milletvekili 12 ba\u011f\u0131ms\u0131z aday hakk\u0131ndaki \u2018\u2019Veto\u2019\u2019 karar\u0131 ortal\u0131\u011f\u0131 kar\u0131\u015ft\u0131rd\u0131. Ankara\u2019da \u2018\u2019Se\u00e7imin ertelenmesi\u2019\u2019 tart\u0131\u015fmalar\u0131 ba\u015flad\u0131. Ancak Anayasa gere\u011fi 12 Haziran se\u00e7imleri en \u00e7ok 39 g\u00fcn s\u00fcreyle ertelenebiliyor.<\/p>\n<p style=\"text-align: justify;\">ANKARA- YSK\u2019n\u0131n, ikisi milletvekili 12 ba\u011f\u0131ms\u0131z aday hakk\u0131ndaki \u2018\u2019Veto\u2019\u2019 karar\u0131 ortal\u0131\u011f\u0131 kar\u0131\u015ft\u0131r\u0131rken Ankara\u2019da \u2018\u2019Se\u00e7imin ertelenmesi\u2019\u2019 tart\u0131\u015fmalar\u0131 ba\u015flad\u0131. Ancak Anayasa gere\u011fi <\/p>\n","protected":false},"author":1,"featured_media":0,"comment_status":"open","ping_status":"closed","sticky":false,"template":"","format":"standard","meta":{"footnotes":""},"categories":[105],"tags":[],"class_list":["post-30696","post","type-post","status-publish","format-standard","hentry","category-gundem","odd"],"_links":{"self":[{"href":"http:\/\/www.korhanyilmaz.com\/index.php?rest_route=\/wp\/v2\/posts\/30696","targetHints":{"allow":["GET"]}}],"collection":[{"href":"http:\/\/www.korhanyilmaz.com\/index.php?rest_route=\/wp\/v2\/posts"}],"about":[{"href":"http:\/\/www.korhanyilmaz.com\/index.php?rest_route=\/wp\/v2\/types\/post"}],"author":[{"embeddable":true,"href":"http:\/\/www.korhanyilmaz.com\/index.php?rest_route=\/wp\/v2\/users\/1"}],"replies":[{"embeddable":true,"href":"http:\/\/www.korhanyilmaz.com\/index.php?rest_route=%2Fwp%2Fv2%2Fcomments&post=30696"}],"version-history":[{"count":0,"href":"http:\/\/www.korhanyilmaz.com\/index.php?rest_route=\/wp\/v2\/posts\/30696\/revisions"}],"wp:attachment":[{"href":"http:\/\/www.korhanyilmaz.com\/index.php?rest_route=%2Fwp%2Fv2%2Fmedia&parent=30696"}],"wp:term":[{"taxonomy":"category","embeddable":true,"href":"http:\/\/www.korhanyilmaz.com\/index.php?rest_route=%2Fwp%2Fv2%2Fcategories&post=30696"},{"taxonomy":"post_tag","embeddable":true,"href":"http:\/\/www.korhanyilmaz.com\/index.php?rest_route=%2Fwp%2Fv2%2Ftags&post=30696"}],"curies":[{"name":"wp","href":"https:\/\/api.w.org\/{rel}","templated":true}]}}