{"id":30689,"date":"2011-04-19T11:55:33","date_gmt":"2011-04-19T08:55:33","guid":{"rendered":"http:\/\/www.korhanyilmaz.com\/?p=30689"},"modified":"2011-04-19T11:55:33","modified_gmt":"2011-04-19T08:55:33","slug":"ysknin-bagimsiz-adaylarla-ilgili-kararin-gerekcesi-belli-oldu","status":"publish","type":"post","link":"http:\/\/www.korhanyilmaz.com\/?p=30689","title":{"rendered":"YSK&#8217;n\u0131n ba\u011f\u0131ms\u0131z adaylarla ilgili karar\u0131n gerek\u00e7esi belli oldu"},"content":{"rendered":"<p style=\"text-align: justify;\"><a href=\"http:\/\/www.korhanyilmaz.com\/wp-content\/uploads\/2011\/04\/148.jpg\"  class=\"lightview\"><img loading=\"lazy\" decoding=\"async\" class=\"aligncenter size-full wp-image-30690\" src=\"http:\/\/www.korhanyilmaz.com\/wp-content\/uploads\/2011\/04\/148.jpg\" alt=\"\" width=\"384\" height=\"254\" \/><\/a><\/p>\n<p style=\"text-align: justify;\">Y\u00fcksek Se\u00e7im Kurulunun (YSK), 7&#8217;si BDP&#8217;li 12 ba\u011f\u0131ms\u0131z milletvekili aday\u0131yla ilgili ald\u0131\u011f\u0131 iptal karar\u0131n\u0131n gerek\u00e7esi belli oldu.<\/p>\n<p style=\"text-align: justify;\">ANKARA &#8211; Harun \u00d6zcan, Abdullah K\u0131z\u0131lay, Mehmet Hatip Dicle, Leyla Zana, \u0130sa G\u00fcrb\u00fcz, \u00c7i\u00e7ek Otlu, Mehmet Salih Y\u0131ld\u0131z, Ertu\u011frul K\u00fcrk\u00e7\u00fc, Nezir Sincar, G\u00fcltan K\u0131\u015fanak (\u00d6zer), Sebahat Tuncel ve \u015eerafettin Efe&#8217;nin ba\u011f\u0131ms\u0131z milletvekili adayl\u0131klar\u0131n\u0131n iptali karar\u0131n\u0131 oy birli\u011fiyle alan YSK&#8217;n\u0131n ilgili il se\u00e7im kurullar\u0131na g\u00f6nderdi\u011fi kararda, Anayasa&#8217;n\u0131n 76. maddesinde ve 2839 say\u0131l\u0131 Milletvekili Se\u00e7im Kanunu&#8217;nun 11 ve 21. maddelerinde kimlerin milletvekili se\u00e7ilemeyece\u011finin belirlendi\u011fi hat\u0131rlat\u0131ld\u0131. <!--more--><\/p>\n<p style=\"text-align: justify;\">12 Haziran&#8217;da yap\u0131lacak se\u00e7imde ba\u011f\u0131ms\u0131z adaylar\u0131n ba\u015fvurular\u0131nda dilek\u00e7elerine eklemeleri gereken belgeler ve yerine getirmeleri gereken konular\u0131n YSK genelgesiyle a\u00e7\u0131kland\u0131\u011f\u0131 belirtildi.<\/p>\n<p style=\"text-align: justify;\">Bu h\u00fck\u00fcmler \u00e7er\u00e7evesinde ba\u011f\u0131ms\u0131z milletvekili adayl\u0131\u011f\u0131 i\u00e7in ba\u015fvuranlar\u0131n \u0130l Se\u00e7im Kurulu ba\u015fkanl\u0131klar\u0131na sunduklar\u0131 belgelerin ilgili kanun ve genelge h\u00fck\u00fcmleri \u00e7er\u00e7evesinde incelendi\u011fi vurguland\u0131.<\/p>\n<p style=\"text-align: justify;\">Kararda, Diyarbak\u0131r se\u00e7im \u00e7evresinden Mehmet Hatip Dicle ve Leyla Zana&#8217;n\u0131n, Ankara 11. A\u011f\u0131r Ceza Mahkemesi&#8217;nin 9 Mart 2007 tarihli ilamlar\u0131 ile 5237 say\u0131l\u0131 T\u00fcrk Ceza Kanunu&#8217;nun \u201csilahl\u0131 \u00f6rg\u00fcte \u00fcye olma su\u00e7unu\u201d d\u00fczenleyen 314\/2 ve 3713 say\u0131l\u0131 Ter\u00f6rle M\u00fccadele Kanunu&#8217;nda \u201ccezalar\u0131n art\u0131r\u0131lmas\u0131n\u0131 \u00f6ng\u00f6ren 5. maddesindeki ter\u00f6rle ilgili su\u00e7lar\u0131n art\u0131r\u0131m\u0131na\u201d ili\u015fkin maddesi uyar\u0131nca 7 y\u0131l 6 ay hapis cezas\u0131yla cezaland\u0131r\u0131ld\u0131klar\u0131 bildirildi.<\/p>\n<p style=\"text-align: justify;\">Siirt se\u00e7im \u00e7evresinden G\u00fcltan K\u0131\u015fanak&#8217;\u0131n (\u00d6zer), \u0130zmir Devlet G\u00fcvenlik Mahkemesi&#8217;nin 18 \u015eubat 1992 tarihli ilam\u0131 ile 2911 say\u0131l\u0131 Toplant\u0131 ve G\u00f6steri Y\u00fcr\u00fcy\u00fc\u015f\u00fc Kanunu&#8217;nun \u201ch\u00fck\u00fcmet emrine kar\u015f\u0131 gelmek\u201d ba\u015fl\u0131kl\u0131 maddesi ve eski T\u00fcrk Ceza Kanunu&#8217;nun 81. maddesi 1. f\u0131kras\u0131nda \u201csu\u00e7un tekrar\u0131\u201d ba\u015fl\u0131\u011f\u0131 uyar\u0131nca 1 y\u0131l 4 ay 15 g\u00fcn hapis ve 55 bin lira a\u011f\u0131r para cezas\u0131yla cezaland\u0131r\u0131ld\u0131\u011f\u0131n\u0131n belirlendi\u011fi ifade edilen kararda, bu milletvekili adaylar\u0131n\u0131n belirtilen mahkumiyetleri nedeniyle ba\u015fvuru tarihi itibar\u0131yla memnu haklar\u0131n iadesine ili\u015fkin bir karar ibraz etmediklerinin g\u00f6r\u00fcld\u00fc\u011f\u00fc kaydedildi.<\/p>\n<p style=\"text-align: justify;\">\u0130stanbul 1. il se\u00e7im \u00e7evresinde Sebahat Tuncel&#8217;in \u0130stanbul 7. Asliye Ceza Mahkemesi&#8217;nin 25 May\u0131s 2006 tarihli ilam\u0131 ile 2911 say\u0131l\u0131 Toplant\u0131 ve G\u00f6steri Y\u00fcr\u00fcy\u00fc\u015f\u00fc Kanunu&#8217;na muhalefetten ve 647 say\u0131l\u0131 Cezalar\u0131n \u0130nfaz\u0131 Hakk\u0131ndaki Kanunun, cezalar\u0131n ertelenmesine ili\u015fkin 6. maddesi gere\u011fince 1 y\u0131l 6 ay hapis ve 91 TL adli para cezas\u0131yla cezaland\u0131r\u0131ld\u0131\u011f\u0131n\u0131, karar\u0131n 3 Temmuz 2007&#8217;de kesinle\u015fti\u011finin ve bu tarihten itibaren ba\u015flayan \u201cdeneme\u201d s\u00fcresinin hen\u00fcz bitmedi\u011finin anla\u015f\u0131ld\u0131\u011f\u0131 kaydedildi.<\/p>\n<p style=\"text-align: justify;\">Kararda, bu nedenlerle Anayasa&#8217;n\u0131n 76 ve 2839 say\u0131l\u0131 Kanun&#8217;un 11 ve 21. maddeleri uyar\u0131nca bu ki\u015filerin adayl\u0131k ko\u015fullar\u0131n\u0131 ta\u015f\u0131mad\u0131klar\u0131ndan ba\u011f\u0131ms\u0131z milletvekili adayl\u0131klar\u0131n\u0131n iptaline oy birli\u011fiyle karar verildi\u011fi bildirildi.<\/p>\n<p style=\"text-align: justify;\"><a href=\"http:\/\/www.radikal.com.tr\/Radikal.aspx?aType=RadikalDetayV3&amp;ArticleID=1046678&amp;Date=19.04.2011&amp;CategoryID=78\" target=\"_blank\">Kaynak : Radikal<\/a><\/p>\n","protected":false},"excerpt":{"rendered":"<p style=\"text-align: justify;\">\n<p style=\"text-align: justify;\">Y\u00fcksek Se\u00e7im Kurulunun (YSK), 7&#8217;si BDP&#8217;li 12 ba\u011f\u0131ms\u0131z milletvekili aday\u0131yla ilgili ald\u0131\u011f\u0131 iptal karar\u0131n\u0131n gerek\u00e7esi belli oldu.<\/p>\n<p style=\"text-align: justify;\">ANKARA &#8211; Harun \u00d6zcan, Abdullah K\u0131z\u0131lay, Mehmet Hatip Dicle, Leyla Zana, \u0130sa G\u00fcrb\u00fcz, \u00c7i\u00e7ek Otlu, Mehmet Salih Y\u0131ld\u0131z, Ertu\u011frul K\u00fcrk\u00e7\u00fc, Nezir Sincar, G\u00fcltan K\u0131\u015fanak (\u00d6zer), Sebahat Tuncel ve \u015eerafettin Efe&#8217;nin ba\u011f\u0131ms\u0131z <\/p>\n","protected":false},"author":1,"featured_media":0,"comment_status":"open","ping_status":"closed","sticky":false,"template":"","format":"standard","meta":{"footnotes":""},"categories":[105],"tags":[],"class_list":["post-30689","post","type-post","status-publish","format-standard","hentry","category-gundem","odd"],"_links":{"self":[{"href":"http:\/\/www.korhanyilmaz.com\/index.php?rest_route=\/wp\/v2\/posts\/30689","targetHints":{"allow":["GET"]}}],"collection":[{"href":"http:\/\/www.korhanyilmaz.com\/index.php?rest_route=\/wp\/v2\/posts"}],"about":[{"href":"http:\/\/www.korhanyilmaz.com\/index.php?rest_route=\/wp\/v2\/types\/post"}],"author":[{"embeddable":true,"href":"http:\/\/www.korhanyilmaz.com\/index.php?rest_route=\/wp\/v2\/users\/1"}],"replies":[{"embeddable":true,"href":"http:\/\/www.korhanyilmaz.com\/index.php?rest_route=%2Fwp%2Fv2%2Fcomments&post=30689"}],"version-history":[{"count":0,"href":"http:\/\/www.korhanyilmaz.com\/index.php?rest_route=\/wp\/v2\/posts\/30689\/revisions"}],"wp:attachment":[{"href":"http:\/\/www.korhanyilmaz.com\/index.php?rest_route=%2Fwp%2Fv2%2Fmedia&parent=30689"}],"wp:term":[{"taxonomy":"category","embeddable":true,"href":"http:\/\/www.korhanyilmaz.com\/index.php?rest_route=%2Fwp%2Fv2%2Fcategories&post=30689"},{"taxonomy":"post_tag","embeddable":true,"href":"http:\/\/www.korhanyilmaz.com\/index.php?rest_route=%2Fwp%2Fv2%2Ftags&post=30689"}],"curies":[{"name":"wp","href":"https:\/\/api.w.org\/{rel}","templated":true}]}}