{"id":30685,"date":"2011-04-19T10:14:08","date_gmt":"2011-04-19T07:14:08","guid":{"rendered":"http:\/\/www.korhanyilmaz.com\/?p=30685"},"modified":"2011-04-19T10:14:08","modified_gmt":"2011-04-19T07:14:08","slug":"kararimiz-cok-acik","status":"publish","type":"post","link":"http:\/\/www.korhanyilmaz.com\/?p=30685","title":{"rendered":"&#8216;Karar\u0131m\u0131z \u00e7ok a\u00e7\u0131k&#8217;"},"content":{"rendered":"<p style=\"text-align: center;\"><a href=\"http:\/\/www.korhanyilmaz.com\/wp-content\/uploads\/2011\/04\/147.jpg\"  class=\"lightview\"><img loading=\"lazy\" decoding=\"async\" class=\"aligncenter size-full wp-image-30686\" src=\"http:\/\/www.korhanyilmaz.com\/wp-content\/uploads\/2011\/04\/147.jpg\" alt=\"\" width=\"360\" height=\"240\" \/><\/a><\/p>\n<p style=\"text-align: justify;\">YSK Ba\u015fkan\u0131 Ali Em, baz\u0131 ba\u011f\u0131ms\u0131z adaylar\u0131n veto edilmesi ile ilgili &#8216;Karar\u0131m\u0131z \u00e7ok a\u00e7\u0131k. A\u00e7\u0131klama yapmayaca\u011f\u0131z&#8217; dedi.<\/p>\n<p style=\"text-align: justify;\">Em, YSK\u2019ya geli\u015finde gazetecilerin sorular\u0131 \u00fczerine, Kurulun, &#8220;12 ba\u011f\u0131ms\u0131z milletvekili aday\u0131n\u0131n aday olamayacaklar\u0131na&#8221; ili\u015fkin karar\u0131n\u0131n a\u00e7\u0131k oldu\u011funu s\u00f6yledi. YSK Ba\u015fkan\u0131 Em, &#8220;Karar\u0131m\u0131z belli, bunun d\u0131\u015f\u0131nda bir a\u00e7\u0131klama yapmayaca\u011f\u0131m&#8221; diye konu\u015ftu. Bu arada, YSK\u2019n\u0131n 12 ba\u011f\u0131ms\u0131z milletvekili aday\u0131n\u0131n, adayl\u0131klar\u0131n\u0131n iptaline ili\u015fkin karar\u0131 ilgili il se\u00e7im kurullar\u0131na g\u00f6nderildi. <!--more--><\/p>\n<p style=\"text-align: justify;\"><strong>GER\u00c7EKER: \u0130T\u0130RAZ EDEB\u0130L\u0130RLER<\/strong><\/p>\n<p style=\"text-align: justify;\">Yarg\u0131tay Ba\u015fkan\u0131 Hasan Ger\u00e7eker, 12 ba\u011f\u0131ms\u0131z milletvekili aday\u0131n\u0131n, adayl\u0131klar\u0131n\u0131n iptaline ili\u015fkin YSK karar\u0131n\u0131 de\u011ferlendirdi Ger\u00e7eker, K\u00fclt\u00fcr \u00dcniversitesinde d\u00fczenlenen, &#8220;2. \u00c7ocuk ve Hukuk Uluslararas\u0131 Kolokyumu&#8221; \u00f6ncesinde konu\u015ftu. Ger\u00e7eker, \u201c\u0130tiraz hakk\u0131 var m\u0131d\u0131r ?\u201c sorusuna \u201cElbette tabii YSK kararlar\u0131 kesin ama kendi kararlar\u0131n\u0131 itiraz \u00fczerine de\u011ferlendirebilirler. Bir yanl\u0131\u015fl\u0131k varsa d\u00fczeltebilirler. Ben de sizler gibi bas\u0131ndan \u00f6\u011frendim\u201c yan\u0131t\u0131n\u0131 verdi. &#8220;Daha \u00f6nce b\u00f6yle biri itiraz var m\u0131yd\u0131? \u201c sorusuna ise Ger\u00e7eker, \u201c\u015eimdi bak\u0131n YSK\u2019n\u0131n kararlar\u0131 kesindir. E\u011fer maddi bir hata varsa, kendileri onu d\u00fczeltebilirler. \u0130tiraz \u00fczerine inceleyebilirler. Yan\u0131lm\u0131yorsam aday listeleri ilan edildi Resmi Gazetede. O listelere kar\u015f\u0131 da itiraz haklar\u0131 var ba\u015fkalar\u0131n\u0131n. Orada maddi bir yanl\u0131\u015fl\u0131k varsa YSK kendi i\u00e7inden bunlar\u0131 d\u00fczeltebilirler. YSK kararlar\u0131na kar\u015f\u0131 ba\u015fka bir merciye gitme hakk\u0131 yok. Kendileri gidip YSK\u2019ya gidip itiraz edecekler\u201c diye yan\u0131t verdi.<\/p>\n<p style=\"text-align: justify;\">Daha \u00f6nce b\u00f6yle biri itiraz olup da nas\u0131l sonu\u00e7land\u0131\u011f\u0131 sorusuna ise Ger\u00e7eker, &#8220;Olabilir bazen yanl\u0131\u015fl\u0131k varsa maddi bir hata varsa bunlar d\u00fczeltilir. Bunlar yarg\u0131n\u0131n kendi i\u00e7 denetim mekanizmalar\u0131nda da vard\u0131r. YSK\u2019da da ayn\u0131 \u015fey olabilir \u201c dedi. Ger\u00e7eker adaylar\u0131n yerine ba\u015fka adaylar\u0131n g\u00f6sterilip g\u00f6sterilemeyece\u011fi sorusuna ise, \u201c Hay\u0131r bunlar zaten ba\u011f\u0131ms\u0131z olduklar\u0131 i\u00e7in ba\u015fka bir aday g\u00f6sterme s\u00f6z konusu de\u011fil. Bir partinin aday\u0131 olsa o zaman belki o partilere belli bir s\u00fcre verilir yeniden aday g\u00f6sterilebilir. Bunlar ba\u011f\u0131ms\u0131z aday olduklar\u0131 i\u00e7in b\u00f6yle bir imkan oldu\u011funu sanm\u0131yorum&#8221; \u015feklinde yan\u0131t verdi.<\/p>\n<p style=\"text-align: justify;\"><a href=\"http:\/\/www.radikal.com.tr\/Radikal.aspx?aType=RadikalDetayV3&amp;ArticleID=1046666&amp;Date=19.04.2011&amp;CategoryID=78\" target=\"_blank\">Kaynak : Radikal<\/a><\/p>\n","protected":false},"excerpt":{"rendered":"<p style=\"text-align: center;\">\n<p style=\"text-align: justify;\">YSK Ba\u015fkan\u0131 Ali Em, baz\u0131 ba\u011f\u0131ms\u0131z adaylar\u0131n veto edilmesi ile ilgili &#8216;Karar\u0131m\u0131z \u00e7ok a\u00e7\u0131k. A\u00e7\u0131klama yapmayaca\u011f\u0131z&#8217; dedi.<\/p>\n<p style=\"text-align: justify;\">Em, YSK\u2019ya geli\u015finde gazetecilerin sorular\u0131 \u00fczerine, Kurulun, &#8220;12 ba\u011f\u0131ms\u0131z milletvekili aday\u0131n\u0131n aday olamayacaklar\u0131na&#8221; ili\u015fkin karar\u0131n\u0131n a\u00e7\u0131k oldu\u011funu s\u00f6yledi. YSK Ba\u015fkan\u0131 Em, &#8220;Karar\u0131m\u0131z belli, bunun d\u0131\u015f\u0131nda bir a\u00e7\u0131klama yapmayaca\u011f\u0131m&#8221; diye konu\u015ftu. Bu <\/p>\n","protected":false},"author":1,"featured_media":0,"comment_status":"open","ping_status":"closed","sticky":false,"template":"","format":"standard","meta":{"footnotes":""},"categories":[105],"tags":[],"class_list":["post-30685","post","type-post","status-publish","format-standard","hentry","category-gundem","odd"],"_links":{"self":[{"href":"http:\/\/www.korhanyilmaz.com\/index.php?rest_route=\/wp\/v2\/posts\/30685","targetHints":{"allow":["GET"]}}],"collection":[{"href":"http:\/\/www.korhanyilmaz.com\/index.php?rest_route=\/wp\/v2\/posts"}],"about":[{"href":"http:\/\/www.korhanyilmaz.com\/index.php?rest_route=\/wp\/v2\/types\/post"}],"author":[{"embeddable":true,"href":"http:\/\/www.korhanyilmaz.com\/index.php?rest_route=\/wp\/v2\/users\/1"}],"replies":[{"embeddable":true,"href":"http:\/\/www.korhanyilmaz.com\/index.php?rest_route=%2Fwp%2Fv2%2Fcomments&post=30685"}],"version-history":[{"count":0,"href":"http:\/\/www.korhanyilmaz.com\/index.php?rest_route=\/wp\/v2\/posts\/30685\/revisions"}],"wp:attachment":[{"href":"http:\/\/www.korhanyilmaz.com\/index.php?rest_route=%2Fwp%2Fv2%2Fmedia&parent=30685"}],"wp:term":[{"taxonomy":"category","embeddable":true,"href":"http:\/\/www.korhanyilmaz.com\/index.php?rest_route=%2Fwp%2Fv2%2Fcategories&post=30685"},{"taxonomy":"post_tag","embeddable":true,"href":"http:\/\/www.korhanyilmaz.com\/index.php?rest_route=%2Fwp%2Fv2%2Ftags&post=30685"}],"curies":[{"name":"wp","href":"https:\/\/api.w.org\/{rel}","templated":true}]}}