{"id":30676,"date":"2011-04-18T22:22:15","date_gmt":"2011-04-18T19:22:15","guid":{"rendered":"http:\/\/www.korhanyilmaz.com\/?p=30676"},"modified":"2011-04-18T22:22:15","modified_gmt":"2011-04-18T19:22:15","slug":"turkiyeyi-kaosa-surukleyecek","status":"publish","type":"post","link":"http:\/\/www.korhanyilmaz.com\/?p=30676","title":{"rendered":"&#8220;T\u00fcrkiye&#8217;yi kaosa s\u00fcr\u00fckleyecek&#8221;"},"content":{"rendered":"<p style=\"text-align: justify;\"><a href=\"http:\/\/www.korhanyilmaz.com\/wp-content\/uploads\/2011\/04\/145.jpg\"  class=\"lightview\"><img loading=\"lazy\" decoding=\"async\" class=\"aligncenter size-full wp-image-30677\" title=\"\" src=\"http:\/\/www.korhanyilmaz.com\/wp-content\/uploads\/2011\/04\/145.jpg\" alt=\"\" width=\"300\" height=\"200\" \/><\/a><\/p>\n<p style=\"text-align: justify;\">DP Genel Ba\u015fkan\u0131 Selahattin Demirta\u015f, Y\u00fcksek Se\u00e7im Kurulu\u2019nun 12 ba\u011f\u0131ms\u0131z milletvekili aday\u0131n\u0131n adayl\u0131\u011f\u0131n\u0131 iptal edi\u015fi ile ilgili olarak &#8220;Bu T\u00fcrkiye\u2019yi kaosa s\u00fcr\u00fckleyecek bir karard\u0131r. Biz bu projeyi bo\u015fa \u00e7\u0131karaca\u011f\u0131z&#8221; dedi.<!--more--><\/p>\n<p style=\"text-align: justify;\">D\u0130YARBAKIR &#8211; DP Genel Ba\u015fkan\u0131 Selahattin Demirta\u015f, Y\u00fcksek Se\u00e7im Kurulu\u2019nun 12 ba\u011f\u0131ms\u0131z milletvekili aday\u0131n\u0131n adayl\u0131\u011f\u0131n\u0131 iptal edi\u015fi ile ilgili olarak, &#8220;Se\u00e7ime girmeme ve b\u00fct\u00fcn adaylar\u0131 geri \u00e7ekme dahil b\u00fct\u00fcn alternatifleri tart\u0131\u015faca\u011f\u0131z&#8221; dedi.<\/p>\n<p style=\"text-align: justify;\">M\u0130LLETVEK\u0130L\u0130 se\u00e7ilme yeterlili\u011fini etkileyecek eski mahkumiyetleri bulundu\u011fu gerek\u00e7esiyle aralar\u0131nda Leyla Zana ve Hatip Dicle gibi g\u00fc\u00e7l\u00fc isimlerinde bulundu\u011fu 5 ba\u011f\u0131ms\u0131z aday\u0131n, YSK taraf\u0131ndan miletvekilli adayl\u0131klar\u0131n\u0131n iptal edilmesini BDP genel ba\u015fkan\u0131 Selahattin Demirta\u015f sert bir dille ele\u015ftirdi. Demirta\u015f, &#8220;Bu T\u00fcrkiye\u2019yi kaosa s\u00fcr\u00fckleyecek bir karard\u0131r. Biz bu projeyi bo\u015fa \u00e7\u0131karaca\u011f\u0131z&#8221; dedi.<\/p>\n<p style=\"text-align: justify;\">YSK taraf\u0131ndan milletvekili yeterlili\u011fini etkileyecek eski mahkumiyetleri bulundu\u011fu gerek\u00e7esiyle Leyla Zana, Hatip Dicle, G\u00fcltan K\u0131\u015fanak, Sabahat Tuncel, \u015eerafettin El\u00e7i ve Ertu\u011frul K\u00fcrk\u00e7\u00fc\u2019n\u00fcn milletvekilli ba\u015fvurular\u0131n\u0131n\u0131n iptal edilmesini, BDD Genel Ba\u015fkan\u0131 Selahattin Demirta\u015f sert bir dille ele\u015ftirdi. DHA\u2019ya konu\u015fan Demirta\u015f, karar\u0131n hukuki de\u011fil, siyasi oldu\u011funu dile getirererek, &#8220;Aralar\u0131nda iki miletvekiliminde oldu\u011fu adaylar\u0131m\u0131za y\u00f6nelik bu veto karar\u0131 siyasi bir karard\u0131r. \u00c7ok a\u011f\u0131r sonu\u00e7lar\u0131 olur. Bu karar\u0131n de\u011fi\u015fmesi i\u00e7in elimizden gelen b\u00fct\u00fcn siyasi g\u00fcc\u00fcm\u00fcz\u00fc ve bask\u0131m\u0131z\u0131 kullanaca\u011f\u0131z. Hukuki olarak yapacak \u00e7ok \u015fey yok. Ama siyasi bir bask\u0131 olu\u015fturaca\u011f\u0131z. Bu T\u00fcrkiyeyi kaosa s\u00fcr\u00fckleme projesidir. Bizde bu projeyi durduraca\u011f\u0131z. B\u00f6lge AKP\u2019ye terk edilmek isteniyor. Milletvekili ve parti y\u00f6netici arkada\u015flar\u0131m\u0131zla bir araya gelip de\u011ferlendirme yapaca\u011f\u0131z. Daha sonra halk\u0131m\u0131za bu konuyu dan\u0131\u015faca\u011f\u0131z. Bir iki g\u00fcn i\u00e7inde de siyasi tavr\u0131m\u0131z\u0131 belirleyece\u011fiz&#8221; dedi.<\/p>\n<p style=\"text-align: justify;\"><strong>AYSEL TU\u011eLUK: &#8220;GEREK\u0130RSE SE\u00c7\u0130MDEN \u00c7EK\u0130L\u0130R\u0130Z&#8221;<\/strong><\/p>\n<p style=\"text-align: justify;\">Y\u00fcksek Se\u00e7im Kurulu\u2019nun 12 ba\u011f\u0131ms\u0131z milletvekili aday\u0131n\u0131n adayl\u0131klar\u0131n\u0131 iptal etmesini de\u011ferlendiren Aysel Tu\u011fluk, karar\u0131n siyasal bir karar oldu\u011funu s\u00f6yledi. Tu\u011fluk, &#8220;Se\u00e7imden \u00e7ekilmek dahil b\u00fct\u00fcn bunlar\u0131 tart\u0131\u015fmak durumunday\u0131z&#8221; diye konu\u015ftu.<\/p>\n<p style=\"text-align: justify;\">YSK\u2019n\u0131n 12 ba\u011f\u0131ms\u0131z aday\u0131n adayl\u0131\u011f\u0131n\u0131 iptal etmesinin ard\u0131ndan Habert\u00fcrk\u2019te a\u00e7\u0131klamalarda bulunan Aysel Tu\u011fluk, &#8220;Bu karar hi\u00e7bir \u015fey kazand\u0131rmayacak bir karar. Bir kez daha K\u00fcrtler\u2019e mesaj verildi. K\u00fcrt sorununun Meclis zemininde \u00e7\u00f6z\u00fcm\u00fc i\u00e7in \u00e7aba sarf eden ki\u015filerin veto edilmesi \u00e7ok vahim bir durumdur. Biz bunu s\u0131radan bir karar olarak g\u00f6rm\u00fcyoruz. Siyasal bir karard\u0131r&#8221; dedi.<\/p>\n<p style=\"text-align: justify;\">G\u00fclten K\u0131\u015fanak\u2019\u0131n \u015fu anda milletvekili oldu\u011funu ifade eden Tu\u011fluk, &#8220;O zaman vekilli\u011fi i\u00e7in sorun yoktu da, \u015fimdi ne oldu?&#8221; diye konu\u015ftu. Karar\u0131n \u00e7at\u0131\u015fmalara da zemin haz\u0131rlayacak bir karar oldu\u011funu s\u00f6zlerine ekleyen Tu\u011fluk, &#8220;Bu durumu de\u011ferlendirmek zorunday\u0131z. Gerekirse se\u00e7imden \u00e7ekilmek dahil b\u00fct\u00fcn bunlar\u0131 tart\u0131\u015fmak durumunday\u0131z. Sa\u011fduyu i\u00e7inde bir de\u011ferlendirme yapmaya \u00e7al\u0131\u015faca\u011f\u0131z&#8221; \u015feklinde konu\u015ftu.<\/p>\n<p style=\"text-align: justify;\"><a href=\"http:\/\/www.gazeteport.com.tr\/SIYASET\/NEWS\/GP_889614\" target=\"_blank\">Kaynak : GAZETEPORT<\/a><\/p>\n","protected":false},"excerpt":{"rendered":"<p style=\"text-align: justify;\">\n<p style=\"text-align: justify;\">DP Genel Ba\u015fkan\u0131 Selahattin Demirta\u015f, Y\u00fcksek Se\u00e7im Kurulu\u2019nun 12 ba\u011f\u0131ms\u0131z milletvekili aday\u0131n\u0131n adayl\u0131\u011f\u0131n\u0131 iptal edi\u015fi ile ilgili olarak &#8220;Bu T\u00fcrkiye\u2019yi kaosa s\u00fcr\u00fckleyecek bir karard\u0131r. Biz bu projeyi bo\u015fa \u00e7\u0131karaca\u011f\u0131z&#8221; dedi.<\/p>\n","protected":false},"author":1,"featured_media":0,"comment_status":"open","ping_status":"closed","sticky":false,"template":"","format":"standard","meta":{"footnotes":""},"categories":[105],"tags":[],"class_list":["post-30676","post","type-post","status-publish","format-standard","hentry","category-gundem","odd"],"_links":{"self":[{"href":"http:\/\/www.korhanyilmaz.com\/index.php?rest_route=\/wp\/v2\/posts\/30676","targetHints":{"allow":["GET"]}}],"collection":[{"href":"http:\/\/www.korhanyilmaz.com\/index.php?rest_route=\/wp\/v2\/posts"}],"about":[{"href":"http:\/\/www.korhanyilmaz.com\/index.php?rest_route=\/wp\/v2\/types\/post"}],"author":[{"embeddable":true,"href":"http:\/\/www.korhanyilmaz.com\/index.php?rest_route=\/wp\/v2\/users\/1"}],"replies":[{"embeddable":true,"href":"http:\/\/www.korhanyilmaz.com\/index.php?rest_route=%2Fwp%2Fv2%2Fcomments&post=30676"}],"version-history":[{"count":0,"href":"http:\/\/www.korhanyilmaz.com\/index.php?rest_route=\/wp\/v2\/posts\/30676\/revisions"}],"wp:attachment":[{"href":"http:\/\/www.korhanyilmaz.com\/index.php?rest_route=%2Fwp%2Fv2%2Fmedia&parent=30676"}],"wp:term":[{"taxonomy":"category","embeddable":true,"href":"http:\/\/www.korhanyilmaz.com\/index.php?rest_route=%2Fwp%2Fv2%2Fcategories&post=30676"},{"taxonomy":"post_tag","embeddable":true,"href":"http:\/\/www.korhanyilmaz.com\/index.php?rest_route=%2Fwp%2Fv2%2Ftags&post=30676"}],"curies":[{"name":"wp","href":"https:\/\/api.w.org\/{rel}","templated":true}]}}