{"id":30673,"date":"2011-04-18T19:47:29","date_gmt":"2011-04-18T16:47:29","guid":{"rendered":"http:\/\/www.korhanyilmaz.com\/?p=30673"},"modified":"2011-04-18T19:47:29","modified_gmt":"2011-04-18T16:47:29","slug":"ysk-12-bagimsiz-adayi-veto-etti","status":"publish","type":"post","link":"http:\/\/www.korhanyilmaz.com\/?p=30673","title":{"rendered":"YSK 12 ba\u011f\u0131ms\u0131z aday\u0131 veto etti"},"content":{"rendered":"<p style=\"text-align: center;\"><a href=\"http:\/\/www.korhanyilmaz.com\/wp-content\/uploads\/2011\/04\/144.jpg\"  class=\"lightview\"><img loading=\"lazy\" decoding=\"async\" class=\"aligncenter size-full wp-image-30674\" src=\"http:\/\/www.korhanyilmaz.com\/wp-content\/uploads\/2011\/04\/144.jpg\" alt=\"\" width=\"430\" height=\"200\" \/><\/a><\/p>\n<p style=\"text-align: justify;\">Y\u00fcksek Se\u00e7im Kurulu, aralar\u0131nda Hatip Dicle, Leyla Zana, Sabahat Tuncel ve G\u00fclten K\u0131\u015fanak&#8217;\u0131n da bulundu\u011fu 12 ba\u011f\u0131ms\u0131z milletvekili aday\u0131n\u0131n adayl\u0131klar\u0131n\u0131, milletvekili se\u00e7ilme yeterlili\u011fini etkileyecek eski mahkumiyetleri bulundu\u011fu gerek\u00e7esiyle iptal etti.<!--more--><\/p>\n<p style=\"text-align: justify;\">ANKARA &#8211; Y\u00fcksek Se\u00e7im Kurulu (YSK), aralar\u0131nda Hatip Dicle, Ertu\u011frul K\u00fcrk\u00e7\u00fc, Leyla Zana, Sebahat Tuncel ve G\u00fcltan K\u0131\u015fanak&#8217;\u0131n da bulundu\u011fu 12 ba\u011f\u0131ms\u0131z milletvekili aday\u0131n\u0131n adayl\u0131\u011f\u0131n\u0131, milletvekili se\u00e7ilme yeterlili\u011fini etkileyecek eski mahkumiyetleri bulundu\u011fu gerek\u00e7esiyle iptal etti.<\/p>\n<p style=\"text-align: justify;\">Al\u0131nan bilgiye g\u00f6re, Kurul, ba\u011f\u0131ms\u0131z milletvekili adaylar\u0131 ile siyasi partilerin milletvekili ge\u00e7ici aday listeleri \u00fczerindeki incelemelerini bug\u00fcn tamamlad\u0131. Ba\u011f\u0131ms\u0131z milletvekili adaylar\u0131n\u0131n adli sicil kay\u0131tlar\u0131n\u0131 inceleyen YSK, 12 ba\u011f\u0131ms\u0131z milletvekilinin sab\u0131ka kay\u0131tlar\u0131 bulundu\u011funu tespit etti. Kurul, milletvekili se\u00e7ilme yeterlili\u011fini etkileyecek eski mahkumiyetlerinin bulundu\u011fu gerek\u00e7esiyle Hatip Dicle, Leyla Zana, G\u00fcltan K\u0131\u015fanak, Sebahat Tuncel, Ertu\u011frul K\u00fcrk\u00e7\u00fc, Harun \u00d6zcan, Abdullah K\u0131z\u0131lsoy, Salih Y\u0131ld\u0131z, \u0130sa G\u00fcrb\u00fcz, \u00c7i\u00e7ek Otlu, Mesir Sincar ve \u015eerafettin Efe&#8217;nin milletvekili adayl\u0131klar\u0131n\u0131n iptaline karar verdi.<\/p>\n<p style=\"text-align: justify;\"><strong>SABIKA KAYITLARI S\u0130L\u0130NMED\u0130<\/strong><\/p>\n<p style=\"text-align: justify;\">Hatip Dicle ve Leyla Zana ile \u0130stanbul Milletvekili Sebahat Tuncel&#8217;in milletvekili adayl\u0131\u011f\u0131n\u0131 engelleyecek eski mahkumiyetleri nedeniyle sab\u0131ka kay\u0131tlar\u0131 bulundu\u011funu tespit eden Kurul, Sebahat Tuncel&#8217;in &#8221;ge\u00e7en se\u00e7imde milletvekili se\u00e7ildi\u011fi tarihten hemen sonra adli sicilinin kayda girdi\u011fini, bu nedenle bir \u00f6nceki se\u00e7im d\u00f6neminde yap\u0131lan incelemede sab\u0131kas\u0131z olarak g\u00f6r\u00fcld\u00fc\u011f\u00fcn\u00fc&#8221; tespit etti.<\/p>\n<p style=\"text-align: justify;\">Diyarbak\u0131r Milletvekili G\u00fcltan K\u0131\u015fanak&#8217;\u0131n ise adli sicil kayd\u0131nda k\u0131zl\u0131k soyad\u0131yla arand\u0131\u011f\u0131nda milletvekili se\u00e7ilmesini engelleyecek sab\u0131ka kayd\u0131 \u00e7\u0131kmas\u0131 nedeniyle milletvekili adayl\u0131\u011f\u0131n\u0131n iptal edildi\u011fi \u00f6\u011frenildi.<\/p>\n<p style=\"text-align: justify;\"><a href=\"http:\/\/www.gazeteport.com.tr\/SIYASET\/NEWS\/GP_889590\" target=\"_blank\">Kaynak : GAZETEPORT<\/a><\/p>\n","protected":false},"excerpt":{"rendered":"<p style=\"text-align: center;\">\n<p style=\"text-align: justify;\">Y\u00fcksek Se\u00e7im Kurulu, aralar\u0131nda Hatip Dicle, Leyla Zana, Sabahat Tuncel ve G\u00fclten K\u0131\u015fanak&#8217;\u0131n da bulundu\u011fu 12 ba\u011f\u0131ms\u0131z milletvekili aday\u0131n\u0131n adayl\u0131klar\u0131n\u0131, milletvekili se\u00e7ilme yeterlili\u011fini etkileyecek eski mahkumiyetleri bulundu\u011fu gerek\u00e7esiyle iptal etti.<\/p>\n","protected":false},"author":1,"featured_media":0,"comment_status":"open","ping_status":"closed","sticky":false,"template":"","format":"standard","meta":{"footnotes":""},"categories":[105],"tags":[],"class_list":["post-30673","post","type-post","status-publish","format-standard","hentry","category-gundem","odd"],"_links":{"self":[{"href":"http:\/\/www.korhanyilmaz.com\/index.php?rest_route=\/wp\/v2\/posts\/30673","targetHints":{"allow":["GET"]}}],"collection":[{"href":"http:\/\/www.korhanyilmaz.com\/index.php?rest_route=\/wp\/v2\/posts"}],"about":[{"href":"http:\/\/www.korhanyilmaz.com\/index.php?rest_route=\/wp\/v2\/types\/post"}],"author":[{"embeddable":true,"href":"http:\/\/www.korhanyilmaz.com\/index.php?rest_route=\/wp\/v2\/users\/1"}],"replies":[{"embeddable":true,"href":"http:\/\/www.korhanyilmaz.com\/index.php?rest_route=%2Fwp%2Fv2%2Fcomments&post=30673"}],"version-history":[{"count":0,"href":"http:\/\/www.korhanyilmaz.com\/index.php?rest_route=\/wp\/v2\/posts\/30673\/revisions"}],"wp:attachment":[{"href":"http:\/\/www.korhanyilmaz.com\/index.php?rest_route=%2Fwp%2Fv2%2Fmedia&parent=30673"}],"wp:term":[{"taxonomy":"category","embeddable":true,"href":"http:\/\/www.korhanyilmaz.com\/index.php?rest_route=%2Fwp%2Fv2%2Fcategories&post=30673"},{"taxonomy":"post_tag","embeddable":true,"href":"http:\/\/www.korhanyilmaz.com\/index.php?rest_route=%2Fwp%2Fv2%2Ftags&post=30673"}],"curies":[{"name":"wp","href":"https:\/\/api.w.org\/{rel}","templated":true}]}}