{"id":30665,"date":"2011-04-18T13:56:36","date_gmt":"2011-04-18T10:56:36","guid":{"rendered":"http:\/\/www.korhanyilmaz.com\/?p=30665"},"modified":"2011-04-18T13:56:36","modified_gmt":"2011-04-18T10:56:36","slug":"ressam-bedri-baykam-bicaklandi","status":"publish","type":"post","link":"http:\/\/www.korhanyilmaz.com\/?p=30665","title":{"rendered":"Ressam Bedri Baykam b\u0131\u00e7akland\u0131"},"content":{"rendered":"<p style=\"text-align: justify;\"><a href=\"http:\/\/www.korhanyilmaz.com\/wp-content\/uploads\/2011\/04\/143.jpg\"  class=\"lightview\"><img loading=\"lazy\" decoding=\"async\" class=\"aligncenter size-full wp-image-30666\" src=\"http:\/\/www.korhanyilmaz.com\/wp-content\/uploads\/2011\/04\/143.jpg\" alt=\"\" width=\"307\" height=\"236\" \/><\/a><\/p>\n<p style=\"text-align: justify;\">Ressam Bedri Baykam, \u0130stanbul Akatlar K\u00fclt\u00fcr Merkezi&#8217;nde kat\u0131ld\u0131\u011f\u0131 &#8220;\u0130nsanl\u0131k An\u0131t\u0131&#8221; toplant\u0131s\u0131ndan \u00e7\u0131k\u0131\u015fta b\u0131\u00e7akl\u0131 sald\u0131r\u0131ya u\u011frad\u0131. Karn\u0131ndan yaralanan Baykam yard\u0131m isterken, \u00e7evredekilerin tepkisizli\u011fi dikkat \u00e7ekti.<\/p>\n<p style=\"text-align: justify;\">Bedri Baykam, bu sabah Be\u015fikta\u015f Akatlar K\u00fclt\u00fcr Merkezi&#8217;nde, Ba\u015fbakan Erdo\u011fan&#8217;\u0131n &#8220;ucube&#8221; dedi\u011fi Kars&#8217;taki &#8220;\u0130nsanl\u0131k An\u0131t\u0131&#8221;yla ilgili toplant\u0131ya kat\u0131ld\u0131. <!--more--><\/p>\n<p style=\"text-align: justify;\">Toplant\u0131 \u00e7\u0131k\u0131\u015f\u0131nda Bedri Baykam ve asistan\u0131 Piramit Sanat Galerisi Genel Koordinat\u00f6r\u00fc Tuba Kurtulmu\u015f, bir ki\u015finin b\u0131\u00e7akl\u0131 sald\u0131r\u0131s\u0131na u\u011frad\u0131.<\/p>\n<p style=\"text-align: justify;\"><strong>Kimse yard\u0131m etmedi!<\/strong><\/p>\n<p style=\"text-align: justify;\">Uzun s\u00fcre \u00e7evredekilerden yard\u0131m isteyen Baykam, &#8220;Ara\u00e7 yok mu, hastaneye g\u00f6t\u00fcr\u00fcn beni&#8221; diye ba\u011f\u0131rd\u0131; ancak sesini duyuramad\u0131.<\/p>\n<p style=\"text-align: justify;\">\u00c7evredeki ara\u00e7lar Baykam&#8217;\u0131 almayarak uzakla\u015f\u0131rken, Baykam \u00e7evrilen bir taksiyle hastaneye yeti\u015ftirildi.<\/p>\n<p style=\"text-align: justify;\">Sa\u011f kar\u0131n bo\u015flu\u011fundan ve kal\u00e7as\u0131ndan b\u0131\u00e7aklanan Baykam, ameliyata al\u0131nd\u0131. Baykam&#8217;\u0131n sa\u011fl\u0131k durumunun iyi oldu\u011fu \u00f6\u011frenildi.<\/p>\n<p style=\"text-align: justify;\">Sanat\u00e7\u0131 Bedri Baykam&#8217;\u0131n tedavisi s\u00fcrerken, hastane ziyaret\u00e7i ak\u0131n\u0131na u\u011frad\u0131.<\/p>\n<p style=\"text-align: justify;\">\u015ei\u015fli Belediye Ba\u015fkan\u0131 Mustafa Sar\u0131g\u00fcl, Be\u015fikta\u015f Belediye Ba\u015fkan\u0131 \u0130smail \u00dcnal, ressam Mehmet G\u00fclery\u00fcz, sanat\u00e7\u0131lar Edip Akbayram ve Suavi hastaneye gelerek, Baykam&#8217;\u0131n durumu hakk\u0131nda bilgi ald\u0131lar.<\/p>\n<p style=\"text-align: justify;\">K\u00fclt\u00fcr ve Turizm Bakan\u0131 Ertu\u011frul G\u00fcnay da hastanenin ba\u015fhekimini arayarak bilgi ald\u0131.<\/p>\n<p style=\"text-align: justify;\"><strong>Sald\u0131rgan\u0131n e\u015fgali belirlendi<\/strong><\/p>\n<p style=\"text-align: justify;\">Baykam ile asistan\u0131 Kurtulmu\u015f&#8217;un tedavi g\u00f6rd\u00fc\u011f\u00fc Ac\u0131badem Maslak Hastanesi&#8217;ne gelen \u0130stanbul Emniyet M\u00fcd\u00fcr\u00fc H\u00fcseyin \u00c7apk\u0131n, b\u0131\u00e7akl\u0131 sald\u0131r\u0131n\u0131n \u00fcz\u00fcc\u00fc bir olay oldu\u011funu belirterek, sald\u0131rganlar\u0131n yakalanmas\u0131 i\u00e7in yo\u011fun bir \u015fekilde \u00e7al\u0131\u015ft\u0131klar\u0131n\u0131 s\u00f6yledi.<\/p>\n<p style=\"text-align: justify;\">&#8220;T\u00fcrkiye&#8217;de hi\u00e7bir \u015fey karanl\u0131kta kalmaz&#8221; diyen \u00c7apk\u0131n, sald\u0131rgan\u0131n e\u015fgalinin belirlendi\u011fini a\u00e7\u0131klad\u0131.<\/p>\n<p style=\"text-align: justify;\">\u0130stanbul Valisi H\u00fcseyin Avni Mutlu da, ressam Bedri Baykam ve yard\u0131mc\u0131s\u0131na b\u0131\u00e7akl\u0131 sald\u0131r\u0131da bulunan ki\u015finin yakalanmas\u0131na \u00e7al\u0131\u015f\u0131ld\u0131\u011f\u0131n\u0131, emniyet g\u00fc\u00e7lerinin olay\u0131n tan\u0131klar\u0131 ve civardaki kameralar kullan\u0131larak sald\u0131rgan\u0131n yakalanmas\u0131na \u00e7al\u0131\u015ft\u0131\u011f\u0131n\u0131 s\u00f6yledi.<\/p>\n<p style=\"text-align: center;\"><a href=\"http:\/\/www.korhanyilmaz.com\/wp-content\/uploads\/2011\/04\/140.jpg\"  class=\"lightview\"><img loading=\"lazy\" decoding=\"async\" class=\"aligncenter size-full wp-image-30669\" src=\"http:\/\/www.korhanyilmaz.com\/wp-content\/uploads\/2011\/04\/140.jpg\" alt=\"\" width=\"358\" height=\"228\" \/><\/a><\/p>\n<p style=\"text-align: justify;\"><strong>G\u00fcvenlik kameras\u0131na tak\u0131ld\u0131<\/strong><\/p>\n<p style=\"text-align: justify;\">Bu arada olay an\u0131 \u00e7evredeki g\u00fcvenlik kameralar\u0131na da yans\u0131d\u0131. G\u00f6r\u00fcnt\u00fclerde sald\u0131rgan yakla\u015f\u0131k yar\u0131m saat boyunca d\u0131\u015far\u0131da bekliyor.<\/p>\n<p style=\"text-align: justify;\">D\u00fczg\u00fcn giyimli sald\u0131rgan, bir ara k\u00fclt\u00fcr merkezinin giri\u015fine kadar geliyor, sonra otopark k\u0131sm\u0131na ge\u00e7iyor. Sald\u0131rgan, otoparkta Baykam ve Kurtulu\u015f ara\u00e7lar\u0131na binerken harekete ge\u00e7iyor.<\/p>\n<p style=\"text-align: justify;\">Polisin belirlemelerine g\u00f6re Baykam ve Kurtulmu\u015f&#8217;a y\u00f6nelen sald\u0131rgan\u0131n ikiliye &#8220;Konu\u015fabilir miyiz?&#8221; diyor, ancak Baykam &#8220;\u015eu an olmaz. \u0130\u015fimiz var&#8221; diye kar\u015f\u0131l\u0131k verince sald\u0131rgan \u00fczerindeki b\u0131\u00e7a\u011f\u0131 \u00e7\u0131kar\u0131p sald\u0131r\u0131yor.<\/p>\n<p style=\"text-align: justify;\">Sald\u0131rgan \u00f6nce Tu\u011fba Kurtulmu\u015f&#8217;u b\u0131\u00e7akl\u0131yor, ard\u0131ndan kendisine m\u00fcdahale eden Bedri Baykam&#8217;a b\u0131\u00e7ak sall\u0131yor.<\/p>\n<p style=\"text-align: center;\"><a href=\"http:\/\/www.korhanyilmaz.com\/wp-content\/uploads\/2011\/04\/142.jpg\"  class=\"lightview\"><img loading=\"lazy\" decoding=\"async\" class=\"aligncenter size-full wp-image-30667\" src=\"http:\/\/www.korhanyilmaz.com\/wp-content\/uploads\/2011\/04\/142.jpg\" alt=\"\" width=\"464\" height=\"232\" \/><\/a><\/p>\n<p style=\"text-align: justify;\"><strong>Taksi ile ka\u00e7t\u0131<\/strong><\/p>\n<p style=\"text-align: justify;\">Ba\u011fr\u0131\u015fmalar \u00fczerine \u00e7evre esnaf\u0131 elinde b\u0131\u00e7akla ka\u00e7an sald\u0131rgan\u0131 yakalamak i\u00e7in harekete ge\u00e7ti. Ara soka\u011fa do\u011fru y\u00f6nelen sald\u0131rgan\u0131 vatanda\u015flar s\u0131k\u0131\u015ft\u0131rd\u0131.<\/p>\n<p style=\"text-align: justify;\">Elinde rambo b\u0131\u00e7a\u011f\u0131 olan sald\u0131rgan, vatanda\u015flar\u0131 tehdit ederek ka\u00e7may\u0131 ba\u015fard\u0131. Sald\u0131rgan bir taksiye binerek olay yerinden uzakla\u015ft\u0131.<\/p>\n<p style=\"text-align: justify;\">B\u00f6lgede bulunan b\u00fct\u00fcn g\u00fcvenlik kameralar\u0131 polis taraf\u0131ndan incelemeye al\u0131nd\u0131.<\/p>\n<p style=\"text-align: justify;\"><strong>G\u00f6rg\u00fc tan\u0131klar\u0131 ne g\u00f6rd\u00fc?<\/strong><\/p>\n<p style=\"text-align: justify;\">G\u00f6rg\u00fc tan\u0131klar\u0131 sald\u0131gan\u0131n elinde b\u00fcy\u00fck bir b\u0131\u00e7a\u011f\u0131n oldu\u011funu s\u00f6yledi. Tan\u0131klar\u0131n anlat\u0131m\u0131na g\u00f6re Baykam ve assistan\u0131 Tu\u011fba Kurtulmu\u015f&#8217;un otomobile binmek i\u00e7in otoparka y\u00f6neldi\u011fi s\u0131rada ger\u00e7ekle\u015fen sald\u0131r\u0131y\u0131 1.70 boylar\u0131nda 30-35 ya\u015flar\u0131nda oldu\u011fu san\u0131lan esmer bir ki\u015fi ger\u00e7ekle\u015ftirdi.<\/p>\n<p style=\"text-align: justify;\">Sald\u0131r\u0131ya tan\u0131k olan Uluslararas\u0131 Plastik Sanatlar Derne\u011fi (UPSD) Genel Sekreteri Safiye Mine Erdurak da, UPSD Ba\u015fkan\u0131 da olan Baykam&#8217;\u0131n Akatlar K\u00fclt\u00fcr Merkezi&#8217;ndeki a\u00e7\u0131klaman\u0131n ard\u0131ndan ofisine gitmek i\u00e7in haz\u0131rland\u0131\u011f\u0131n\u0131 s\u00f6yledi.<\/p>\n<p style=\"text-align: justify;\">Kendilerinin de arkada\u015flar\u0131yla Taksim&#8217;e ge\u00e7eceklerini, Baykam&#8217;\u0131 u\u011furlamak i\u00e7in topland\u0131klar\u0131n\u0131 belirten Erdurak, &#8220;Konu\u015furken Bedri Baykam, &#8216;vuruldum&#8217; dedi. O anda Baykam&#8217;\u0131n can havliyle karn\u0131n\u0131 ve baca\u011f\u0131n\u0131 tutarak bir taksi durdurdu\u011funu g\u00f6rd\u00fcm. Sald\u0131rgan \u00fczerimize geldi. O anda \u015fok ya\u015fad\u0131m. Ba\u011f\u0131rmasak biz de ayn\u0131 darbeyi alacakt\u0131k. Baykam&#8217;\u0131n yan\u0131ndaki yard\u0131mc\u0131s\u0131 Tuba Kurtulmu\u015f da yaraland\u0131. Sald\u0131rgan, 30 ya\u015flar\u0131nda, siyah k\u0131yafet giymi\u015fti. Elinde \u015femsiye ve kitap vard\u0131. Hafif sakall\u0131, b\u0131y\u0131kl\u0131 ve g\u00f6z\u00fc d\u00f6nm\u00fc\u015f gibiydi&#8221; dedi.<\/p>\n<p style=\"text-align: justify;\">Bu arada, Bedri Baykam ile yard\u0131mc\u0131s\u0131 Kurtulmu\u015f&#8217;un ameliyata al\u0131nd\u0131\u011f\u0131 hastaneye sanat\u00e7\u0131lar Edip Akbayram ve Suavi, ressam Mehmet G\u00fclery\u00fcz, \u015ei\u015fli Belediye Ba\u015fkan\u0131 Mustafa Sar\u0131g\u00fcl ile Be\u015fikta\u015f Belediye Ba\u015fkan\u0131 \u0130smail \u00dcnal da geldi.<\/p>\n<p style=\"text-align: center;\"><a href=\"http:\/\/www.korhanyilmaz.com\/wp-content\/uploads\/2011\/04\/141.jpg\"  class=\"lightview\"><img loading=\"lazy\" decoding=\"async\" class=\"aligncenter size-full wp-image-30668\" src=\"http:\/\/www.korhanyilmaz.com\/wp-content\/uploads\/2011\/04\/141.jpg\" alt=\"\" width=\"464\" height=\"224\" \/><\/a><\/p>\n<p style=\"text-align: justify;\"><strong>Heykelin sahibi: &#8220;Heykel y\u0131kan ba\u015fbakan&#8221;<\/strong><\/p>\n<p style=\"text-align: justify;\">\u0130stanbul Akatlar K\u00fclt\u00fcr Merkezi&#8217;ndeki &#8220;\u0130nsanl\u0131k An\u0131t\u0131&#8221; toplant\u0131s\u0131na, an\u0131t\u0131n heykelt\u0131ra\u015f\u0131 Mehmet Aksoy, sanat\u00e7\u0131lar Tar\u0131k Akan, Rutkay Aziz, Levent K\u0131rca, Suavi, Edip Akbayram, Haz\u0131m K\u00f6rm\u00fck\u00e7\u00fc, Bedri Baykam, Mehmet G\u00fclery\u00fcz, gazeteci \u015e\u00fckran Soner kat\u0131ld\u0131.<\/p>\n<p style=\"text-align: justify;\">Toplant\u0131da konu\u015fan Mehmet Aksoy, &#8220;\u0130nsanl\u0131k An\u0131t\u0131&#8221; y\u0131kanlar, insanl\u0131k su\u00e7u i\u015flemi\u015f olacaklar ve o heykelin alt\u0131nda kalacaklar. Kefeninizin cebinde belki Cola Turkalar, k\u00fc\u00e7\u00fck gemiler, MedicalPark hastaneleri olmayacak. Ama aln\u0131n\u0131zda heykel y\u0131kan ba\u015fbakan kara damgas\u0131n\u0131 ta\u015f\u0131yaca\u011f\u0131n\u0131z kesin&#8221; dedi.<\/p>\n<p style=\"text-align: justify;\">Aksoy, &#8220;\u00d6n\u00fcm\u00fczdeki g\u00fcnlerde bir korsan heykel sergisi yapaca\u011f\u0131z. \u0130nad\u0131na heykel sergisi olacak. 23 Nisan Ulusal Egemenlik ve \u00c7ocuk Bayram\u0131&#8217;nda Kars&#8217;a y\u00fcr\u00fcyece\u011fiz&#8221; diye konu\u015ftu.<\/p>\n<p style=\"text-align: justify;\"><strong>Baykam da toplant\u0131da konu\u015ftu<\/strong><\/p>\n<p style=\"text-align: justify;\">\u00d6te yandan toplant\u0131 sonras\u0131 k\u00fclt\u00fcr merkezinin \u00e7\u0131k\u0131\u015f\u0131nda u\u011frad\u0131\u011f\u0131 b\u0131\u00e7akl\u0131 sald\u0131r\u0131 sonucu yaralanan Bedri Baykam ise toplant\u0131da \u015funlar\u0131 dile getirmi\u015fti:<\/p>\n<p style=\"text-align: justify;\">&#8220;Say\u0131n Ba\u015fbakan \u00fclkesinin t\u00fcm ayd\u0131nlar\u0131na, sanatseverlerine ve demokrasiye Frans\u0131z kalmak istiyor. Duymak istemiyor, g\u00f6rmek istemiyor, dinlemek istemiyor. Biz, burada sanki bir cinayeti engellemeye \u00e7al\u0131\u015fmak i\u00e7in birarada bulunuyoruz. Bu a\u011f\u0131r havay\u0131 hissediyoruz. Bu, bir sanatsal katliam\u0131 engellemek i\u00e7in buraday\u0131z. Ben bu heykeli ilk kavram ve yap\u0131m a\u015famas\u0131nda t\u00fcm inanc\u0131mla, co\u015fkumla kutlam\u0131\u015f olman\u0131n rahatl\u0131\u011f\u0131yla konu\u015fuyorum. B\u00fct\u00fcn bu olaylar hi\u00e7 ya\u015fanmadan, bu heykel orada en g\u00fczel \u015fekilde dikilirken, ben \u0130nsanl\u0131k An\u0131t\u0131&#8217;n\u0131 \u00f6ven, hakk\u0131n\u0131 veren, de\u011ferini kabul eden, bu sevinci ya\u015fayan iki makale kaleme alm\u0131\u015f ayn\u0131 zamanda bir yazar olarak da konu\u015fuyorum. \u0130nsanl\u0131k An\u0131t\u0131&#8217;n\u0131n nas\u0131l mekana uydu\u011fu, nas\u0131l g\u00fczel bir \u015fekilde o co\u011frafyaya oturdu\u011funu, nas\u0131l turistik bir \u00e7ekim alan\u0131 olu\u015fturaca\u011f\u0131n\u0131 da herhalde g\u00f6rmemek m\u00fcmk\u00fcn de\u011fil. Bu heykel \u015fayet y\u0131k\u0131l\u0131rsa, b\u00fct\u00fcn d\u00fcnya Talibanlar\u0131n Buda Heykeli&#8217;nden sonra bu da T\u00fcrkiye&#8217;nin Buda hamlesi diye ister istemez bunu t\u00fcm d\u00fcnyaya duyuracak.&#8221;<\/p>\n<p style=\"text-align: justify;\">Toplant\u0131da s\u00f6z alan Levent K\u0131rca da, hastaneden geldi\u011fini ve s\u0131rt\u0131nda piller oldu\u011funu anlatarak, &#8220;Protesto etmek i\u00e7in geldim. Gerekirse, yar\u0131n Zincirlikuyu&#8217;dan da gelirim, protesto etmek i\u00e7in&#8221; dedi.<\/p>\n<p style=\"text-align: justify;\"><a href=\"http:\/\/www.cnnturk.com\/2011\/turkiye\/04\/18\/ressam.bedri.baykam.bicaklandi\/613710.0\/index.html\" target=\"_blank\">Kaynak : CNN T\u00dcRK<\/a><\/p>\n","protected":false},"excerpt":{"rendered":"<p style=\"text-align: justify;\">\n<p style=\"text-align: justify;\">Ressam Bedri Baykam, \u0130stanbul Akatlar K\u00fclt\u00fcr Merkezi&#8217;nde kat\u0131ld\u0131\u011f\u0131 &#8220;\u0130nsanl\u0131k An\u0131t\u0131&#8221; toplant\u0131s\u0131ndan \u00e7\u0131k\u0131\u015fta b\u0131\u00e7akl\u0131 sald\u0131r\u0131ya u\u011frad\u0131. Karn\u0131ndan yaralanan Baykam yard\u0131m isterken, \u00e7evredekilerin tepkisizli\u011fi dikkat \u00e7ekti.<\/p>\n<p style=\"text-align: justify;\">Bedri Baykam, bu sabah Be\u015fikta\u015f Akatlar K\u00fclt\u00fcr Merkezi&#8217;nde, Ba\u015fbakan Erdo\u011fan&#8217;\u0131n &#8220;ucube&#8221; dedi\u011fi Kars&#8217;taki &#8220;\u0130nsanl\u0131k An\u0131t\u0131&#8221;yla ilgili toplant\u0131ya kat\u0131ld\u0131. <\/p>\n","protected":false},"author":1,"featured_media":0,"comment_status":"open","ping_status":"closed","sticky":false,"template":"","format":"standard","meta":{"footnotes":""},"categories":[105],"tags":[],"class_list":["post-30665","post","type-post","status-publish","format-standard","hentry","category-gundem","odd"],"_links":{"self":[{"href":"http:\/\/www.korhanyilmaz.com\/index.php?rest_route=\/wp\/v2\/posts\/30665","targetHints":{"allow":["GET"]}}],"collection":[{"href":"http:\/\/www.korhanyilmaz.com\/index.php?rest_route=\/wp\/v2\/posts"}],"about":[{"href":"http:\/\/www.korhanyilmaz.com\/index.php?rest_route=\/wp\/v2\/types\/post"}],"author":[{"embeddable":true,"href":"http:\/\/www.korhanyilmaz.com\/index.php?rest_route=\/wp\/v2\/users\/1"}],"replies":[{"embeddable":true,"href":"http:\/\/www.korhanyilmaz.com\/index.php?rest_route=%2Fwp%2Fv2%2Fcomments&post=30665"}],"version-history":[{"count":0,"href":"http:\/\/www.korhanyilmaz.com\/index.php?rest_route=\/wp\/v2\/posts\/30665\/revisions"}],"wp:attachment":[{"href":"http:\/\/www.korhanyilmaz.com\/index.php?rest_route=%2Fwp%2Fv2%2Fmedia&parent=30665"}],"wp:term":[{"taxonomy":"category","embeddable":true,"href":"http:\/\/www.korhanyilmaz.com\/index.php?rest_route=%2Fwp%2Fv2%2Fcategories&post=30665"},{"taxonomy":"post_tag","embeddable":true,"href":"http:\/\/www.korhanyilmaz.com\/index.php?rest_route=%2Fwp%2Fv2%2Ftags&post=30665"}],"curies":[{"name":"wp","href":"https:\/\/api.w.org\/{rel}","templated":true}]}}