{"id":30661,"date":"2011-04-18T15:06:14","date_gmt":"2011-04-18T12:06:14","guid":{"rendered":"http:\/\/www.korhanyilmaz.com\/?p=30661"},"modified":"2011-04-18T15:06:14","modified_gmt":"2011-04-18T12:06:14","slug":"boyle-demokrasi-olmaz-birbirimizi-kandirmayalim","status":"publish","type":"post","link":"http:\/\/www.korhanyilmaz.com\/?p=30661","title":{"rendered":"&#8220;B\u00f6yle demokrasi olmaz birbirimizi kand\u0131rmayal\u0131m&#8221;"},"content":{"rendered":"<p style=\"text-align: center;\"><a href=\"http:\/\/www.korhanyilmaz.com\/wp-content\/uploads\/2011\/04\/139.jpg\"  class=\"lightview\"><img loading=\"lazy\" decoding=\"async\" class=\"aligncenter size-full wp-image-30662\" src=\"http:\/\/www.korhanyilmaz.com\/wp-content\/uploads\/2011\/04\/139.jpg\" alt=\"\" width=\"369\" height=\"227\" \/><\/a><\/p>\n<p style=\"text-align: justify;\">CHP Genel Ba\u015fkan\u0131 Kemal K\u0131l\u0131\u00e7daro\u011flu, CHP iktidar\u0131nda, siyasi partiler yasas\u0131n\u0131n mutlaka de\u011fi\u015ftirilece\u011fini belirterek, &#8221;Bu siyasal partiler yasas\u0131yla T\u00fcrkiye&#8217;de demokrasi olmaz; birbirimizi kand\u0131rmayal\u0131m. Demokrasi, yurtta\u015f\u0131n do\u011frudan kendi milletvekilini se\u00e7me hakk\u0131na kavu\u015ftu\u011fu g\u00fcn ger\u00e7ekle\u015fir&#8221; dedi.<!--more--><\/p>\n<p style=\"text-align: justify;\">Ankara- CHP Genel Ba\u015fkan\u0131 Kemal K\u0131l\u0131\u00e7daro\u011flu, TMMOB Harita ve Kadastro M\u00fchendisleri Odas\u0131nca Sheraton Otelde d\u00fczenlenen 13. T\u00fcrkiye Harita Bilimsel ve Teknik Kurultay\u0131&#8217;n\u0131n a\u00e7\u0131l\u0131\u015f\u0131nda yapt\u0131\u011f\u0131 konu\u015fmada, bilin\u00e7li yurtta\u015f\u0131n \u00f6nemine de\u011findi.<\/p>\n<p style=\"text-align: justify;\">Demokrasiyi sa\u011flaman\u0131n temel yolunun, yurtta\u015f\u0131n \u00f6dedi\u011fi vergilerin nereye harcand\u0131\u011f\u0131n\u0131 sorgulamas\u0131 oldu\u011funu ifade eden K\u0131l\u0131\u00e7daro\u011flu, yurtta\u015flardan bu sorgulamay\u0131 mutlaka yapmalar\u0131n\u0131 istedi.<\/p>\n<p style=\"text-align: justify;\">&#8221;12 Eyl\u00fcl anayasas\u0131n\u0131 de\u011fi\u015ftirece\u011fiz&#8221; diye yola \u00e7\u0131kanlar\u0131n yarg\u0131y\u0131 y\u00fcr\u00fctme organ\u0131n\u0131n eline verdi\u011fini ve yarg\u0131n\u0131n siyasalla\u015ft\u0131\u011f\u0131n\u0131 s\u00f6yleyen K\u0131l\u0131\u00e7daro\u011flu, bunun demokrasi ve \u00f6zg\u00fcrl\u00fck i\u00e7in en b\u00fcy\u00fck tehlike oldu\u011funu savundu.<\/p>\n<p style=\"text-align: justify;\">\u0130nsanlar\u0131n haks\u0131z yere tutukland\u0131\u011f\u0131 ve g\u00f6zalt\u0131na al\u0131nd\u0131\u011f\u0131 bir d\u00f6nem ya\u015fand\u0131\u011f\u0131n\u0131 kaydeden K\u0131l\u0131\u00e7daro\u011flu, &#8221;\u00d6yle \u015feyler ya\u015f\u0131yoruz ki kendini savunmak i\u00e7in mahkemeye g\u00f6t\u00fcrecek beni devlet, bana ara\u00e7 vermiyor. Beni mahkemeye \u00e7\u0131karacak ara\u00e7 vermiyor bana. Ve ben bir d\u00f6rt ay daha i\u00e7eride kal\u0131yorum. Belki kendimi savunsayd\u0131m serbest b\u0131rak\u0131lm\u0131\u015ft\u0131m&#8221; diye konu\u015ftu.<\/p>\n<p style=\"text-align: justify;\">K\u0131l\u0131\u00e7daro\u011flu, mevcut siyasal partiler yasas\u0131yla \u00fclkede demokrasinin geli\u015fmesinden s\u00f6z edilemeyece\u011fini kaydederek, &#8221;Bu siyasal partiler yasas\u0131yla T\u00fcrkiye&#8217;de demokrasi olmaz; birbirimizi kand\u0131rmayal\u0131m. Demokrasi, yurtta\u015f\u0131n do\u011frudan kendi milletvekilini se\u00e7me hakk\u0131na kavu\u015ftu\u011fu g\u00fcn ger\u00e7ekle\u015fir. Yurtta\u015f kendi milletvekilini kendi se\u00e7ecek&#8221; ifadesini kulland\u0131.<\/p>\n<p style=\"text-align: justify;\">Y\u00fczde 10 se\u00e7im baraj\u0131n\u0131 da 12 Eyl\u00fcl \u00fcr\u00fcn\u00fc, milli irade aldatmac\u0131s\u0131 olarak nitelendiren K\u0131l\u0131\u00e7daro\u011flu, bu baraj\u0131n yurtta\u015f\u0131n iradesinin TBMM&#8217;ye yans\u0131mas\u0131n\u0131n \u00f6n\u00fcndeki engellerden biri oldu\u011funu savundu. T\u00fcrkiye&#8217;de sosyal devletin yeniden canland\u0131r\u0131lmas\u0131 gerekti\u011fini belirten K\u0131l\u0131\u00e7daro\u011flu, partisinin Aile Sigortas\u0131 Projesi&#8217;nin buna g\u00fczel bir \u00f6rnek oldu\u011funu s\u00f6yledi.<\/p>\n<p style=\"text-align: justify;\"><strong>&#8221;Onlar\u0131n ak\u0131llar\u0131na ihtiyac\u0131m\u0131z yok&#8221;<\/strong><\/p>\n<p style=\"text-align: justify;\">Demokrasinin \u00f6n\u00fcndeki ciddi engellerden birinin de ta\u015feronla\u015fma oldu\u011funu ifade eden K\u0131l\u0131\u00e7daro\u011flu, CHP iktidar\u0131nda bu sorunun ortadan kald\u0131racaklar\u0131n\u0131 anlatt\u0131. K\u0131l\u0131\u00e7daro\u011flu, \u00f6rg\u00fctlenmenin \u00f6n\u00fcndeki engelleri de kald\u0131racaklar\u0131n\u0131 kaydederek, &#8221;\u00d6rg\u00fctlenmenin \u00f6n\u00fcndeki engellerden biri de baz\u0131 sendikalard\u0131r. Baz\u0131 sar\u0131 sendikalard\u0131r. Kendi i\u015f\u00e7isinin hakk\u0131n\u0131 savunamayan sendika olur mu? Ta\u015feronla\u015fmay\u0131 \u00f6zendiren bir siyasal iktidara destek veren sendika olur mu? Bunlar i\u015f\u00e7i sendikas\u0131 olarak ge\u00e7iniyorlar. \u0130\u015f\u00e7i de\u011fil bunlar. bunlar birilerinin sendikas\u0131d\u0131r. Biz b\u00fct\u00fcn sivil toplum kurulu\u015flar\u0131n\u0131n, meslek kurulu\u015flar\u0131n\u0131n sendikalar\u0131n t\u00fcm siyasal partilere e\u015fit mesafede olmas\u0131n\u0131 isteriz&#8221; dedi.<\/p>\n<p style=\"text-align: justify;\">Konu\u015fmas\u0131nda medyay\u0131 da ele\u015ftiren K\u0131l\u0131\u00e7daro\u011flu, medyan\u0131n halk\u0131n g\u00f6z\u00fc, kula\u011f\u0131 olmas\u0131 gerekti\u011fini ancak baz\u0131 medya kurulu\u015flar\u0131n\u0131n iktidar\u0131n g\u00f6z\u00fc, kula\u011f\u0131 haline geldi\u011fini ileri s\u00fcrd\u00fc. K\u0131l\u0131\u00e7daro\u011flu, \u015f\u00f6yle konu\u015ftu:<\/p>\n<p style=\"text-align: justify;\">&#8221;\u00d6yle medya var ki iktidar\u0131n sesi, g\u00f6z\u00fc, kula\u011f\u0131 olmu\u015f. \u0130ktidar ne derse man\u015fet. Muhalefet? &#8216;Nas\u0131l i\u00e7ini kar\u0131\u015ft\u0131r\u0131r\u0131z muhalefetin? Nas\u0131l ele\u015ftirebiliriz? Nas\u0131l ba\u015fl\u0131klar atabiliriz ki \u015fu muhalefeti sindirelim?&#8217; Ve bunlar\u0131n k\u00f6\u015fe yazarlar\u0131 da &#8216;\u015fu muhalefet ke\u015fke b\u00f6yle yapsa&#8217;&#8230; Onlar\u0131n ak\u0131llar\u0131na ihtiyac\u0131m\u0131z yok. Onlar objektif olsunlar, tutarl\u0131 ele\u015ftiri yaps\u0131nlar, halk\u0131 aldatmas\u0131nlar, do\u011frular\u0131 s\u00f6ylesinler bize yeter. Gazetelerde \u00fc\u00e7\u00fcnc\u00fc sayfa haberleri man\u015fetlere \u00e7\u0131k\u0131yorsa bilin ki o \u00fclkede bir sorun var. E\u011fer bir \u00fclkede 58 gazeteci hapisteyse bilin ki o \u00fclkede bir sorun var. E\u011fer bir \u00fclkede Ba\u015fbakan gidip hapisteki gazetecilerle ilgili olarak bat\u0131l\u0131 bir \u00fclkede, bir parlamentoda sorulara muhatap oluyorsa o \u00fclkede bir sorun var. Bunlar\u0131, d\u00fc\u015f\u00fcncenin \u00f6n\u00fcndeki engelleri kald\u0131raca\u011f\u0131z.<\/p>\n<p style=\"text-align: justify;\">Medya \u00f6zg\u00fcr olacak. Hi\u00e7bir medya patronu do\u011frudan ya da dolayl\u0131 hi\u00e7bir kamu ihalesine giremeyecek. T\u00fcm medya \u00e7al\u0131\u015fanlar\u0131 sendikal\u0131 olacak. Biz \u00f6zg\u00fcr ve ba\u011f\u0131ms\u0131z bir medya istiyoruz. \u00d6zg\u00fcr ve ba\u011f\u0131ms\u0131z bir medya oldu\u011funda do\u011fru haber alma hakk\u0131 kendili\u011finden olu\u015fur.&#8221;<\/p>\n<p style=\"text-align: justify;\">Ayd\u0131nlar\u0131n topluma kar\u015f\u0131 sorumluluklar\u0131 oldu\u011funu hat\u0131rlayarak, yaln\u0131zca ele\u015ftirmekle kalmamalar\u0131n\u0131 \u00e7\u00f6z\u00fcm \u00f6nerilerine katk\u0131da bulunmalar\u0131n\u0131 da isteyen K\u0131l\u0131\u00e7daro\u011flu, T\u00fcrkiye&#8217;nin ayd\u0131nl\u0131\u011fa \u00e7\u0131kmas\u0131 i\u00e7in el birli\u011fi ile \u00e7al\u0131\u015f\u0131lmas\u0131n\u0131 istedi.<\/p>\n<p style=\"text-align: justify;\">K\u0131l\u0131\u00e7daro\u011flu, konu\u015fmas\u0131n\u0131n ard\u0131ndan \u00d6l\u00e7me Teknolojileri ve Yaz\u0131l\u0131m Fuar\u0131&#8217;n\u0131n da a\u00e7\u0131l\u0131\u015f\u0131n\u0131 yaparak, stantlar\u0131 gezdi.<\/p>\n<p style=\"text-align: justify;\">Bu arada gazeteciler K\u0131l\u0131\u00e7daro\u011flu&#8217;nun program\u0131n\u0131n kendilerine ge\u00e7 bildirilmesi nedeniyle Kurultay\u0131n a\u00e7\u0131l\u0131\u015f\u0131nda yapt\u0131\u011f\u0131 konu\u015fman\u0131n bir b\u00f6l\u00fcm\u00fcn\u00fc takip edemediler. Gazeteciler program sonras\u0131nda ge\u00e7 kalmalar\u0131n\u0131n nedenini ve \u015fikayetlerini K\u0131l\u0131\u00e7daro\u011flu&#8217;na ilettiler.<\/p>\n<p style=\"text-align: justify;\"><a href=\"http:\/\/www.cumhuriyet.com.tr\/?hn=235164\" target=\"_blank\">Kaynak : Cumhuriyet Haber Portal\u0131<\/a><\/p>\n","protected":false},"excerpt":{"rendered":"<p style=\"text-align: center;\">\n<p style=\"text-align: justify;\">CHP Genel Ba\u015fkan\u0131 Kemal K\u0131l\u0131\u00e7daro\u011flu, CHP iktidar\u0131nda, siyasi partiler yasas\u0131n\u0131n mutlaka de\u011fi\u015ftirilece\u011fini belirterek, &#8221;Bu siyasal partiler yasas\u0131yla T\u00fcrkiye&#8217;de demokrasi olmaz; birbirimizi kand\u0131rmayal\u0131m. Demokrasi, yurtta\u015f\u0131n do\u011frudan kendi milletvekilini se\u00e7me hakk\u0131na kavu\u015ftu\u011fu g\u00fcn ger\u00e7ekle\u015fir&#8221; dedi.<\/p>\n","protected":false},"author":1,"featured_media":0,"comment_status":"open","ping_status":"closed","sticky":false,"template":"","format":"standard","meta":{"footnotes":""},"categories":[105],"tags":[],"class_list":["post-30661","post","type-post","status-publish","format-standard","hentry","category-gundem","odd"],"_links":{"self":[{"href":"http:\/\/www.korhanyilmaz.com\/index.php?rest_route=\/wp\/v2\/posts\/30661","targetHints":{"allow":["GET"]}}],"collection":[{"href":"http:\/\/www.korhanyilmaz.com\/index.php?rest_route=\/wp\/v2\/posts"}],"about":[{"href":"http:\/\/www.korhanyilmaz.com\/index.php?rest_route=\/wp\/v2\/types\/post"}],"author":[{"embeddable":true,"href":"http:\/\/www.korhanyilmaz.com\/index.php?rest_route=\/wp\/v2\/users\/1"}],"replies":[{"embeddable":true,"href":"http:\/\/www.korhanyilmaz.com\/index.php?rest_route=%2Fwp%2Fv2%2Fcomments&post=30661"}],"version-history":[{"count":0,"href":"http:\/\/www.korhanyilmaz.com\/index.php?rest_route=\/wp\/v2\/posts\/30661\/revisions"}],"wp:attachment":[{"href":"http:\/\/www.korhanyilmaz.com\/index.php?rest_route=%2Fwp%2Fv2%2Fmedia&parent=30661"}],"wp:term":[{"taxonomy":"category","embeddable":true,"href":"http:\/\/www.korhanyilmaz.com\/index.php?rest_route=%2Fwp%2Fv2%2Fcategories&post=30661"},{"taxonomy":"post_tag","embeddable":true,"href":"http:\/\/www.korhanyilmaz.com\/index.php?rest_route=%2Fwp%2Fv2%2Ftags&post=30661"}],"curies":[{"name":"wp","href":"https:\/\/api.w.org\/{rel}","templated":true}]}}