{"id":30656,"date":"2011-04-18T11:40:41","date_gmt":"2011-04-18T08:40:41","guid":{"rendered":"http:\/\/www.korhanyilmaz.com\/?p=30656"},"modified":"2011-04-18T11:40:41","modified_gmt":"2011-04-18T08:40:41","slug":"biz-de-onlarin-karsisina-10-bin-genci-koyariz","status":"publish","type":"post","link":"http:\/\/www.korhanyilmaz.com\/?p=30656","title":{"rendered":"Biz de onlar\u0131n kar\u015f\u0131s\u0131na 10 bin genci koyar\u0131z!"},"content":{"rendered":"<p style=\"text-align: justify;\"><a href=\"http:\/\/www.korhanyilmaz.com\/wp-content\/uploads\/2011\/04\/138.jpg\"  class=\"lightview\"><img loading=\"lazy\" decoding=\"async\" class=\"aligncenter size-full wp-image-30657\" src=\"http:\/\/www.korhanyilmaz.com\/wp-content\/uploads\/2011\/04\/138.jpg\" alt=\"\" width=\"420\" height=\"210\" \/><\/a><\/p>\n<p style=\"text-align: justify;\">Erdo\u011fan YGS tart\u0131\u015fmalar\u0131yla ilgili olarak &#8216;Gen\u00e7lerimiz, kendilerini istismar edenleri, iddialar\u0131 f\u0131rsat\u00e7\u0131l\u0131\u011fa \u00e7evirenleri de l\u00fctfen \u00e7ok iyi g\u00f6rs\u00fcnler, tan\u0131s\u0131nlar. Taksim\u2019de bin ki\u015fiyi, iki bin ki\u015fiyi y\u00fcr\u00fctmek, iki bin genci y\u00fcr\u00fctmek problem de\u011fil. Onlar YGS s\u0131nav\u0131n\u0131n kar\u015f\u0131s\u0131nda tav\u0131r ortaya koyduklar\u0131n\u0131 a\u00e7\u0131klarken, biz de kalkar\u0131z onlar\u0131n kar\u015f\u0131s\u0131na 5 bin, 10 bin tane genci koyar\u0131z. Ama biz bu \u00fclkede gerilimden yana de\u011filiz&#8217; dedi.<!--more--><\/p>\n<p style=\"text-align: justify;\">AK Parti Genel Ba\u015fkan\u0131 ve Ba\u015fbakan Recep Tayyip Erdo\u011fan, &#8220;Buradan, MHP\u2019ye, CHP\u2019ye soruyorum; siz, milletin iradesini mi temsil ediyorsunuz, Silivri\u2019nin iradesini mi? Siz, milletin iradesini mi temsil ediyorsunuz, yoksa \u00e7etelerin, mafyan\u0131n, cuntan\u0131n iradesini mi? Siz g\u00fcc\u00fcn\u00fcz\u00fc milletten mi al\u0131yorsunuz, yoksa \u00e7etelerden, mafyadan, karanl\u0131k \u00f6rg\u00fctlerden mi?&#8221; dedi.<\/p>\n<p style=\"text-align: justify;\">Erdo\u011fan, Ankara Arena Spor Salonu\u2019nda d\u00fczenlenen AK Parti Milletvekili Adaylar\u0131 Tan\u0131t\u0131m Toplant\u0131s\u0131na kat\u0131ld\u0131. Konu\u015fmas\u0131na, 12 Haziran 2011 se\u00e7imlerine AK Parti\u2019nin milletvekili aday\u0131 olarak girecek, kendisiyle birlikte 550 adaya ba\u015far\u0131lar dileyerek ba\u015flayan Erdo\u011fan, &#8220;Yolumuz, baht\u0131m\u0131z a\u00e7\u0131k olsun. Allah utand\u0131rmas\u0131n. Allah, yar ve yard\u0131mc\u0131m\u0131z olsun diyorum&#8221; dedi.<\/p>\n<p style=\"text-align: justify;\">550 milletvekili aday\u0131n\u0131n, T\u00fcrkiye\u2019ye, T\u00fcrk Milletine, illere, T\u00fcrk demokrasisine, i\u00e7inde bulunulan geni\u015f co\u011frafyaya ve b\u00fcy\u00fck medeniyete hay\u0131rl\u0131 olmas\u0131n\u0131 dileyen Ba\u015fbakan Erdo\u011fan,\u015funlar\u0131 s\u00f6yledi:<\/p>\n<p style=\"text-align: justify;\">&#8220;Bir kuyumcu hassasiyetiyle, \u2019ak s\u00fct\u00fcn i\u00e7indeki ak k\u0131l\u0131 fark edecek kadar b\u00fcy\u00fck bir titizlikle\u2019 adaylar\u0131m\u0131z\u0131 tespit ettik. 6 bin ba\u015fvuru i\u00e7inden, k\u0131l\u0131 k\u0131rk yaran bir incelikle 550 aday belirledik. \u015eunu buradan b\u00fcy\u00fck bir g\u00f6n\u00fcl rahatl\u0131\u011f\u0131yla s\u00f6yl\u00fcyorum; bug\u00fcn, i\u015fte burada, bu salonda, T\u00fcrkiye\u2019nin b\u00fct\u00fcn renkleri var. Bug\u00fcn burada, T\u00fcrkiye\u2019nin b\u00fct\u00fcn sesleri, b\u00fct\u00fcn nefesleri, b\u00fct\u00fcn zenginli\u011fi var. Bug\u00fcn burada, T\u00fcrkiye\u2019nin b\u00fct\u00fcn zenginlikleri, T\u00fcrkiye\u2019nin birikimi, enerjisi var. Bug\u00fcn buradaki foto\u011fraf, \u2019b\u00fcy\u00fck T\u00fcrkiye\u2019 foto\u011fraf\u0131d\u0131r. Bug\u00fcn buradaki manzara, \u2019yeniden b\u00fcy\u00fck bir T\u00fcrkiye\u2019nin manzaras\u0131d\u0131r.<\/p>\n<p style=\"text-align: justify;\">Bu tablo, bir T\u00fcrkiye tablosu oldu\u011fu kadar, T\u00fcrkiye\u2019nin umudunu yans\u0131tt\u0131\u011f\u0131 kadar, Afganistan\u2019\u0131n, Irak\u2019\u0131n, Libya\u2019n\u0131n, Filistin\u2019in, Saraybosna\u2019n\u0131n, Gazze\u2019nin, Kud\u00fcs\u2019\u00fcn umudunu yans\u0131t\u0131yor. Bu foto\u011fraf, bar\u0131\u015f foto\u011fraf\u0131d\u0131r. Bu foto\u011fraf, huzurun, istikrar\u0131n, demokrasinin, refah\u0131n foto\u011fraf\u0131d\u0131r. Bu foto\u011fraf, tarihinden, b\u00fcy\u00fck medeniyetinden, zengin k\u00fclt\u00fcr\u00fcnden ald\u0131\u011f\u0131 ilhamla, yeniden b\u00fcy\u00fck bir medeniyet in\u015fa etme iradesinin foto\u011fraf\u0131d\u0131r.<\/p>\n<p style=\"text-align: justify;\">Bu foto\u011fraf karesi i\u00e7indeki 550 aday, T\u00fcrkiye a\u015fk\u0131yla, T\u00fcrkiye sevdas\u0131yla, hizmet kararl\u0131l\u0131\u011f\u0131yla yola \u00e7\u0131km\u0131\u015f; sadece bedenini de\u011fil; g\u00f6nl\u00fcn\u00fc, y\u00fcre\u011fini, zihnini T\u00fcrkiye idealleri i\u00e7in ortaya koymu\u015f bir kadrodur. Bu kadro fedakar bir kadro. Bu kadro, \u00f6zverili bir kadro. Bu kadro, makam h\u0131rs\u0131yla, ikbal h\u0131rs\u0131yla, \u00e7\u0131kar h\u0131rs\u0131yla yola \u00e7\u0131km\u0131\u015f de\u011fil, milletin u\u011fruna, milletin yoluna ba\u015f\u0131n\u0131 koymu\u015f bir kadrodur.<\/p>\n<p style=\"text-align: justify;\">Diyor ya \u00fcstad; \u2019Kim var diye seslenilince, sa\u011f\u0131na ve soluna bakmadan, fert fert (ben var\u0131m) cevab\u0131n\u0131 verici, her ferdi, benim olmad\u0131\u011f\u0131m yerde kimse yoktur fikrini besleyici, dava ahlak\u0131na sahip bir gen\u00e7lik\u2019&#8230; \u0130\u015fte bu kadro, o gen\u00e7lerin olu\u015fturdu\u011fu bir kadrodur. \u0130\u015fte bu kadro, \u2019B\u00fcy\u00fck T\u00fcrkiye\u2019 davas\u0131n\u0131 omuzlamaya, o davay\u0131 gedi\u011fine koymaya kastetmi\u015f, azmetmi\u015f bir kadrodur&#8230;&#8221;<\/p>\n<p style=\"text-align: justify;\"><strong>&#8220;HAN\u0130 S\u0130Z DOKUNULMAZLI\u011eIN KALDIRILMASINI \u0130ST\u0130YORDUNUZ?&#8221;<\/strong><\/p>\n<p style=\"text-align: justify;\">Kendisinin her zaman, AK Parti kadrosuyla yola \u00e7\u0131km\u0131\u015f olmaktan bahtiyar oldu\u011funu s\u00f6yledi\u011fini hat\u0131rlatan Erdo\u011fan, bu yolda AK Parti kadrosuyla y\u00fcr\u00fcyorolmaktan dolay\u0131 gururlu oldu\u011funu dile getirdi. Erdo\u011fan, &#8220;Rabbime, bana sizin gibi yol arkada\u015flar\u0131 nasip etti\u011fi i\u00e7in \u015f\u00fckrediyorum, hamd ediyorum&#8221; diyekonu\u015ftu.<\/p>\n<p style=\"text-align: justify;\">Daha yola \u00e7\u0131karken, &#8220;AK Parti\u2019yi millet kurmu\u015ftur. Biz sadece onun tabelas\u0131n\u0131 as\u0131yoruz&#8221; dediklerini kaydeden Ba\u015fbakan Erdo\u011fan, AK Parti kadrolar\u0131n\u0131n bizatihi milletten, milletin kendi evlatlar\u0131ndan te\u015fekk\u00fcl etti\u011finiifade etti.<\/p>\n<p style=\"text-align: justify;\">Ba\u015fbakan Erdo\u011fan, \u015f\u00f6yle konu\u015ftu:<\/p>\n<p style=\"text-align: justify;\">&#8220;Bizim kadrolar\u0131m\u0131z, icazetli, vesayetli, g\u00fcd\u00fcml\u00fc, \u0131smarlama kadrolar de\u011fildir. Bizim kadrolar\u0131m\u0131z, \u00e7eteleri, mafyay\u0131, hukuk d\u0131\u015f\u0131 su\u00e7 \u00f6rg\u00fctlerinitemsil eden, onlardan beslenen, onlarla yol arkada\u015fl\u0131\u011f\u0131 yapan de\u011fil, milletle g\u00f6n\u00fcl birli\u011fi yapan, kader birli\u011fi yapan bir kadrodur. Bu kadronun \u00f6z\u00fc, milletin\u00f6z\u00fcd\u00fcr, milletin ak ve ayd\u0131nl\u0131k y\u00fcz\u00fcd\u00fcr. Bu kadro, bizim di\u011ferlerinden fark\u0131m\u0131z\u0131 ortaya koyan bir kadrodur.<\/p>\n<p style=\"text-align: justify;\">\u0130\u015fte g\u00f6r\u00fcyorsunuz&#8230; \u00d6nce \u00e7etelerin avukat\u0131 olduklar\u0131n\u0131 s\u00f6ylediler. Ard\u0131ndan, \u00e7etelerin operasyonuyla birbirlerine girdiler. Yetmedi, k\u00fcrs\u00fcye\u00e7\u0131kt\u0131lar, Say\u0131n Genel Ba\u015fkan, Anamuhalefetin, \u2019Nerede bu Ergenekon \u00f6rg\u00fct\u00fc, gidip \u00fcye olaca\u011f\u0131m\u2019 dedi&#8230; Silivri\u2019de.. E\u011fer \u00fcye kay\u0131t defterini ald\u0131ysan gider \u00fcyeolursun. Ergenekon\u2019un \u00fcye kay\u0131t ofisini bulamayanlar, \u015fimdi kendi parti \u00e7at\u0131lar\u0131 alt\u0131nda, Ergenekon\u2019un irtibat ofisini a\u00e7maya karar verdiler. D\u0131\u015fardan adaybulamad\u0131lar, i\u00e7erden, Silivri\u2019den aday transfer ettiler. Buradan, MHP\u2019ye, CHP\u2019ye soruyorum; siz milletin iradesini mi temsil ediyorsunuz, Silivri\u2019nin iradesinimi? Siz, milletin iradesini mi temsil ediyorsunuz, yoksa \u00e7etelerin, mafyan\u0131n, cuntan\u0131n iradesini mi? Siz g\u00fcc\u00fcn\u00fcz\u00fc milletten mi al\u0131yorsunuz, yoksa \u00e7etelerden,mafyadan, karanl\u0131k \u00f6rg\u00fctlerden mi?<\/p>\n<p style=\"text-align: justify;\">Hani siz dokunulmazl\u0131\u011f\u0131n kald\u0131r\u0131lmas\u0131n\u0131 istiyordunuz? 8,5 y\u0131l boyunca, dokunulmazl\u0131ktan ba\u015fka muhalefet ad\u0131na tek bir c\u00fcmle kurmayan siz de\u011fil miydiniz?<\/p>\n<p style=\"text-align: justify;\">Biraz tutarl\u0131 olun tutarl\u0131&#8230; L\u00fctfen, bir kere de s\u00f6z\u00fcn\u00fcz\u00fcn arkas\u0131nda durun. Al\u0131\u015ft\u0131k size. Bol \u00e7ark ediyorsunuz. Ne olur bir kere de \u00e7ark etmeyin. Biz, 8,5 y\u0131l boyunca, hi\u00e7bir tehdide boyun e\u011fmedik. 8,5 y\u0131l boyunca \u00e7etelere, mafyaya, karanl\u0131k su\u00e7 \u00f6rg\u00fctlerine asla ve asla boyun e\u011fmedik. \u00c7etelerin kar\u015f\u0131s\u0131nda boynunu b\u00fckenlerden, haz\u0131rola ge\u00e7enlerden, ruhunu \u00e7etelere satanlardan olmad\u0131k.&#8221;<\/p>\n<p style=\"text-align: justify;\">Milletin emanetini kutsal bildiklerini vurgulayan Ba\u015fbakan Erdo\u011fan, milletin emanetini hakk\u0131yla ta\u015f\u0131d\u0131klar\u0131n\u0131 ve o emaneti yere d\u00fc\u015f\u00fcrmediklerini s\u00f6yledi. Erdo\u011fan, bundan sonra da ayn\u0131 \u015fekilde devam edeceklerini dile getirdi.&#8221;<\/p>\n<p style=\"text-align: justify;\"><strong>YGS TARTI\u015eMALARI<\/strong><\/p>\n<p style=\"text-align: justify;\">Erdo\u011fan YGS tart\u0131\u015fmalar\u0131yla ilgili olarak da &#8220;Bu \u00fclkenin ba\u015fbakan\u0131 olarak, YGS ile ilgili iddialar\u0131n tamam\u0131n\u0131n takip\u00e7isiyim. Gen\u00e7lerimiz rahat olsunlar, m\u00fcsterih olsunlar, g\u00f6n\u00fcl rahatl\u0131\u011f\u0131 i\u00e7inde ikinci s\u0131nava haz\u0131rlans\u0131nlar. Gen\u00e7lerimiz, kendilerini istismar edenleri, iddialar\u0131 f\u0131rsat\u00e7\u0131l\u0131\u011fa \u00e7evirenleri de l\u00fctfen \u00e7ok iyi g\u00f6rs\u00fcnler, tan\u0131s\u0131nlar&#8221; dedi.<\/p>\n<p style=\"text-align: justify;\">Erdo\u011fan, Ankara Arena Spor Salonu\u2019nda d\u00fczenlenen AK Parti Milletvekili Adaylar\u0131 Tan\u0131t\u0131m Toplant\u0131s\u0131na kat\u0131ld\u0131.<\/p>\n<p style=\"text-align: justify;\">Yapt\u0131\u011f\u0131 konu\u015fmada, Y\u00fcksek \u00d6\u011fretime Ge\u00e7i\u015f S\u0131nav\u0131(YGS) hakk\u0131ndaki tart\u0131\u015fmalara de\u011finen Ba\u015fbakan Erdo\u011fan, \u015funlar\u0131 s\u00f6yledi:<\/p>\n<p style=\"text-align: justify;\">&#8220;Bak\u0131n \u015fu anda, CHP\u2019si, MHP\u2019si, BDP\u2019si, YGS \u00fczerinden, \u00e7ok yo\u011fun bir \u015fekilde gen\u00e7lerimizi istismar etmenin gayreti i\u00e7indeler. 1,7 milyon gencin hayallerini, geleceklerini, umutlar\u0131n\u0131, siyasi malzemeye d\u00f6n\u00fc\u015ft\u00fcrerek, buradan kendilerine bir rant sa\u011flaman\u0131n \u00e7irkin gayreti i\u00e7indeler. S\u00f6z konusu olan, 1,7 milyon gencin hayalleridir. S\u00f6z konusu olan, 1,7 milyon gencin gelece\u011fidir, umududur. Gece g\u00fcnd\u00fcz ders \u00e7al\u0131\u015fan, uykusundan, oyunundan, e\u011flencesinden fedakarl\u0131k yapan gen\u00e7lerin hissiyat\u0131n\u0131 siyasi malzeme haline getirmek, \u00e7ok a\u00e7\u0131k s\u00f6yl\u00fcyorum, ahlaks\u0131zl\u0131kt\u0131r, f\u0131rsat\u00e7\u0131l\u0131kt\u0131r. E\u011fer, s\u0131navda bir yanl\u0131\u015f varsa, bir kay\u0131rma varsa, yasa d\u0131\u015f\u0131, kirli ili\u015fkiler varsa, buna kar\u015f\u0131 \u00e7\u0131kacak, bunun kar\u015f\u0131s\u0131nda g\u00fc\u00e7l\u00fc tepki koyacak ilk ki\u015filerden biri ben olurum, arkada\u015flar\u0131m olur.<\/p>\n<p style=\"text-align: justify;\">Devletin ilgili kurumlar\u0131, son derece b\u00fcy\u00fck bir hassasiyet i\u00e7inde meseleyi inceliyor, yarg\u0131s\u0131na var\u0131ncaya kadar, ara\u015ft\u0131r\u0131yorlar ve takip ediyorlar.<\/p>\n<p style=\"text-align: justify;\">Ama, soruyorum, bir tek ki\u015finin kay\u0131r\u0131ld\u0131\u011f\u0131na dair somut deliliniz var m\u0131? \u015eifre iddialar\u0131ndan \u00e7\u0131kar sa\u011flad\u0131\u011f\u0131n\u0131 ispat edebilece\u011finiz tek bir gen\u00e7 var m\u0131? Yok. Ama ortada, duygular\u0131 istismar edilecek, soka\u011fa d\u00f6k\u00fclecek, zihinlerine, y\u00fcreklerine \u015f\u00fcphe d\u00fc\u015f\u00fcr\u00fclecek bir gen\u00e7 grup var.<\/p>\n<p style=\"text-align: justify;\">Bu \u00fclkenin ba\u015fbakan\u0131 olarak, YGS ile ilgili iddialar\u0131n tamam\u0131n\u0131n takip\u00e7isiyim. Gen\u00e7lerimiz rahat olsunlar, m\u00fcsterih olsunlar, g\u00f6n\u00fcl rahatl\u0131\u011f\u0131 i\u00e7inde ikinci s\u0131nava haz\u0131rlans\u0131nlar. Gen\u00e7lerimiz, kendilerini istismar edenleri, iddialar\u0131 f\u0131rsat\u00e7\u0131l\u0131\u011fa \u00e7evirenleri de l\u00fctfen \u00e7ok iyi g\u00f6rs\u00fcnler, tan\u0131s\u0131nlar. Taksim\u2019de bin ki\u015fiyi, iki bin ki\u015fiyi y\u00fcr\u00fctmek, iki bin genci y\u00fcr\u00fctmek problem de\u011fil. Onlar YGS s\u0131nav\u0131n\u0131n kar\u015f\u0131s\u0131nda tav\u0131r ortaya koyduklar\u0131n\u0131 a\u00e7\u0131klarken, biz de kalkar\u0131z onlar\u0131n kar\u015f\u0131s\u0131na 5 bin, 10 bin tane genci koyar\u0131z. Ama biz bu \u00fclkede gerilimden yana de\u011filiz. B\u0131rak\u0131n kurumlar i\u015fini yaps\u0131n. B\u0131rak\u0131n kurumlar g\u00f6revini yaps\u0131n. Hi\u00e7 kimsenin asla ve asla hakk\u0131 yenemez. Buna m\u00fcsaade etmeyiz. Gen\u00e7lerimiz bunu b\u00f6yle bilsin.&#8221;<\/p>\n<p style=\"text-align: justify;\"><a href=\"http:\/\/haber.gazetevatan.com\/biz-de-onlarin-karsisina-10-bin-genci-koyariz\/371833\/9\/Siyaset\" target=\"_blank\">Kaynak : VATAN Gazetesi<\/a><\/p>\n","protected":false},"excerpt":{"rendered":"<p style=\"text-align: justify;\">\n<p style=\"text-align: justify;\">Erdo\u011fan YGS tart\u0131\u015fmalar\u0131yla ilgili olarak &#8216;Gen\u00e7lerimiz, kendilerini istismar edenleri, iddialar\u0131 f\u0131rsat\u00e7\u0131l\u0131\u011fa \u00e7evirenleri de l\u00fctfen \u00e7ok iyi g\u00f6rs\u00fcnler, tan\u0131s\u0131nlar. Taksim\u2019de bin ki\u015fiyi, iki bin ki\u015fiyi y\u00fcr\u00fctmek, iki bin genci y\u00fcr\u00fctmek problem de\u011fil. Onlar YGS s\u0131nav\u0131n\u0131n kar\u015f\u0131s\u0131nda tav\u0131r ortaya koyduklar\u0131n\u0131 a\u00e7\u0131klarken, biz de kalkar\u0131z onlar\u0131n kar\u015f\u0131s\u0131na 5 bin, 10 bin tane genci <\/p>\n","protected":false},"author":1,"featured_media":0,"comment_status":"open","ping_status":"closed","sticky":false,"template":"","format":"standard","meta":{"footnotes":""},"categories":[105],"tags":[],"class_list":["post-30656","post","type-post","status-publish","format-standard","hentry","category-gundem","odd"],"_links":{"self":[{"href":"http:\/\/www.korhanyilmaz.com\/index.php?rest_route=\/wp\/v2\/posts\/30656","targetHints":{"allow":["GET"]}}],"collection":[{"href":"http:\/\/www.korhanyilmaz.com\/index.php?rest_route=\/wp\/v2\/posts"}],"about":[{"href":"http:\/\/www.korhanyilmaz.com\/index.php?rest_route=\/wp\/v2\/types\/post"}],"author":[{"embeddable":true,"href":"http:\/\/www.korhanyilmaz.com\/index.php?rest_route=\/wp\/v2\/users\/1"}],"replies":[{"embeddable":true,"href":"http:\/\/www.korhanyilmaz.com\/index.php?rest_route=%2Fwp%2Fv2%2Fcomments&post=30656"}],"version-history":[{"count":0,"href":"http:\/\/www.korhanyilmaz.com\/index.php?rest_route=\/wp\/v2\/posts\/30656\/revisions"}],"wp:attachment":[{"href":"http:\/\/www.korhanyilmaz.com\/index.php?rest_route=%2Fwp%2Fv2%2Fmedia&parent=30656"}],"wp:term":[{"taxonomy":"category","embeddable":true,"href":"http:\/\/www.korhanyilmaz.com\/index.php?rest_route=%2Fwp%2Fv2%2Fcategories&post=30656"},{"taxonomy":"post_tag","embeddable":true,"href":"http:\/\/www.korhanyilmaz.com\/index.php?rest_route=%2Fwp%2Fv2%2Ftags&post=30656"}],"curies":[{"name":"wp","href":"https:\/\/api.w.org\/{rel}","templated":true}]}}