{"id":30652,"date":"2011-04-18T13:44:21","date_gmt":"2011-04-18T10:44:21","guid":{"rendered":"http:\/\/www.korhanyilmaz.com\/?p=30652"},"modified":"2011-04-18T13:44:21","modified_gmt":"2011-04-18T10:44:21","slug":"mit-gorevlileri-sinav-sorularinin-cemaate-verildigini-rapor-ettikleri-icin-alindi","status":"publish","type":"post","link":"http:\/\/www.korhanyilmaz.com\/?p=30652","title":{"rendered":"M\u0130T g\u00f6revlileri s\u0131nav sorular\u0131n\u0131n cemaate verildi\u011fini rapor ettikleri i\u00e7in al\u0131nd\u0131"},"content":{"rendered":"<p style=\"text-align: justify;\"><a href=\"http:\/\/www.korhanyilmaz.com\/wp-content\/uploads\/2011\/04\/137.jpg\"  class=\"lightview\"><img loading=\"lazy\" decoding=\"async\" class=\"aligncenter size-full wp-image-30653\" title=\"\" src=\"http:\/\/www.korhanyilmaz.com\/wp-content\/uploads\/2011\/04\/137.jpg\" alt=\"\" width=\"380\" height=\"119\" \/><\/a><\/p>\n<p style=\"text-align: justify;\"><strong>Cihaner&#8217;in iddas\u0131: M\u0130T\u00e7iler, cemaati ara\u015ft\u0131rd\u0131klar\u0131 i\u00e7in g\u00f6zalt\u0131na al\u0131nd\u0131.<\/strong><\/p>\n<p style=\"text-align: justify;\">Erzincan eski Cumhuriyet Ba\u015fsavc\u0131s\u0131 \u0130lhan Cihaner, Erzincan&#8217;daki M\u0130T g\u00f6revlilerinin, Fethullah G\u00fclen Cemaatine ili\u015fkin ara\u015ft\u0131rmalar\u0131 nedeniyle, Ergenekon soru\u015fturmas\u0131n\u0131n i\u00e7ine \u00e7ekilerek g\u00f6zalt\u0131na al\u0131nd\u0131klar\u0131n\u0131 iddia etti. Cihaner, &#8220;Mit\u00e7ilerin avukatlar\u0131n\u0131n haz\u0131rlad\u0131\u011f\u0131 raporlara g\u00f6re, son polis akademisi s\u0131nav\u0131 sorular\u0131n\u0131n cemaate mensup dersanelerde da\u011f\u0131t\u0131ld\u0131\u011f\u0131na ili\u015fkin ara\u015ft\u0131rmalar\u0131 s\u0131ras\u0131nda g\u00f6zalt\u0131na al\u0131nm\u0131\u015flar&#8221; diye konu\u015ftu. <!--more--><\/p>\n<p style=\"text-align: justify;\">CHP\u2019den milletvekili aday\u0131 olmak i\u00e7in ba\u015fvuran Erzincan eski Cumhuriyet Ba\u015fsavc\u0131s\u0131 \u0130lhan Cihaner\u2019in adaylar listesine girmemesi kamuoyunda b\u00fcy\u00fck \u015fa\u015fk\u0131nl\u0131k yarat\u0131rken, \u00e7e\u015fitli spek\u00fclasyonlara da yol a\u00e7m\u0131\u015ft\u0131. Birg\u00fcn gazetesinden Onurkan Avc\u0131, CHP listesindeki s\u00fcrpriz bir geli\u015fmeyle Denizli\u2019de 2. s\u0131radan Milletvekili aday\u0131 g\u00f6sterilen Cihaner ile adayl\u0131\u011f\u0131n\u0131n a\u00e7\u0131klanmas\u0131n\u0131n ard\u0131ndan bir g\u00f6r\u00fc\u015fme yapt\u0131. Bug\u00fcn (18 Nisan 2011) Birg\u00fcn gazetesinde yay\u0131mlanan s\u00f6yle\u015finin tam metni \u015f\u00f6yle:<\/p>\n<p style=\"text-align: justify;\"><em>\u00d6nce aday aday\u0131 oldunuz daha sonra listeye giremedi\u011finiz g\u00fcndeme geldi. En son, bir saat \u00f6nce aday oldu\u011funuzu \u00f6\u011frendik. Bu geli\u015fmeleri nas\u0131l de\u011ferlendiriyorsunuz?<\/em><\/p>\n<p style=\"text-align: justify;\">Benim iradem a\u00e7\u0131k. CHP\u2019den siyaset yapmak i\u00e7in ba\u015fvurdum. Bunu de\u011ferlendirecek olan partinin yetkili organlar\u0131 da ilk listede bunu uygun g\u00f6rmedi. Beni o a\u015famadan sonra arayanlara, destek veren CHP se\u00e7menlerine hep \u015funu s\u00f6yledim: \u201cBurada \u00f6ncelik bu halk d\u00fc\u015fman\u0131 siyasi iktidardan kurtulmak. Onun i\u00e7in benim aday olmam ya da olmamam bu s\u00fcreci, \u00f6nceli\u011fi de\u011fi\u015ftirmez. Bunlar hep ikinci tart\u0131\u015fmalar.\u201d Hatta internette benim aday g\u00f6sterilmem i\u00e7in kampanyavari \u00e7al\u0131\u015fmalar y\u00fcr\u00fctenler oldu, onlara da hep bunu iletmeye \u00e7al\u0131\u015ft\u0131m.<\/p>\n<p style=\"text-align: justify;\">Adayl\u0131\u011fa gelince; san\u0131r\u0131m bir hukuki s\u0131k\u0131nt\u0131 olmu\u015f kontenjan adaylar\u0131n\u0131n g\u00f6sterilmesiyle ilgili ve bug\u00fcn de b\u00f6yle bir sonu\u00e7 \u00e7\u0131kt\u0131. Bunun \u00e7ok detay\u0131na girmek istemiyorum. Ama san\u0131r\u0131m orada \u00f6nse\u00e7imde 2. s\u0131radaki kad\u0131n aday i\u00e7in kontenjan kullan\u0131lmadan o liste YSK\u2019ya g\u00f6nderilmi\u015f ancak buna kontenjan adaylar\u0131 ya da YSK resen imkan olmad\u0131\u011f\u0131n\u0131 belirtince de o liste d\u0131\u015f\u0131nda bir kontenjan aday\u0131 g\u00f6sterilmesi gerekti\u011fi s\u00f6ylenmi\u015f. Buna benzer san\u0131r\u0131m birka\u00e7 il daha var. Orada genel Ba\u015fkan\u2019\u0131n kad\u0131n adaylar lehine tercih yapt\u0131\u011f\u0131 yans\u0131m\u0131\u015ft\u0131 bas\u0131na ama \u015fuanda teknik bir ayr\u0131nt\u0131 olarak YSK\u2019n\u0131n b\u00f6yle bir sonuca vard\u0131\u011f\u0131n\u0131 kabul ediyoruz. Benim ismim \u00fczerinde mutab\u0131k kal\u0131nm\u0131\u015f.<\/p>\n<p style=\"text-align: justify;\"><em>Sizden beklenti \u00e7ok b\u00fcy\u00fck. \u0130lgi \u00e7ok muazzam. Meclis\u2019te ne yapacaks\u0131n\u0131z, nas\u0131l \u00e7al\u0131\u015fma y\u00fcr\u00fcteceksiniz?<\/em><\/p>\n<p style=\"text-align: justify;\">Art\u0131k bir parti organizasyon i\u00e7erisinde olaca\u011f\u0131z. Dolay\u0131s\u0131yla ki\u015fisel beklentilerle partinin program\u0131n\u0131n \u00f6rt\u00fc\u015ft\u00fc\u011f\u00fc yerlerde, ya da partinin karar alma organ\u0131n\u0131n etki etti\u011fi yerlerde ayn\u0131 m\u00fccadelemizi devam ettirece\u011fiz. Benim siyasete girmekteki amac\u0131m, daha e\u015fit, \u00f6zg\u00fcrl\u00fck\u00e7\u00fc, adil bir \u00fclke yolunda m\u00fccadele etmek. \u015euanda muhalefetin siklet merkezi de CHP. Yani kendi ilkelerime en yak\u0131n parti olarak da CHP vard\u0131. Bu anlamda m\u00fccadelemizi burada s\u00fcrd\u00fcrece\u011fiz.<\/p>\n<p style=\"text-align: justify;\"><em>Partide aday listesine giren isimler aras\u0131nda \u00e7ok tepki \u00e7ekenler de var. Sa\u011fc\u0131 kimlikleriyle \u00f6ne \u00e7\u0131kan adaylarla ayn\u0131 partide siyaset yapmak zor olmayacak m\u0131 sizin i\u00e7in?<\/em><\/p>\n<p style=\"text-align: justify;\">Ben siyaseti fizikteki vekt\u00f6rlere benzetiyorum. Zaten herkesin her konuda ayn\u0131 d\u00fc\u015f\u00fcnd\u00fc\u011f\u00fc, ayn\u0131la\u015ft\u0131\u011f\u0131 bir parti\/ bir d\u00fcnya \u00e7ok tats\u0131z olurdu. Sosyal demokrat\/ sol partilerde farkl\u0131 d\u00fc\u015f\u00fcnceler, ele\u015ftiriler mutlaka olacakt\u0131r ancak bunun s\u0131n\u0131r\u0131 tabi ki var. Soruda de\u011findi\u011finiz isimler her kimse, iradelerini CHP\u2019de siyaset yapmak y\u00f6n\u00fcnde belirtmi\u015flerse onlar\u0131n da o noktaya geldi\u011fini kabul etmek zorunday\u0131z. Parti zorla aday yapmad\u0131\u011f\u0131na g\u00f6re, burada bir tercih var. Partiler de ki\u015filerin ge\u00e7mi\u015flerine de\u011fil, programlar\u0131yla ortaya \u00e7\u0131kar. CHP\u2019nin de program\u0131 ortada. Bu ki\u015filerin de bu programa kat\u0131ld\u0131\u011f\u0131n\u0131 kabul etmek durumunday\u0131z. Uzla\u015fmaz \u00e7eli\u015fki olmad\u0131\u011f\u0131 noktada, ortak ak\u0131l olu\u015ftuktan sonra, k\u0131rm\u0131z\u0131 \u00e7izgilere de\u011fmedikten sonra farkl\u0131 d\u00fc\u015f\u00fcnceler do\u011fald\u0131r. Birlikte \u00e7al\u0131\u015f\u0131lacakt\u0131r. O \u00e7izgiler ge\u00e7ilirse o zaman ba\u015fka durumlar ortaya \u00e7\u0131kar ama \u015fuan bu kabulle gitmek durumunday\u0131z.<\/p>\n<p style=\"text-align: justify;\"><em>Peki sizi kamuoyunun en \u00e7ok tan\u0131mas\u0131n\u0131 sa\u011flayan unsurlardan biri olan \u0130smaila\u011fa Cemaati soru\u015fturmas\u0131na d\u00f6nersek, ne oldu orada en son?<\/em><\/p>\n<p style=\"text-align: justify;\">Bu tarz tart\u0131\u015fmalarda cemaat s\u00f6zc\u00fc\u011f\u00fcn\u00fc kullanmak istemiyorum \u00e7\u00fcnk\u00fc din ve vicdan h\u00fcrriyetine dair bir \u015feyler ima etmi\u015fim gibi anla\u015f\u0131l\u0131yor. Ben orada yoksul dindarlardan izinsiz toplanan paralar\u0131n, toplan\u0131\u015f ama\u00e7lar\u0131na ayk\u0131r\u0131 \u015fekilde kullan\u0131ld\u0131\u011f\u0131n\u0131 ve yine yasaya ayk\u0131r\u0131 \u015fekilde e\u011fitim kurumlar\u0131 a\u00e7\u0131ld\u0131\u011f\u0131n\u0131, ve t\u00fcm bunlar\u0131n \u00f6rg\u00fctl\u00fc bir yap\u0131yla sa\u011fland\u0131\u011f\u0131n\u0131 tespit ederek bir soru\u015fturma ba\u015flatt\u0131m. Bahsetti\u011fi eylemler de yasalara g\u00f6re su\u00e7. Doland\u0131r\u0131c\u0131l\u0131ktan, izinsiz e\u011fitim kurumu a\u00e7maya kadar ciddi su\u00e7lar var. Benim iddia ve soru\u015fturmam buyken, Erzurum savc\u0131l\u0131\u011f\u0131 bu \u00f6rg\u00fct\u00fcn b\u00f6yle de\u011fil silahl\u0131 oldu\u011funu ve kendisinin soru\u015fturmas\u0131 gerekti\u011fini s\u00f6yledi. Hatta adalet bakanl\u0131\u011f\u0131 ayn\u0131 gerek\u00e7eyle benim tespitimin yanl\u0131\u015f oldu\u011funu belirterek g\u00f6revi k\u00f6t\u00fcye kullanma su\u00e7undan bana dava a\u00e7t\u0131. Bir kere bu t\u00fcrkiyede y\u00fcr\u00fcyen bir soru\u015fturma s\u0131ras\u0131nda oluyordu. Benim elimden al\u0131nd\u0131. Bu bir ilkti ve hukuk devleti a\u00e7\u0131s\u0131ndan deh\u015fet bir tabloydu. Adil soru\u015fturma, yarg\u0131lama gibi ceza yarg\u0131lamas\u0131ndaki t\u00fcm temel ilkelerin reddiydi. \u00c7\u00fcnk\u00fc her \u015feyden \u00f6nce ben daha sonca varmam\u0131\u015f\u0131m, soru\u015fturma a\u00e7\u0131k. Erzurum Savc\u0131l\u0131\u011f\u0131 ile girdi\u011fim tart\u0131\u015fma da sonu\u00e7ta hukuki bir tart\u0131\u015fmayd\u0131. Oysa gelinen noktada Erzurum savc\u0131lar\u0131 o kadar iddial\u0131, a\u011f\u0131rla\u015ft\u0131r\u0131lm\u0131\u015f m\u00fcebbet talep ettikleri adamlar\u0131 ilk a\u015famada tahliye ettiler. Bu bile ne gerek\u00e7eyle dosyay\u0131 ald\u0131klar\u0131n\u0131n ispat\u0131d\u0131r asl\u0131nda.<\/p>\n<p style=\"text-align: justify;\">Soru\u015fturma kapsam\u0131nda yapt\u0131rd\u0131\u011f\u0131n\u0131z dinlemelerde AKP\u2019den bir \u00e7ok ismin ad\u0131 ge\u00e7iyordu. Ciddi deliller vard\u0131\u2026<\/p>\n<p style=\"text-align: justify;\">Geldi\u011fimiz noktada da benim dedi\u011fimi diyerek esas hakk\u0131nda m\u00fctalaa verdiler. Tabi ne oldu, bu arada bir \u00e7ok siyasinin kar\u0131\u015ft\u0131\u011f\u0131 \u00e7ok ciddi su\u00e7lar \u00f6rtpas edilmi\u015f oldu. Soru\u015fturman\u0131n derinle\u015fmesine izin verilmemi\u015f oldu. Oysa belli siyasilerin belli ihalelere fesat kar\u0131\u015ft\u0131rmalar\u0131ndan tutun, kamudaki kadrola\u015fmaya kadar \u00e7ok ciddi su\u00e7lar vard\u0131.<\/p>\n<p style=\"text-align: justify;\"><em>Bakanl\u0131klarla g\u00f6r\u00fc\u015fen, hatta ba\u015fbakanl\u0131kla g\u00f6r\u00fc\u015fen cemaat\u00e7iler vard\u0131 o dinlemelerde. Emniyetten bas\u0131lmadan \u00f6nce haber ald\u0131klar\u0131 net bi\u00e7imde g\u00f6r\u00fcl\u00fcyordu. Bu dinlemelerin hepsi yasal dinlemelerdi ama bunlar baz\u0131 kesimlerce yasad\u0131\u015f\u0131 dinlemeler olarak lanse edildi. Hatta En son Ahmet \u015e\u0131k\u2019\u0131n evinde de o dinleme tutanaklar\u0131 \u00e7\u0131k\u0131nca \u2018yasad\u0131\u015f\u0131\u2019 s\u0131fat\u0131n\u0131 takt\u0131lar?<\/em><\/p>\n<p style=\"text-align: justify;\">Benim yapt\u0131\u011f\u0131m soru\u015fturma i\u015flemlerinin hepsi yasad\u0131\u015f\u0131 diye yaftaland\u0131. As\u0131l sorun oradaki iddialar\u0131n arkas\u0131nda durulmam\u0131\u015f ama birileri gazetecilik yapt\u0131\u011f\u0131 i\u00e7in, birileri doktorluk yapt\u0131\u011f\u0131 i\u00e7in tutuklan\u0131yor. Buradaki s\u0131k\u0131nt\u0131 neyin \u00fczerine gidilmezken, nelerin \u00fczerine gidiliyor? Mesela benim yak\u0131n\u0131mda bulunan bir \u00e7ok insan basit imzas\u0131z bir ihbar maili gerek\u00e7e g\u00f6sterilerek uzun s\u00fcre dinlenmi\u015f. 8 ay bu dinlemeyi yapm\u0131\u015flar, sonucunda da takipsizlik karar\u0131 verilmi\u015f. Burada \u00e7ok b\u00fcy\u00fck bir korkular\u0131 var. Korkular\u0131 belki bunlard\u0131 belki de benim geni\u015fletti\u011fim hususlard\u0131, bunu ilerleyen g\u00fcnlerde g\u00f6rece\u011fiz.<\/p>\n<p style=\"text-align: justify;\"><em>Son olarak soru\u015fturmay\u0131 sizin elinizden alan Erzurum Savc\u0131s\u0131 Osman \u015eanal\u2019\u0131n M\u0130T mensuplar\u0131n\u0131 g\u00f6zalt\u0131na ald\u0131\u011f\u0131 haberleri \u00e7\u0131km\u0131\u015ft\u0131. \u00dcstelik birisi Erzincan M\u0130T Ba\u015fkan\u0131. Siz \u0130smaila\u011fa soru\u015fturmas\u0131 s\u0131ras\u0131nda M\u0130T ile \u00e7al\u0131\u015fm\u0131\u015f m\u0131yd\u0131n\u0131z?<\/em><\/p>\n<p style=\"text-align: justify;\">Mit\u00e7ilerin niye g\u00f6zalt\u0131na al\u0131nd\u0131\u011f\u0131n\u0131 biz iddianame d\u00fczenleninceye kadar anlayamad\u0131k. Hatta d\u00fczenlenip dosyay\u0131 g\u00f6r\u00fcnceye kadar, hatta ve hatta M\u0130T mensuplar\u0131n\u0131n avukatlar\u0131n\u0131n delil olarak dosyaya sunduklar\u0131 dilek\u00e7e ekindeki raporlar gelinceye kadar do\u011frusu ben anlamland\u0131ramam\u0131\u015ft\u0131m. \u00c7\u00fcnk\u00fc su\u00e7 isnatlar\u0131n\u0131n y\u00f6neltildi\u011fi M\u0130T mensuplar\u0131n\u0131n 2 sini hi\u00e7 tan\u0131m\u0131yorum. Sadece yarg\u0131lama s\u0131ras\u0131nda g\u00f6rd\u00fcm ve isimlerini halen kar\u0131\u015ft\u0131r\u0131yorum. Di\u011feri de oradaki M\u0130T\u2019in m\u00fcd\u00fcr\u00fc olan arkada\u015f\u0131m\u0131zla da sadece meslek gere\u011fi belli ortamlarda bulunmam\u0131z\u0131n zorunlu oldu\u011fu 2-3 ortamdaki nezaket kar\u015f\u0131la\u015fmalar\u0131 d\u0131\u015f\u0131nda bir yak\u0131nl\u0131\u011f\u0131n olmad\u0131\u011f\u0131 bir arkada\u015f\u0131m\u0131z. Zaten iddia edilen eylemler oldu\u011funda adamca\u011f\u0131z geleli birka\u00e7 ay olmu\u015ftu. Yani olacak \u015fey de\u011fil.<\/p>\n<p style=\"text-align: justify;\"><em>Peki ibrenin M\u0130T\u2019e \u00e7evrilmesinin arka plan\u0131nda ne yat\u0131yor?<\/em><\/p>\n<p style=\"text-align: justify;\">Bu arkada\u015flar\u0131m\u0131z adli s\u00fcre\u00e7te kesinlikle rol alamazlar. Yasal olarak da gayri yasal olarak da bu m\u00fcmk\u00fcn de\u011fil. \u00c7\u00fcnk\u00fc M\u0130T\u2019in b\u00f6yle bir gelene\u011fi yok. Sadece belli konularda yaz\u0131\u015fmalar olur o da resmidir zaten benim \u00f6zellikle o Fethullah G\u00fclen grubuyla ilgili soru\u015fturmamda baz\u0131 yaz\u0131\u015fmalar oldu. Bunun d\u0131\u015f\u0131nda benim soru\u015fturmalar\u0131mda ya da her hangi bir soru\u015fturmada yerel M\u0130T mensuplar\u0131yla bir temas\u0131m olmam\u0131\u015ft\u0131r.<\/p>\n<p style=\"text-align: justify;\">Ancak bu tutuklamalar olup, iddianame kabul edilip yarg\u0131lama ba\u015flay\u0131nca M\u0130T mensuplar\u0131n\u0131n avukatlar\u0131n\u0131n g\u00f6nderdi\u011fi raporda biz \u015funu g\u00f6rd\u00fck: M\u0130T mensuplar\u0131, daha sonra gizli tan\u0131k olarak dev\u015firilen ki\u015fiyle uzun s\u00fcreden beri g\u00f6r\u00fc\u015f\u00fcyorlarm\u0131\u015f. Ve bu ki\u015fi de en son polis akademisi s\u0131nav\u0131 sorular\u0131n\u0131n cemaate mensup dersanelerde da\u011f\u0131t\u0131ld\u0131\u011f\u0131n\u0131 s\u00f6yleyerek, onlara getirmek \u00fczereymi\u015f. Tam bu s\u0131rada g\u00f6zalt\u0131na al\u0131nm\u0131\u015flar.<\/p>\n<p style=\"text-align: justify;\">Ben de bu isimler kimdir, neden buraya dahil ediliyorlar derken, o raporu g\u00f6rd\u00fc\u011f\u00fcm gibi anlad\u0131m ki Ahmet\u2019in dedi\u011fi gibi dokunan yan\u0131yor. Biz bunlar\u0131 daha \u00f6nce de g\u00f6rd\u00fck i\u015fte Cumhuriyet Savc\u0131s\u0131 Salim Demirci, Nuh Mete Y\u00fcksel, bir \u00e7ok hukuk\u00e7u, b\u00fcrokrat, yazar yand\u0131. M\u0130T mensuplar\u0131n\u0131n da ba\u015f\u0131na bu nedenle bu kurgunun geldi\u011fini d\u00fc\u015f\u00fcn\u00fcyorum.<\/p>\n<p style=\"text-align: justify;\"><em>Siz son olarak Fethullah G\u00fclen hareketini soru\u015fturuyordunuz? Art\u0131k savc\u0131 olmad\u0131\u011f\u0131n\u0131z i\u00e7in rahat\u00e7a sorabilirim; nas\u0131l bak\u0131yorsunuz \u2018cemaat\u2019e?<\/em><\/p>\n<p style=\"text-align: justify;\">Fethullah G\u00fclen grubuyla ilgili olarak T\u00fcrkiye\u2019nin \u015fu sorunu \u00e7\u00f6zmesi laz\u0131m. Bunlar kim, ne, ne yap\u0131yorlar? Yani bu sorun \u00e7\u00f6z\u00fclmeden, b\u00fcy\u00fck resme bak\u0131p; bunlar sadece dinin belli bir yorumunu ya\u015fayan g\u00f6n\u00fcll\u00fcler hareketi mi? Yani ki\u015fisel \u00f6zg\u00fcrl\u00fckler \u00e7er\u00e7evesinde de\u011ferlendirilecek bir hareket mi? M\u0130T m\u00fcste\u015farlar\u0131na kadar bir \u00e7ok insan\u0131n s\u00f6yledi\u011fi gibi kamuda kadrola\u015fan, inan\u0131lmaz bir paraya h\u00fckmeden, nihai ama\u00e7lar\u0131 bu \u00fclkenin y\u00f6netimine ve i\u015fleyi\u015fine tamamen hakim olmak olan, her t\u00fcrl\u00fc su\u00e7u i\u015fleyebilecek, hi\u00e7bir ahlaki\/ hukuki s\u0131n\u0131r tan\u0131madan o alt yap\u0131y\u0131 haz\u0131rlamaya \u00e7al\u0131\u015fan bir su\u00e7 \u00e7etesi mi? Bu y\u00f6nde \u00e7ok ciddi iddialar ve bu iddialar\u0131 destekleyen \u00e7ok fazla delil olmas\u0131na ra\u011fmen bununla ilgili hala derli toplu soru\u015fturma yap\u0131lmamas\u0131 zaten b\u00fcy\u00fck resmi tam olarak ortaya koyuyor.<\/p>\n<p style=\"text-align: justify;\">Neden b\u00f6yle bir soru\u015fturma yok? Bug\u00fcn bir savc\u0131 \u00e7\u0131k\u0131p kald\u0131\u011f\u0131n\u0131z yerden devam etse\u2026<\/p>\n<p style=\"text-align: justify;\">Daha \u00f6nce Ankara\u2019da sadece G\u00fclen ile ilgili a\u00e7\u0131lan ve yanl\u0131\u015f bir \u015fekilde hareketin kendisinin akland\u0131\u011f\u0131 \u015feklinde yorumlanan soru\u015fturma hari\u00e7 -ki o soru\u015fturmada \u00f6yle bir durum yok- tek soru\u015fturma a\u00e7an bendim ve olanlar ortada. Ancak h\u00fck\u00fcmet dahil belli g\u00fc\u00e7 odaklar\u0131n\u0131n ho\u015funa gitmeyecek soru\u015fturmalara resen giri\u015fecek savc\u0131lar cezaland\u0131r\u0131l\u0131yor. Bundan sonra b\u00f6yle bir savc\u0131 \u00e7\u0131kar m\u0131 bilmiyorum ama sanm\u0131yorum. T\u00fcrkiye\u2019de \u00f6rg\u00fctl\u00fc bi\u00e7imde kamu dinleniyor, kadrola\u015f\u0131l\u0131yor, medya manip\u00fcle ediliyor ancak Adalet Bakanl\u0131\u011f\u0131 ve \u0130\u00e7i\u015fleri Bakanl\u0131\u011f\u0131 bu konuda hi\u00e7bir \u015fey yap\u0131lm\u0131yor. Hatta bu konuda \u015fikayet etti\u011finiz ki\u015filer \u00f6d\u00fcllendiriliyor. Terfi ettiriliyor, g\u00f6revlerine iade ettiriliyor. \u015eu s\u00fcre\u00e7te her hangi bir savc\u0131n\u0131n bir soru\u015fturma ba\u015flatmas\u0131 ger\u00e7ek\u00e7i de\u011fil. Her \u015feyden \u00f6nce medyas\u0131na kadar bu gruba sahip olanlar e\u011fer ger\u00e7ekten sadece g\u00f6n\u00fcll\u00fcler birli\u011fiyse b\u0131raks\u0131nlar insanlar soru\u015ftursun. Niye aleyhe bir i\u015flem ba\u015flatanlar, iddia \u00f6ne s\u00fcrenler itibars\u0131zla\u015ft\u0131r\u0131l\u0131yor. Yani az\u0131c\u0131k ahlak varsa bunu yaparlar ama bak\u0131yorsunuz k\u00fc\u00e7\u00fcc\u00fck bir iddiaya bile tahamm\u00fcl etmeyerek, o insanla ilgili ailesinden tutun ge\u00e7mi\u015fine kadar bir \u00e7ok iftira ve kurgu d\u00fczenleniyor. Bunu bana h\u00e2l\u00e2 yapmaya \u00e7al\u0131\u015f\u0131yorlar, en son askerlik durumumla ilgili att\u0131klar\u0131 iftira ortada. \u0130lk a\u011f\u0131z olan Savunma Bakanl\u0131\u011f\u0131\u2019ndan konuya ili\u015fkin gelen a\u00e7\u0131klamay\u0131 bile koymuyorlar. Tekzip yaz\u0131yorsunuz yay\u0131mlam\u0131yorlar. Ba\u015f etmek i\u00e7in i\u015fi g\u00fcc\u00fc b\u0131rak\u0131p herg\u00fcn bir \u015feyler yaz\u0131p yollaman\u0131z laz\u0131m. Sa\u00e7ma sapan bir y\u0131ld\u0131rma politikas\u0131 bu.<\/p>\n<p style=\"text-align: justify;\"><em>Dinlemeler de birka\u00e7 y\u0131ld\u0131r g\u00fcndemin en hararetli konular\u0131ndan. O dinlemelerin s\u0131zd\u0131r\u0131lmas\u0131na daha sonra girelim ama T\u0130B Ba\u015fkan\u0131 bile \u2018yasal dinleme yok\u2019 demi\u015fti. O zaman nas\u0131l bir dinleme var?<\/em><\/p>\n<p style=\"text-align: justify;\">\u015eunu kabul etmemiz laz\u0131m ki: kar\u015f\u0131m\u0131zda \u00e7ok ciddi bir \u00e7ete var ve bu \u00e7etenin kamuda, \u00e7ok y\u00fcksek yerlerde destek\u00e7ileri ve mensuplar\u0131 var. Yani bu \u00fclkenin y\u00fcksek yarg\u0131\u00e7lar\u0131n\u0131 \u00e7al\u0131\u015fma ofislerinde dinliyorlar. Bu deh\u015fet bir \u015fey. Yarg\u0131tay ve Dan\u0131\u015ftay\u2019\u0131n bunlar a\u00e7\u0131kl\u0131\u011fa kavu\u015fturuluncaya kadar derhal yarg\u0131lamalar\u0131 b\u0131rakmalar\u0131 gerekir. Orada \u00e7ok b\u00fcy\u00fck mali dosyalar inceleniyor, \u00e7ok b\u00fcy\u00fck \u00e7etelere dair dosyalar inceleniyor. Bunlardan bir saat \u00f6nce haberdar olmak bile o dinlemeleri yapanlar elinde inan\u0131lmaz bir g\u00fc\u00e7 olu\u015fturur. Akla gelmeyecek sonu\u00e7lar\u0131 do\u011furabilir ama buna ra\u011fmen sanki b\u00f6yle bir \u015fey yok gibi davran\u0131l\u0131yor. Hele hele siyasi iktidar\u0131n g\u00fcndeminde b\u00f6yle bir \u015fey hi\u00e7 yok.<\/p>\n<p style=\"text-align: justify;\">Zaten yasal olarak ortam dinlemesi yap\u0131lmamas\u0131 gerekir. Yasal dinleme yoksa anla\u015f\u0131l\u0131yor ki yasad\u0131\u015f\u0131 bir dinleme var. Peki bir \u00fclkede y\u00fcksek yarg\u0131\u00e7lar\u0131, generalleri kim dinler, hangi g\u00fc\u00e7 dinler? Bunlar\u0131 kim ar\u015fivler ve g\u00fcndeme g\u00f6re kim servis eder? Ya \u00e7ok b\u00fcy\u00fck bir yabanc\u0131 servis operasyonuyla kar\u015f\u0131 kar\u015f\u0131ya bu \u00fclke, ya da kendi istihbarat\u0131ndan daha g\u00fc\u00e7l\u00fc m\u00fcthi\u015f bir d\u00fc\u015fmanla kar\u015f\u0131 kar\u015f\u0131ya. Ama bu su\u00e7 olu\u015fumu siyasi iktidar\u0131n umurunda de\u011fil. Bu kabul edilebilir bir \u015fey de\u011fil.<\/p>\n<p style=\"text-align: justify;\"><em>Siz bu \u00e7ete ile siyasi iktidar\u0131n bir ba\u011flant\u0131s\u0131 oldu\u011funu d\u00fc\u015f\u00fcn\u00fcyor musunuz?<\/em><\/p>\n<p style=\"text-align: justify;\">Bizim t\u00fcm g\u00fcc\u00fcm\u00fcz\u00fc bu \u00fclkeyi demokratikle\u015ftirmeye harcamam\u0131z gerekir ve bu da ancak bu tarz su\u00e7 olu\u015fumlar\u0131ndan uzak durarak, onlarla y\u00fczle\u015ferek olur. Bak\u0131n Deniz Baykal ile ilgili bir video yay\u0131mland\u0131, ve Ba\u015fbakan\u2019\u0131n talebi \u00fczerine o video hemen kald\u0131r\u0131ld\u0131. Demek ki siyasi iktidarla bu su\u00e7 kanallar\u0131 aras\u0131nda da farkl\u0131 bir muhabbet var. \u00c7\u00fcnk\u00fc baz\u0131 insanlar\u0131 yapt\u0131\u011f\u0131 \u015feyler yasalardan daha \u00f6nemlidir. Ben iddia ediyorum ne kadar \u00f6zg\u00fcrle\u015ftirici yasa yaparsan\u0131z yap\u0131n, Erdo\u011fan\u2019\u0131n tek bir protesto olay\u0131nda kalk\u0131p \u2018dokunmay\u0131n o gen\u00e7lere\u2019 demesi kadar etkili olmaz. Ama tam tersi adil, paras\u0131z e\u011fitim isteyen gen\u00e7leri birden provokat\u00f6r ilan edilip, kafalar\u0131 patlat\u0131l\u0131yor. \u00dcstelik o gen\u00e7lerin savunduklar\u0131 idealler de sonuna kadar kullan\u0131l\u0131yor. Referandum s\u00fcrecini hat\u0131rlay\u0131n; Deniz Gezmi\u015f posteriyle \u2018evet\u2019 oyu istemi\u015flerdi, ama bug\u00fcn Denizler kadar eylemlilik i\u00e7inde olmayan gen\u00e7ler \u00f6ld\u00fcresiye d\u00f6v\u00fcl\u00fcyor. Hamile k\u0131zlar\u0131m\u0131z\u0131n \u00e7ocuklar\u0131 d\u00fc\u015f\u00fcr\u00fcl\u00fcyor. Ve bunlara iktidar sahip \u00e7\u0131k\u0131p \u2018dokundurmam\u2019 diyor. Bunun \u00fczerine demokrasi ad\u0131na at\u0131lan hi\u00e7bir nutku dinlemem ben, madem \u00f6yle o tabloyu engelle, o gen\u00e7lerin taleplerini g\u00fcndemine al.<\/p>\n<p style=\"text-align: justify;\"><a href=\"http:\/\/haber.gazetevatan.com\/mit-gorevlileri-sinav-sorularinin-cemaate-verildigini-rapor-ettikleri-icin-alindi\/371860\/1\/Gundem\" target=\"_blank\">Kaynak : VATAN Gazetesi<\/a><\/p>\n","protected":false},"excerpt":{"rendered":"<p style=\"text-align: justify;\">\n<p style=\"text-align: justify;\">Cihaner&#8217;in iddas\u0131: M\u0130T\u00e7iler, cemaati ara\u015ft\u0131rd\u0131klar\u0131 i\u00e7in g\u00f6zalt\u0131na al\u0131nd\u0131.<\/p>\n<p style=\"text-align: justify;\">Erzincan eski Cumhuriyet Ba\u015fsavc\u0131s\u0131 \u0130lhan Cihaner, Erzincan&#8217;daki M\u0130T g\u00f6revlilerinin, Fethullah G\u00fclen Cemaatine ili\u015fkin ara\u015ft\u0131rmalar\u0131 nedeniyle, Ergenekon soru\u015fturmas\u0131n\u0131n i\u00e7ine \u00e7ekilerek g\u00f6zalt\u0131na al\u0131nd\u0131klar\u0131n\u0131 iddia etti. Cihaner, &#8220;Mit\u00e7ilerin avukatlar\u0131n\u0131n haz\u0131rlad\u0131\u011f\u0131 raporlara g\u00f6re, son polis akademisi s\u0131nav\u0131 sorular\u0131n\u0131n cemaate mensup dersanelerde da\u011f\u0131t\u0131ld\u0131\u011f\u0131na ili\u015fkin ara\u015ft\u0131rmalar\u0131 <\/p>\n","protected":false},"author":1,"featured_media":0,"comment_status":"open","ping_status":"closed","sticky":false,"template":"","format":"standard","meta":{"footnotes":""},"categories":[105],"tags":[],"class_list":["post-30652","post","type-post","status-publish","format-standard","hentry","category-gundem","odd"],"_links":{"self":[{"href":"http:\/\/www.korhanyilmaz.com\/index.php?rest_route=\/wp\/v2\/posts\/30652","targetHints":{"allow":["GET"]}}],"collection":[{"href":"http:\/\/www.korhanyilmaz.com\/index.php?rest_route=\/wp\/v2\/posts"}],"about":[{"href":"http:\/\/www.korhanyilmaz.com\/index.php?rest_route=\/wp\/v2\/types\/post"}],"author":[{"embeddable":true,"href":"http:\/\/www.korhanyilmaz.com\/index.php?rest_route=\/wp\/v2\/users\/1"}],"replies":[{"embeddable":true,"href":"http:\/\/www.korhanyilmaz.com\/index.php?rest_route=%2Fwp%2Fv2%2Fcomments&post=30652"}],"version-history":[{"count":0,"href":"http:\/\/www.korhanyilmaz.com\/index.php?rest_route=\/wp\/v2\/posts\/30652\/revisions"}],"wp:attachment":[{"href":"http:\/\/www.korhanyilmaz.com\/index.php?rest_route=%2Fwp%2Fv2%2Fmedia&parent=30652"}],"wp:term":[{"taxonomy":"category","embeddable":true,"href":"http:\/\/www.korhanyilmaz.com\/index.php?rest_route=%2Fwp%2Fv2%2Fcategories&post=30652"},{"taxonomy":"post_tag","embeddable":true,"href":"http:\/\/www.korhanyilmaz.com\/index.php?rest_route=%2Fwp%2Fv2%2Ftags&post=30652"}],"curies":[{"name":"wp","href":"https:\/\/api.w.org\/{rel}","templated":true}]}}