{"id":30648,"date":"2011-04-17T18:47:35","date_gmt":"2011-04-17T15:47:35","guid":{"rendered":"http:\/\/www.korhanyilmaz.com\/?p=30648"},"modified":"2011-04-17T18:47:35","modified_gmt":"2011-04-17T15:47:35","slug":"cumhuriyet-gucbirligi-bagimsiz-milletvekili-adaylari","status":"publish","type":"post","link":"http:\/\/www.korhanyilmaz.com\/?p=30648","title":{"rendered":"Cumhuriyet G\u00fc\u00e7birli\u011fi ba\u011f\u0131ms\u0131z milletvekili adaylar\u0131"},"content":{"rendered":"<p style=\"text-align: justify;\"><a href=\"http:\/\/www.korhanyilmaz.com\/wp-content\/uploads\/2011\/04\/136.jpg\"  class=\"lightview\"><img loading=\"lazy\" decoding=\"async\" class=\"aligncenter size-full wp-image-30649\" src=\"http:\/\/www.korhanyilmaz.com\/wp-content\/uploads\/2011\/04\/136.jpg\" alt=\"\" width=\"322\" height=\"245\" \/><\/a><\/p>\n<p style=\"text-align: justify;\">Cumhuriyet G\u00fc\u00e7birli\u011fi ba\u011f\u0131ms\u0131z milletvekili adaylar\u0131 se\u00e7im \u00e7al\u0131\u015fmalar\u0131n\u0131 \u0130zmir&#8217;den ba\u015flatt\u0131.<\/p>\n<p style=\"text-align: justify;\">\u0130zmir- Halkap\u0131nar Spor Salonu&#8217;nda d\u00fczenlenen Cumhuriyet G\u00fc\u00e7birli\u011fi \u015e\u00f6leni&#8217;nde 31 ilden g\u00f6sterilen ba\u011f\u0131ms\u0131z milletvekili adaylar\u0131 bas\u0131na ve partililere tan\u0131t\u0131ld\u0131. Silivri Cezaevi&#8217;nde bulunan milletvekili adaylar\u0131 Do\u011fu Perin\u00e7ek, emekli Orgeneral \u00c7etin Do\u011fan, emekli Albay Atilla U\u011fur ve Deniz Y\u0131ld\u0131r\u0131m&#8217;\u0131n mesajlar\u0131 okundu, Mo\u011follar Grubu konser verdi. <!--more--><\/p>\n<p style=\"text-align: justify;\">Cumhuriyet G\u00fc\u00e7birli\u011fi S\u00f6zc\u00fcs\u00fc Erdo\u011fan \u00d6zer, 30 Mart&#8217;ta 31 se\u00e7im b\u00f6lgesindeki milletvekili adaylar\u0131n\u0131n ilan edildi\u011fini, \u0130zmir 2&#8217;nci B\u00f6lge Aday\u0131 Do\u011fu Perin\u00e7ek&#8217;in se\u00e7im \u00e7evresi olan \u0130zmir&#8217;den milletvekillerinin se\u00e7im \u00e7al\u0131\u015fmalar\u0131n\u0131 ba\u015flatt\u0131\u011f\u0131n\u0131 s\u00f6yledi. Vatan\u0131n b\u00fct\u00fcnl\u00fc\u011f\u00fc, milletin b\u00f6l\u00fcnmezli\u011fi, \u00fclkenin ba\u011f\u0131ms\u0131zl\u0131\u011f\u0131 i\u00e7in Atat\u00fcrk etraf\u0131nda birle\u015ftiklerini ve ba\u011f\u0131ms\u0131z milletvekili adaylar\u0131 i\u00e7in oy istediklerini belirten Erdo\u011fan \u00d6zer, 12 Haziran&#8217;da adaylar\u0131n\u0131n milletvekili se\u00e7ilece\u011fine inand\u0131\u011f\u0131n\u0131 ifade etti.<\/p>\n<p style=\"text-align: justify;\">\u0130zmir 1&#8217;inci B\u00f6lge Milletvekili aday\u0131 Ya\u015far M\u00fcjdeci ise Cumhuriyet Mitingleri&#8217;nde omuz omuza olanlarla bir arada oldu\u011funu, bu mitinge kat\u0131lanlar\u0131n ba\u015fta Do\u011fu Perin\u00e7ek olmak \u00fczere b\u00fct\u00fcn Cumhuriyet G\u00fc\u00e7birli\u011fi milletvekili adaylar\u0131n\u0131 meclise ta\u015f\u0131yacaklar\u0131n\u0131 s\u00f6yledi. &#8221;Atat\u00fcrk d\u00fc\u015fmanlar\u0131na gerekli cevab\u0131 vermek i\u00e7in yola \u00e7\u0131kt\u0131klar\u0131n\u0131&#8221; belirten M\u00fcjdeci, ba\u011f\u0131ms\u0131zl\u0131k ve ekonomiyi iyile\u015ftirmek i\u00e7in \u00e7al\u0131\u015facaklar\u0131n\u0131 kaydetti.<\/p>\n<p style=\"text-align: justify;\">Eski\u015fehir aday\u0131 Nesrin Y\u0131ld\u0131z, Diyarbak\u0131r aday\u0131 Mehmet Tanr\u0131kulu, Ankara 2&#8217;nci b\u00f6lge aday\u0131 Erdo\u011fan Karaku\u015f&#8217;un konu\u015fmalar\u0131n\u0131n ard\u0131ndan adaylar k\u00fcrs\u00fcye birlikte \u00e7\u0131kt\u0131 ve birlik mesaj\u0131 verdi. Do\u011fu Perin\u00e7ek&#8217;in e\u015fi \u015eule Perin\u00e7ek de adaylarla birlikte k\u00fcrs\u00fcye \u00e7\u0131kt\u0131.<\/p>\n<p style=\"text-align: justify;\"><a href=\"http:\/\/www.cumhuriyet.com.tr\/?hn=234942\">Kaynak : Cumhuriyet Haber Portal\u0131<\/a><\/p>\n","protected":false},"excerpt":{"rendered":"<p style=\"text-align: justify;\">\n<p style=\"text-align: justify;\">Cumhuriyet G\u00fc\u00e7birli\u011fi ba\u011f\u0131ms\u0131z milletvekili adaylar\u0131 se\u00e7im \u00e7al\u0131\u015fmalar\u0131n\u0131 \u0130zmir&#8217;den ba\u015flatt\u0131.<\/p>\n<p style=\"text-align: justify;\">\u0130zmir- Halkap\u0131nar Spor Salonu&#8217;nda d\u00fczenlenen Cumhuriyet G\u00fc\u00e7birli\u011fi \u015e\u00f6leni&#8217;nde 31 ilden g\u00f6sterilen ba\u011f\u0131ms\u0131z milletvekili adaylar\u0131 bas\u0131na ve partililere tan\u0131t\u0131ld\u0131. Silivri Cezaevi&#8217;nde bulunan milletvekili adaylar\u0131 Do\u011fu Perin\u00e7ek, emekli Orgeneral \u00c7etin Do\u011fan, emekli Albay Atilla U\u011fur ve Deniz Y\u0131ld\u0131r\u0131m&#8217;\u0131n mesajlar\u0131 okundu, Mo\u011follar <\/p>\n","protected":false},"author":1,"featured_media":0,"comment_status":"open","ping_status":"closed","sticky":false,"template":"","format":"standard","meta":{"footnotes":""},"categories":[105],"tags":[],"class_list":["post-30648","post","type-post","status-publish","format-standard","hentry","category-gundem","odd"],"_links":{"self":[{"href":"http:\/\/www.korhanyilmaz.com\/index.php?rest_route=\/wp\/v2\/posts\/30648","targetHints":{"allow":["GET"]}}],"collection":[{"href":"http:\/\/www.korhanyilmaz.com\/index.php?rest_route=\/wp\/v2\/posts"}],"about":[{"href":"http:\/\/www.korhanyilmaz.com\/index.php?rest_route=\/wp\/v2\/types\/post"}],"author":[{"embeddable":true,"href":"http:\/\/www.korhanyilmaz.com\/index.php?rest_route=\/wp\/v2\/users\/1"}],"replies":[{"embeddable":true,"href":"http:\/\/www.korhanyilmaz.com\/index.php?rest_route=%2Fwp%2Fv2%2Fcomments&post=30648"}],"version-history":[{"count":0,"href":"http:\/\/www.korhanyilmaz.com\/index.php?rest_route=\/wp\/v2\/posts\/30648\/revisions"}],"wp:attachment":[{"href":"http:\/\/www.korhanyilmaz.com\/index.php?rest_route=%2Fwp%2Fv2%2Fmedia&parent=30648"}],"wp:term":[{"taxonomy":"category","embeddable":true,"href":"http:\/\/www.korhanyilmaz.com\/index.php?rest_route=%2Fwp%2Fv2%2Fcategories&post=30648"},{"taxonomy":"post_tag","embeddable":true,"href":"http:\/\/www.korhanyilmaz.com\/index.php?rest_route=%2Fwp%2Fv2%2Ftags&post=30648"}],"curies":[{"name":"wp","href":"https:\/\/api.w.org\/{rel}","templated":true}]}}