{"id":30638,"date":"2011-04-17T10:03:02","date_gmt":"2011-04-17T07:03:02","guid":{"rendered":"http:\/\/www.korhanyilmaz.com\/?p=30638"},"modified":"2011-04-17T10:03:02","modified_gmt":"2011-04-17T07:03:02","slug":"direksiyonla-gelen-aday","status":"publish","type":"post","link":"http:\/\/www.korhanyilmaz.com\/?p=30638","title":{"rendered":"Direksiyonla gelen aday"},"content":{"rendered":"<p style=\"text-align: center;\"><a href=\"http:\/\/www.korhanyilmaz.com\/wp-content\/uploads\/2011\/04\/133.jpg\"  class=\"lightview\"><img loading=\"lazy\" decoding=\"async\" class=\"aligncenter size-full wp-image-30639\" src=\"http:\/\/www.korhanyilmaz.com\/wp-content\/uploads\/2011\/04\/133.jpg\" alt=\"\" width=\"420\" height=\"210\" \/><\/a><\/p>\n<p style=\"text-align: justify;\">AK Parti, \u0130stanbul 2\u2019nci B\u00f6lge 16\u2019nc\u0131 s\u0131radan aday g\u00f6sterilen 46 ya\u015f\u0131ndaki Ahmet Hamdi \u00c7aml\u0131, \u201cErdo\u011fan\u2019\u0131n \u015fof\u00f6r\u00fc\u201d diye tan\u0131n\u0131yor.<\/p>\n<p style=\"text-align: justify;\">\u00c7aml\u0131, asl\u0131nda hi\u00e7bir zaman Erdo\u011fan\u2019\u0131n resmi \u015fof\u00f6r\u00fc olmad\u0131. Ancak, \u201cReis\u201d dedi\u011fi Ba\u015fbakan Tayyip Erdo\u011fan\u2019la \u00e7\u0131kt\u0131klar\u0131 siyasi yolculukta ve \u0130stanbul B\u00fcy\u00fck\u015fehir Belediye Ba\u015fkanl\u0131\u011f\u0131\u2019na aday oldu\u011fu g\u00fcnlerde, tehdit ald\u0131\u011f\u0131 d\u00f6nemlerde de direksiyon ba\u015f\u0131nda o vard\u0131. \u00c7aml\u0131, Erdo\u011fan\u2019\u0131n yan\u0131 s\u0131ra, merhum Necmettin Erbakan\u2019\u0131n da g\u00f6n\u00fcll\u00fc \u015fof\u00f6rl\u00fc\u011f\u00fcn\u00fc yapm\u0131\u015ft\u0131. <!--more--><\/p>\n<p style=\"text-align: justify;\"><img loading=\"lazy\" decoding=\"async\" class=\"alignleft size-full wp-image-30640\" style=\"margin-left: 10px; margin-right: 10px;\" src=\"http:\/\/www.korhanyilmaz.com\/wp-content\/uploads\/2011\/04\/134.jpg\" alt=\"\" width=\"193\" height=\"102\" \/>Evli ve 3 \u00e7ocuk babas\u0131 \u00c7aml\u0131, Newport \u00dcniversitesi mezunu ve ticaretle u\u011fra\u015f\u0131yor. Ayn\u0131 zamanda \u0130stanbul B\u00fcy\u00fck\u015fehir Belediyesi Spor Kul\u00fcb\u00fc Y\u00f6netim Kurulu \u00dcyesi ve Atletizm ve \u0130zcilik \u015eube Sorumlusu, T\u00fcrkiye Atletizm Federasyonu Y\u00f6netim Kurulu \u00dcyesi. Milli Nizam ve Milli Selamet Partisi\u2019nin kurucular\u0131 aras\u0131nda yer alan Zeki \u00c7aml\u0131\u2019n\u0131n o\u011flu olan Ahmet \u00c7aml\u0131, babas\u0131, MSP \u0130l Ba\u015fkanl\u0131\u011f\u0131 yapt\u0131\u011f\u0131 d\u00f6nemde, Erdo\u011fan da \u0130stanbul \u0130l Gen\u00e7lik Kollar\u0131 Ba\u015fkan\u0131\u2019yd\u0131.<\/p>\n<p style=\"text-align: justify;\"><strong>Ko\u011fu\u015fta ayn\u0131 yatakta <\/strong><\/p>\n<p style=\"text-align: justify;\">\u00c7aml\u0131, \u201c\u0130kimiz i\u00e7in de ilkti\u201d dedi\u011fi ilk cezaevi maceras\u0131n\u0131 da 30 y\u0131l \u00f6nce Metris\u2019te Erdo\u011fan\u2019la birlikte ya\u015fad\u0131. 14 ya\u015f\u0131nda tan\u0131\u015ft\u0131\u011f\u0131 cezaevi ko\u011fu\u015funda Erdo\u011fan\u2019la ayn\u0131 yata\u011f\u0131 payla\u015ft\u0131. \u00c7aml\u0131 o g\u00fcnleri \u015f\u00f6yle anlat\u0131yor: \u201cK\u00fc\u00e7\u00fck\u00e7ekmece\u2019de vurulan bir arkada\u015f\u0131m\u0131z\u0131n cenazesinden, 150-200 ki\u015fi Fatih\u2019deki Hicret \u00d6\u011frenci Yurdu\u2019na d\u00f6n\u00fcyorduk. \u00c7evremizi mavi bereliler sard\u0131. Yakla\u015f\u0131k 3-5 saat bekletildik. Namaz\u0131m\u0131z\u0131 da oldu\u011fumuz yerde k\u0131lmak zorunda kald\u0131k. Bu, bas\u0131na, \u2018Korkudan namaza durdular\u2019 diye yans\u0131d\u0131. Sonra asker kamyonlar\u0131na bindirildik. Annem de oldu\u011fumuz yerdeydi, Erdo\u011fan\u2019a \u201cO\u011fluma sahip \u00e7\u0131k\u201d diye ba\u011f\u0131rd\u0131. O da anneme, \u201cEmine\u2019ye de haber ver, durumumuzu bildir\u201d dedi. Metris Cezaevi\u2019ne g\u00f6t\u00fcr\u00fcld\u00fck. Reis beni alt ranzada yan\u0131na ald\u0131. Ayn\u0131 yatakta 3 ki\u015fi birlikte enlemesine yan yana yatt\u0131k.\u201d<\/p>\n<p style=\"text-align: justify;\"><strong><img loading=\"lazy\" decoding=\"async\" class=\"alignleft size-full wp-image-30641\" style=\"margin-left: 10px; margin-right: 10px;\" src=\"http:\/\/www.korhanyilmaz.com\/wp-content\/uploads\/2011\/04\/135.jpg\" alt=\"\" width=\"242\" height=\"130\" \/>Bu milletin delisiyiz<\/strong><\/p>\n<p style=\"text-align: justify;\">\u00c7aml\u0131, Erdo\u011fan\u2019la ya\u015fad\u0131\u011f\u0131 bir ba\u015fka an\u0131y\u0131 da \u015f\u00f6yle aktard\u0131: \u201c1991 K\u00f6rfez Sava\u015f\u0131 s\u0131ras\u0131nda, Bak\u0131rk\u00f6y Ak\u0131l Hastanesi\u2019nde bir doktor arkada\u015f\u0131n\u0131 ziyarete gittik. Reis, bah\u00e7ede bankta oturan bir hastaya yana\u015f\u0131p hal hat\u0131r sorduktan sonra, \u2018Bak Amerika i\u00e7in askere adam ar\u0131yorlarm\u0131\u015f, sen de gidecek misin?\u2019 diye espri yapt\u0131. Hasta, oturdu\u011fu bank\u0131n \u00fczerine \u00e7\u0131karak, sanki b\u00fcy\u00fck bir kalabal\u0131\u011fa hitap ediyormu\u015f edas\u0131yla, \u2018Beyefendi, beyefendi&#8230; Ben Amerika\u2019n\u0131n delisi de\u011fil, bu milletin delisiyim\u2019 dedi. Reis\u2019in g\u00f6zleri doldu, hastay\u0131 s\u0131k\u0131ca kucaklay\u0131p s\u0131rt\u0131n\u0131z\u0131 s\u0131vazlay\u0131p, \u2018Biz de bu milletin delisiyiz\u2019 diyerek oradan ayr\u0131ld\u0131.<\/p>\n<p style=\"text-align: justify;\"><strong>Erdo\u011fan evlendirdi <\/strong><\/p>\n<p style=\"text-align: justify;\">Ba\u015fbakan Erdo\u011fan, elinde b\u00fcy\u00fcyen ve RP \u0130stanbul \u0130l Ba\u015fkanl\u0131\u011f\u0131 d\u00f6neminde \u2018g\u00f6n\u00fcll\u00fc\u2019 \u015fof\u00f6rl\u00fc\u011f\u00fcn\u00fc yapan 46 ya\u015f\u0131ndaki Ahmet Hamdi \u00c7aml\u0131\u2019n\u0131n e\u015fini de kendi se\u00e7ti. Erdo\u011fan, \u00c7aml\u0131\u2019y\u0131, eski Rize Milletvekili ve Belediye Ba\u015fkan\u0131 \u015eevki Y\u0131lmaz\u2019\u0131n ye\u011feni Hilal\u2019le evlendirdi. Bir \u2018Han\u0131mlar Toplant\u0131s\u0131\u2019 d\u00f6n\u00fc\u015f\u00fc, Emine Han\u0131m, \u00c7aml\u0131\u2019ya g\u00f6stermek i\u00e7in m\u00fcstakbel e\u015fini otomobiline bindirdi. \u00c7aml\u0131, k\u0131z\u0131 be\u011fendi. \u00c7iftin Ba\u015fbakan\u2019\u0131n istedi\u011fi gibi 3 \u00e7ocu\u011fu oldu. \u00c7aml\u0131, zaman zaman da Milli Nizam ve MSP d\u00f6neminden babas\u0131 Zeki \u00c7aml\u0131\u2019n\u0131n da yak\u0131n \u00e7al\u0131\u015fma arkada\u015f\u0131 eski ba\u015fbakanlardan merhum Necmettin Erbakan\u2019a da g\u00f6n\u00fcll\u00fc \u015fof\u00f6rl\u00fck yapm\u0131\u015ft\u0131.<\/p>\n<p style=\"text-align: justify;\"><a href=\"http:\/\/haber.gazetevatan.com\/direksiyonla-gelen-aday\/371624\/1\/Gundem\" target=\"_blank\">Kaynak : VATAN Gazetesi<\/a><\/p>\n","protected":false},"excerpt":{"rendered":"<p style=\"text-align: center;\">\n<p style=\"text-align: justify;\">AK Parti, \u0130stanbul 2\u2019nci B\u00f6lge 16\u2019nc\u0131 s\u0131radan aday g\u00f6sterilen 46 ya\u015f\u0131ndaki Ahmet Hamdi \u00c7aml\u0131, \u201cErdo\u011fan\u2019\u0131n \u015fof\u00f6r\u00fc\u201d diye tan\u0131n\u0131yor.<\/p>\n<p style=\"text-align: justify;\">\u00c7aml\u0131, asl\u0131nda hi\u00e7bir zaman Erdo\u011fan\u2019\u0131n resmi \u015fof\u00f6r\u00fc olmad\u0131. Ancak, \u201cReis\u201d dedi\u011fi Ba\u015fbakan Tayyip Erdo\u011fan\u2019la \u00e7\u0131kt\u0131klar\u0131 siyasi yolculukta ve \u0130stanbul B\u00fcy\u00fck\u015fehir Belediye Ba\u015fkanl\u0131\u011f\u0131\u2019na aday oldu\u011fu g\u00fcnlerde, tehdit ald\u0131\u011f\u0131 d\u00f6nemlerde de direksiyon <\/p>\n","protected":false},"author":1,"featured_media":0,"comment_status":"open","ping_status":"closed","sticky":false,"template":"","format":"standard","meta":{"footnotes":""},"categories":[105],"tags":[],"class_list":["post-30638","post","type-post","status-publish","format-standard","hentry","category-gundem","odd"],"_links":{"self":[{"href":"http:\/\/www.korhanyilmaz.com\/index.php?rest_route=\/wp\/v2\/posts\/30638","targetHints":{"allow":["GET"]}}],"collection":[{"href":"http:\/\/www.korhanyilmaz.com\/index.php?rest_route=\/wp\/v2\/posts"}],"about":[{"href":"http:\/\/www.korhanyilmaz.com\/index.php?rest_route=\/wp\/v2\/types\/post"}],"author":[{"embeddable":true,"href":"http:\/\/www.korhanyilmaz.com\/index.php?rest_route=\/wp\/v2\/users\/1"}],"replies":[{"embeddable":true,"href":"http:\/\/www.korhanyilmaz.com\/index.php?rest_route=%2Fwp%2Fv2%2Fcomments&post=30638"}],"version-history":[{"count":0,"href":"http:\/\/www.korhanyilmaz.com\/index.php?rest_route=\/wp\/v2\/posts\/30638\/revisions"}],"wp:attachment":[{"href":"http:\/\/www.korhanyilmaz.com\/index.php?rest_route=%2Fwp%2Fv2%2Fmedia&parent=30638"}],"wp:term":[{"taxonomy":"category","embeddable":true,"href":"http:\/\/www.korhanyilmaz.com\/index.php?rest_route=%2Fwp%2Fv2%2Fcategories&post=30638"},{"taxonomy":"post_tag","embeddable":true,"href":"http:\/\/www.korhanyilmaz.com\/index.php?rest_route=%2Fwp%2Fv2%2Ftags&post=30638"}],"curies":[{"name":"wp","href":"https:\/\/api.w.org\/{rel}","templated":true}]}}