{"id":30633,"date":"2011-04-17T12:13:16","date_gmt":"2011-04-17T09:13:16","guid":{"rendered":"http:\/\/www.korhanyilmaz.com\/?p=30633"},"modified":"2011-04-17T12:13:16","modified_gmt":"2011-04-17T09:13:16","slug":"kilicdaroglundan-akp-beyannamesine-elestiri","status":"publish","type":"post","link":"http:\/\/www.korhanyilmaz.com\/?p=30633","title":{"rendered":"K\u0131l\u0131\u00e7daro\u011flu&#8217;ndan AKP beyannamesine ele\u015ftiri"},"content":{"rendered":"<p style=\"text-align: justify;\"><a href=\"http:\/\/www.korhanyilmaz.com\/wp-content\/uploads\/2011\/04\/132.jpg\"  class=\"lightview\"><img loading=\"lazy\" decoding=\"async\" class=\"aligncenter size-full wp-image-30634\" src=\"http:\/\/www.korhanyilmaz.com\/wp-content\/uploads\/2011\/04\/132.jpg\" alt=\"\" width=\"414\" height=\"221\" \/><\/a><\/p>\n<p style=\"text-align: justify;\">CHP Genel Ba\u015fkan\u0131 Kemal K\u0131l\u0131\u00e7daro\u011flu, Ba\u015fbakan Recep Tayyip Erdo\u011fan&#8217;\u0131n d\u00fcn a\u00e7\u0131klad\u0131\u011f\u0131 AK Parti&#8217;nin se\u00e7im beyannamesine ili\u015fkin, &#8221;Programda galiba insan unutulmu\u015f&#8221; dedi.<!--more--><\/p>\n<p style=\"text-align: justify;\">\u015eANLIURFA- K\u0131l\u0131\u00e7daro\u011flu, merkeze ba\u011fl\u0131 K\u0131sas beldesinde d\u00fczenlenen &#8221;A\u015fure \u015eenli\u011fi&#8221;ne kat\u0131lmak \u00fczere THY&#8217;nin tarifeli u\u00e7a\u011f\u0131yla \u015eanl\u0131urfa&#8217;ya geldi. K\u0131l\u0131\u00e7daro\u011flu&#8217;nu GAP Havaalan\u0131&#8217;nda kar\u015f\u0131layanlar aras\u0131nda \u015eanl\u0131urfa Belediye Ba\u015fkan\u0131 Ahmet E\u015fref Fak\u0131baba da yer ald\u0131.<\/p>\n<p style=\"text-align: justify;\">Partisinin se\u00e7im otob\u00fcs\u00fcyle \u015fehir merkezine do\u011fru hareket eden K\u0131l\u0131\u00e7daro\u011flu&#8217;nun konvoyunun yolu, zaman zaman partililer taraf\u0131ndan kesildi. K\u0131l\u0131\u00e7daro\u011flu, ilk olarak \u015eanl\u0131urfa Belediye Ba\u015fkan\u0131 Ahmet E\u015fref Fak\u0131baba&#8217;y\u0131 ziyaret etti.<\/p>\n<p style=\"text-align: justify;\">Fak\u0131baba&#8217;y\u0131 Belediye Ba\u015fkan\u0131 olmadan \u00f6nce tan\u0131d\u0131\u011f\u0131n\u0131, o zamanlarda da Fak\u0131baba&#8217;n\u0131n yine \u015eanl\u0131urfal\u0131lara bir hekim olarak hizmet etti\u011fini ifade eden K\u0131l\u0131\u00e7daro\u011flu, &#8221;Fak\u0131baba, sonra belediye ba\u015fkan\u0131 oldu ve \u015eanl\u0131urfa&#8217;ya b\u00fcy\u00fck hizmetler verdi. \u015eanl\u0131urfa&#8217;n\u0131n tan\u0131nmaya pek ihtiyac\u0131 yoktu zaten tan\u0131n\u0131yordu, ama onun katk\u0131s\u0131 oldu. \u015eanl\u0131urfa&#8217;y\u0131 modern bir kent haline getirdi, ola\u011fan \u00fcst\u00fc hizmetleri oldu&#8221; dedi.<\/p>\n<p style=\"text-align: justify;\">Fak\u0131baba&#8217;y\u0131 son derece m\u00fctevaz\u0131 ve al\u00e7ak g\u00f6n\u00fcll\u00fc bir ki\u015fi olarak nitelendiren K\u0131l\u0131\u00e7daro\u011flu, bir gazetecinin, CHP Genel Ba\u015fkanl\u0131\u011f\u0131na se\u00e7ildi\u011fi d\u00f6nemde bas\u0131nda \u00e7\u0131kan &#8221;Fak\u0131baba&#8217;n\u0131n partilerine ge\u00e7ece\u011fi&#8221; haberlerini hat\u0131rlatmas\u0131 \u00fczerine, &#8221;Fak\u0131baba bir halk adam\u0131, halka ve \u015eanl\u0131urfal\u0131lara hizmet ediyor, bizim ad\u0131m\u0131z da Cumhuriyet Halk Partisi, yani halk\u0131n partisi, halkla kucakla\u015fmak istiyoruz. Partimize ge\u00e7mesi konusu tabii ki kendi d\u00fc\u015f\u00fcncesi, elbette aram\u0131zda g\u00f6rmekten sevin\u00e7 duyar\u0131z&#8221; diye konu\u015ftu.<\/p>\n<p style=\"text-align: justify;\">Ba\u015fbakan Recep Tayyip Erdo\u011fan&#8217;\u0131n d\u00fcn a\u00e7\u0131klad\u0131\u011f\u0131 se\u00e7im beyannamesiyle ilgili soru \u00fczerine de Kemal K\u0131l\u0131\u00e7daro\u011flu, &#8221;Dinleme imkan\u0131m olmad\u0131, benim yo\u011fun program\u0131m vard\u0131. Ama arkada\u015flar aktard\u0131, gazetelerden okudum. Programda galiba insan unutulmu\u015f&#8221; dedi.<\/p>\n<p style=\"text-align: justify;\">Belediye Ba\u015fkan\u0131 Fak\u0131baba&#8217;n\u0131n, &#8221;M\u0131rra&#8221; (ac\u0131 kahve) tak\u0131m\u0131 hediye etti\u011fi Kemal K\u0131l\u0131\u00e7daro\u011flu, ziyaretin ard\u0131ndan, y\u00fcr\u00fcyerek partisinin il ba\u015fkanl\u0131\u011f\u0131na ge\u00e7ti.<\/p>\n<p style=\"text-align: justify;\">K\u0131l\u0131\u00e7daro\u011flu, il ba\u015fkanl\u0131\u011f\u0131na ge\u00e7erken partililerin ilgisi nedeniyle zaman zaman zor anlar ya\u015fad\u0131.<\/p>\n<p style=\"text-align: justify;\"><a href=\"http:\/\/www.gazeteport.com.tr\/SIYASET\/NEWS\/GP_888690\" target=\"_blank\">Kaynak : GAZETEPORT<\/a><\/p>\n","protected":false},"excerpt":{"rendered":"<p style=\"text-align: justify;\">\n<p style=\"text-align: justify;\">CHP Genel Ba\u015fkan\u0131 Kemal K\u0131l\u0131\u00e7daro\u011flu, Ba\u015fbakan Recep Tayyip Erdo\u011fan&#8217;\u0131n d\u00fcn a\u00e7\u0131klad\u0131\u011f\u0131 AK Parti&#8217;nin se\u00e7im beyannamesine ili\u015fkin, &#8221;Programda galiba insan unutulmu\u015f&#8221; dedi.<\/p>\n","protected":false},"author":1,"featured_media":0,"comment_status":"open","ping_status":"closed","sticky":false,"template":"","format":"standard","meta":{"footnotes":""},"categories":[105],"tags":[],"class_list":["post-30633","post","type-post","status-publish","format-standard","hentry","category-gundem","odd"],"_links":{"self":[{"href":"http:\/\/www.korhanyilmaz.com\/index.php?rest_route=\/wp\/v2\/posts\/30633","targetHints":{"allow":["GET"]}}],"collection":[{"href":"http:\/\/www.korhanyilmaz.com\/index.php?rest_route=\/wp\/v2\/posts"}],"about":[{"href":"http:\/\/www.korhanyilmaz.com\/index.php?rest_route=\/wp\/v2\/types\/post"}],"author":[{"embeddable":true,"href":"http:\/\/www.korhanyilmaz.com\/index.php?rest_route=\/wp\/v2\/users\/1"}],"replies":[{"embeddable":true,"href":"http:\/\/www.korhanyilmaz.com\/index.php?rest_route=%2Fwp%2Fv2%2Fcomments&post=30633"}],"version-history":[{"count":0,"href":"http:\/\/www.korhanyilmaz.com\/index.php?rest_route=\/wp\/v2\/posts\/30633\/revisions"}],"wp:attachment":[{"href":"http:\/\/www.korhanyilmaz.com\/index.php?rest_route=%2Fwp%2Fv2%2Fmedia&parent=30633"}],"wp:term":[{"taxonomy":"category","embeddable":true,"href":"http:\/\/www.korhanyilmaz.com\/index.php?rest_route=%2Fwp%2Fv2%2Fcategories&post=30633"},{"taxonomy":"post_tag","embeddable":true,"href":"http:\/\/www.korhanyilmaz.com\/index.php?rest_route=%2Fwp%2Fv2%2Ftags&post=30633"}],"curies":[{"name":"wp","href":"https:\/\/api.w.org\/{rel}","templated":true}]}}