{"id":30629,"date":"2011-04-17T23:03:15","date_gmt":"2011-04-17T20:03:15","guid":{"rendered":"http:\/\/www.korhanyilmaz.com\/?p=30629"},"modified":"2011-04-17T23:03:15","modified_gmt":"2011-04-17T20:03:15","slug":"erdogan-savciliktan-vaz-mi-gecti","status":"publish","type":"post","link":"http:\/\/www.korhanyilmaz.com\/?p=30629","title":{"rendered":"Erdo\u011fan savc\u0131l\u0131ktan vaz m\u0131 ge\u00e7ti?"},"content":{"rendered":"<p style=\"text-align: justify;\"><a href=\"http:\/\/www.korhanyilmaz.com\/wp-content\/uploads\/2011\/04\/131.jpg\"  class=\"lightview\"><img loading=\"lazy\" decoding=\"async\" class=\"aligncenter size-full wp-image-30630\" src=\"http:\/\/www.korhanyilmaz.com\/wp-content\/uploads\/2011\/04\/131.jpg\" alt=\"\" width=\"292\" height=\"224\" \/><\/a><\/p>\n<p style=\"text-align: justify;\">Eski CHP Genel Ba\u015fkan\u0131 Deniz Baykal, Ba\u015fbakan Recep Tayyip Erdo\u011fan&#8217;\u0131n d\u00fcnk\u00fc konu\u015fmas\u0131nda, &#8221;Ergenekon davas\u0131n\u0131n savc\u0131s\u0131 oldu\u011funa dair hi\u00e7bir a\u00e7\u0131klama yapmad\u0131\u011f\u0131n\u0131&#8221; s\u00f6yledi\u011fini belirterek, &#8221;Bu \u00e7ok ilgi \u00e7ekici bir durumu ortaya koyuyor. \u0130nsan d\u00fc\u015f\u00fcn\u00fcyor; acaba Ba\u015fbakan, Ergenekon davas\u0131n\u0131n seyrini g\u00f6rerek, art\u0131k savc\u0131 olmaktan vazge\u00e7me karar\u0131 m\u0131 ald\u0131?&#8221; dedi.<!--more--><\/p>\n<p style=\"text-align: justify;\">ANTALYA &#8211; Kepez Belediyesi taraf\u0131ndan yedincisi Varsak Stad\u0131&#8217;nda d\u00fczenlenen ya\u011fl\u0131 pehlivan g\u00fcre\u015flerini izleyen Deniz Baykal, g\u00fcre\u015f meydan\u0131nda cazg\u0131r e\u015fli\u011finde, tur atarak milletvekili adaylar\u0131yla seyircileri selamlad\u0131. Stattan ayr\u0131lan Baykal, gazetecilere a\u00e7\u0131klamalarda bulundu.<\/p>\n<p style=\"text-align: justify;\">Ba\u015fbakan Recep Tayyip Erdo\u011fan&#8217;\u0131n &#8221;Ergenekon davas\u0131n\u0131n savc\u0131s\u0131 oldu\u011funa dair hi\u00e7bir a\u00e7\u0131klama yapmad\u0131\u011f\u0131n\u0131 ifade etti\u011fini&#8221; belirten Baykal, \u015funlar\u0131 s\u00f6yledi:<\/p>\n<p style=\"text-align: justify;\">&#8221;D\u00fcn Say\u0131n Ba\u015fbakan, \u00e7arp\u0131c\u0131 bir a\u00e7\u0131klama yapt\u0131. Ergenekon davas\u0131n\u0131n savc\u0131s\u0131 oldu\u011funa dair hi\u00e7bir a\u00e7\u0131klama yapmam\u0131\u015f oldu\u011funu ifade etti. Bu \u00e7ok ilgi \u00e7ekici bir durumu ortaya koyuyor. \u0130nsan d\u00fc\u015f\u00fcn\u00fcyor; acaba Ba\u015fbakan, Ergenekon davas\u0131n\u0131n seyrini g\u00f6rerek, art\u0131k savc\u0131 olmaktan vazge\u00e7me karar\u0131 m\u0131 ald\u0131? E\u011fer Ba\u015fbakan &#8216;Ben hi\u00e7bir zaman savc\u0131s\u0131 olmad\u0131m&#8217; diyorsa bunu anlamak \u00e7ok g\u00fc\u00e7. \u00c7\u00fcnk\u00fc Ba\u015fbakan\u0131n b\u00f6yle bir a\u00e7\u0131klamas\u0131 olmu\u015ftur. Hatta o a\u00e7\u0131klama \u00fczerine ben de &#8216;Bir Ba\u015fbakan\u0131n y\u00fcr\u00fct\u00fclmekte olan bir davan\u0131n savc\u0131s\u0131 olmas\u0131 hukuka sayg\u0131s\u0131zl\u0131kt\u0131r. B\u00f6yle bir \u015fey olamaz. Hukuk devletini anlamamak, kuvvetler ayr\u0131l\u0131\u011f\u0131n\u0131 kavramamak anlam\u0131na gelir&#8217; demi\u015ftim. Ba\u015fbakan\u0131n savc\u0131 oldu\u011fu bir b\u00fcy\u00fck davada e\u011fer bu kadar f\u00fctursuzca bu uygulamalar yap\u0131labiliyorsa ona kar\u015f\u0131 ma\u011fdur insanlar\u0131 savunmak da ana muhalefetin g\u00f6revidir. &#8216;Ben de haks\u0131zl\u0131\u011fa u\u011frayan insanlar\u0131n avukat\u0131y\u0131m&#8217; diye a\u00e7\u0131klama yapm\u0131\u015ft\u0131m.<\/p>\n<p style=\"text-align: justify;\">\u015eimdi Ba\u015fbakan, &#8216;benim b\u00f6yle bir a\u00e7\u0131klamam olmad\u0131&#8217; diyor. Ya Ba\u015fbakan haf\u0131zas\u0131n\u0131 kaybetti, yapt\u0131\u011f\u0131 a\u00e7\u0131klamay\u0131 ger\u00e7ekten unuttu. B\u00f6yle bir a\u00e7\u0131klama yapmad\u0131\u011f\u0131n\u0131 samimiyetle d\u00fc\u015f\u00fcnerek bunu s\u00f6yl\u00fcyor. Ya da Ba\u015fbakan T\u00fcrk milletinin haf\u0131zas\u0131na sayg\u0131s\u0131zl\u0131k ediyor. T\u00fcrk milletinin b\u00f6yle laflar\u0131 \u00e7ok kolayca kabul edebilece\u011fini zannediyor. &#8216;\u0130stedi\u011fim zaman istedi\u011fimi s\u00f6ylerim. Bir s\u00f6yledi\u011fimin tam tersini ifade ederim her ikisini kabul ettiririm&#8217; gibi bir f\u00fctursuzluk i\u00e7inde millete kar\u015f\u0131 bir sayg\u0131s\u0131zl\u0131k i\u00e7inde. Bunun her ikisi de ger\u00e7ekten \u00e7ok vahimdir. Yani, Ba\u015fbakan ger\u00e7ekten unuttuysa vahimdir. Ya da &#8216;ben istedi\u011fimi s\u00f6ylerim&#8217; anlay\u0131\u015f\u0131yla bu a\u00e7\u0131klamalar\u0131 yap\u0131yorsa \u00e7ok \u015fa\u015f\u0131rt\u0131c\u0131d\u0131r. Ba\u015fbakan\u0131n a\u00e7\u0131klamalar\u0131 ortadad\u0131r. Vahim bir i\u015f yapm\u0131\u015ft\u0131r.&#8221;<\/p>\n<p style=\"text-align: justify;\">Bu davay\u0131 \u00e7\u0131\u011f\u0131r\u0131ndan \u00e7\u0131karan uygulamalar\u0131n ba\u015f\u0131nda Ba\u015fbakan\u0131n bu a\u00e7\u0131klamas\u0131n\u0131n oldu\u011funu ileri s\u00fcren Baykal, \u015f\u00f6yle devam etti:<\/p>\n<p style=\"text-align: justify;\">&#8221;Ba\u015fbakan, savc\u0131 oldu\u011funu ilan etmi\u015ftir. Bu dava \u015fimdi T\u00fcrkiye&#8217;de hukuk a\u00e7\u0131s\u0131ndan, demokrasi a\u00e7\u0131s\u0131ndan \u00e7ok ciddi sorunlar\u0131 da beraberinde getirmi\u015ftir. E\u011fer Ba\u015fbakan\u0131n bu a\u00e7\u0131klamas\u0131 bu duruma bir son verme arzusuyla ilgiliyse bunu tabii ki memnuniyetle kar\u015f\u0131lamak laz\u0131m. Bir an \u00f6nce Ba\u015fbakan, elini ete\u011fini davalardan, hukuktan \u00e7eksin. Buna \u015fiddetle ihtiya\u00e7 var. Bunu vurgulama, Ba\u015fbakanla bu tart\u0131\u015fmay\u0131 yapm\u0131\u015f bir insan olarak &#8216;ma\u011fdur insanlar\u0131n avukat\u0131y\u0131m&#8217; demi\u015f bir insan olarak bunu a\u00e7\u0131klama gere\u011fi hissettim.&#8221;<\/p>\n<p style=\"text-align: justify;\"><a href=\"http:\/\/www.gazeteport.com.tr\/SIYASET\/NEWS\/GP_888930\" target=\"_blank\">Kaynak : GAZETEPORT<\/a><\/p>\n","protected":false},"excerpt":{"rendered":"<p style=\"text-align: justify;\">\n<p style=\"text-align: justify;\">Eski CHP Genel Ba\u015fkan\u0131 Deniz Baykal, Ba\u015fbakan Recep Tayyip Erdo\u011fan&#8217;\u0131n d\u00fcnk\u00fc konu\u015fmas\u0131nda, &#8221;Ergenekon davas\u0131n\u0131n savc\u0131s\u0131 oldu\u011funa dair hi\u00e7bir a\u00e7\u0131klama yapmad\u0131\u011f\u0131n\u0131&#8221; s\u00f6yledi\u011fini belirterek, &#8221;Bu \u00e7ok ilgi \u00e7ekici bir durumu ortaya koyuyor. \u0130nsan d\u00fc\u015f\u00fcn\u00fcyor; acaba Ba\u015fbakan, Ergenekon davas\u0131n\u0131n seyrini g\u00f6rerek, art\u0131k savc\u0131 olmaktan vazge\u00e7me karar\u0131 m\u0131 ald\u0131?&#8221; dedi.<\/p>\n","protected":false},"author":1,"featured_media":0,"comment_status":"open","ping_status":"closed","sticky":false,"template":"","format":"standard","meta":{"footnotes":""},"categories":[105],"tags":[],"class_list":["post-30629","post","type-post","status-publish","format-standard","hentry","category-gundem","odd"],"_links":{"self":[{"href":"http:\/\/www.korhanyilmaz.com\/index.php?rest_route=\/wp\/v2\/posts\/30629","targetHints":{"allow":["GET"]}}],"collection":[{"href":"http:\/\/www.korhanyilmaz.com\/index.php?rest_route=\/wp\/v2\/posts"}],"about":[{"href":"http:\/\/www.korhanyilmaz.com\/index.php?rest_route=\/wp\/v2\/types\/post"}],"author":[{"embeddable":true,"href":"http:\/\/www.korhanyilmaz.com\/index.php?rest_route=\/wp\/v2\/users\/1"}],"replies":[{"embeddable":true,"href":"http:\/\/www.korhanyilmaz.com\/index.php?rest_route=%2Fwp%2Fv2%2Fcomments&post=30629"}],"version-history":[{"count":0,"href":"http:\/\/www.korhanyilmaz.com\/index.php?rest_route=\/wp\/v2\/posts\/30629\/revisions"}],"wp:attachment":[{"href":"http:\/\/www.korhanyilmaz.com\/index.php?rest_route=%2Fwp%2Fv2%2Fmedia&parent=30629"}],"wp:term":[{"taxonomy":"category","embeddable":true,"href":"http:\/\/www.korhanyilmaz.com\/index.php?rest_route=%2Fwp%2Fv2%2Fcategories&post=30629"},{"taxonomy":"post_tag","embeddable":true,"href":"http:\/\/www.korhanyilmaz.com\/index.php?rest_route=%2Fwp%2Fv2%2Ftags&post=30629"}],"curies":[{"name":"wp","href":"https:\/\/api.w.org\/{rel}","templated":true}]}}