{"id":30625,"date":"2011-04-17T15:51:29","date_gmt":"2011-04-17T12:51:29","guid":{"rendered":"http:\/\/www.korhanyilmaz.com\/?p=30625"},"modified":"2011-04-17T15:51:29","modified_gmt":"2011-04-17T12:51:29","slug":"ucube-icin-yikim-calismalari-basladi","status":"publish","type":"post","link":"http:\/\/www.korhanyilmaz.com\/?p=30625","title":{"rendered":"&#8220;Ucube&#8221; i\u00e7in y\u0131k\u0131m \u00e7al\u0131\u015fmalar\u0131 ba\u015flad\u0131"},"content":{"rendered":"<p style=\"text-align: justify;\"><a href=\"http:\/\/www.korhanyilmaz.com\/wp-content\/uploads\/2011\/04\/130.jpg\"  class=\"lightview\"><img loading=\"lazy\" decoding=\"async\" class=\"aligncenter size-full wp-image-30626\" src=\"http:\/\/www.korhanyilmaz.com\/wp-content\/uploads\/2011\/04\/130.jpg\" alt=\"\" width=\"414\" height=\"220\" \/><\/a><\/p>\n<p style=\"text-align: justify;\">Ba\u015fbakan Recep Tayyip Erdo\u011fan&#8217;\u0131n Kars gezisi s\u0131ras\u0131nda &#8216;ucube&#8217; diye nitelendirdi\u011fi \u0130nsanl\u0131k An\u0131t\u0131&#8217;n\u0131n kald\u0131r\u0131lmas\u0131 i\u00e7in ilk teknik \u00e7al\u0131\u015fma bug\u00fcn yap\u0131ld\u0131. Kep\u00e7e ile an\u0131t\u0131n temel ta\u015flar\u0131 s\u00f6k\u00fcld\u00fc, \u00e7evre temizli\u011fi yap\u0131l\u0131p, iskeleler kuruldu.<!--more--><\/p>\n<p style=\"text-align: justify;\">Kars&#8217;\u0131n eski Belediye Ba\u015fkan\u0131 Naif Alibeyo\u011flu&#8217;nun iste\u011fi \u00fczerine Heykeltra\u015f Mehmet Aksoy taraf\u0131ndan Sukap\u0131 Mahallesi \u00dc\u00e7ler Mevkii&#8217;nde yapt\u0131r\u0131lan \u0130nsanl\u0131k An\u0131t\u0131&#8217;n\u0131n \u00e7evresinde \u00e7al\u0131\u015fan i\u015f\u00e7iler, \u00e7al\u0131\u015fmalar\u0131n\u0131 sa\u011fanak ya\u011fmura ra\u011fmen s\u00fcrd\u00fcrd\u00fc. Kep\u00e7e ile an\u0131t\u0131n temel ta\u015flar\u0131 s\u00f6k\u00fclerek kald\u0131r\u0131lmas\u0131 kolayla\u015ft\u0131r\u0131ld\u0131. Yetkililer, bug\u00fcn iskeleyi kurmay\u0131 planlad\u0131klar\u0131n\u0131 s\u00f6yledi. \u0130stanbul\u2019dan gelecek 200 tonluk vin\u00e7le an\u0131t yukar\u0131dan a\u015fa\u011f\u0131 do\u011fru kesilerek kald\u0131r\u0131laca\u011f\u0131 a\u00e7\u0131kland\u0131. An\u0131t\u0131n kald\u0131r\u0131lmas\u0131 i\u00e7in yap\u0131lan \u00e7al\u0131\u015fmalar\u0131 g\u00f6ren baz\u0131 ki\u015filer i\u015f makinelerinin \u00e7al\u0131\u015fmas\u0131n\u0131 merakla izledi.<\/p>\n<p style=\"text-align: justify;\"><a href=\"http:\/\/www.gazeteport.com.tr\/GUNCEL\/NEWS\/GP_888819\" target=\"_blank\">Kaynak : GAZETEPORT<\/a><\/p>\n","protected":false},"excerpt":{"rendered":"<p style=\"text-align: justify;\">\n<p style=\"text-align: justify;\">Ba\u015fbakan Recep Tayyip Erdo\u011fan&#8217;\u0131n Kars gezisi s\u0131ras\u0131nda &#8216;ucube&#8217; diye nitelendirdi\u011fi \u0130nsanl\u0131k An\u0131t\u0131&#8217;n\u0131n kald\u0131r\u0131lmas\u0131 i\u00e7in ilk teknik \u00e7al\u0131\u015fma bug\u00fcn yap\u0131ld\u0131. Kep\u00e7e ile an\u0131t\u0131n temel ta\u015flar\u0131 s\u00f6k\u00fcld\u00fc, \u00e7evre temizli\u011fi yap\u0131l\u0131p, iskeleler kuruldu.<\/p>\n","protected":false},"author":1,"featured_media":0,"comment_status":"open","ping_status":"closed","sticky":false,"template":"","format":"standard","meta":{"footnotes":""},"categories":[105],"tags":[],"class_list":["post-30625","post","type-post","status-publish","format-standard","hentry","category-gundem","odd"],"_links":{"self":[{"href":"http:\/\/www.korhanyilmaz.com\/index.php?rest_route=\/wp\/v2\/posts\/30625","targetHints":{"allow":["GET"]}}],"collection":[{"href":"http:\/\/www.korhanyilmaz.com\/index.php?rest_route=\/wp\/v2\/posts"}],"about":[{"href":"http:\/\/www.korhanyilmaz.com\/index.php?rest_route=\/wp\/v2\/types\/post"}],"author":[{"embeddable":true,"href":"http:\/\/www.korhanyilmaz.com\/index.php?rest_route=\/wp\/v2\/users\/1"}],"replies":[{"embeddable":true,"href":"http:\/\/www.korhanyilmaz.com\/index.php?rest_route=%2Fwp%2Fv2%2Fcomments&post=30625"}],"version-history":[{"count":0,"href":"http:\/\/www.korhanyilmaz.com\/index.php?rest_route=\/wp\/v2\/posts\/30625\/revisions"}],"wp:attachment":[{"href":"http:\/\/www.korhanyilmaz.com\/index.php?rest_route=%2Fwp%2Fv2%2Fmedia&parent=30625"}],"wp:term":[{"taxonomy":"category","embeddable":true,"href":"http:\/\/www.korhanyilmaz.com\/index.php?rest_route=%2Fwp%2Fv2%2Fcategories&post=30625"},{"taxonomy":"post_tag","embeddable":true,"href":"http:\/\/www.korhanyilmaz.com\/index.php?rest_route=%2Fwp%2Fv2%2Ftags&post=30625"}],"curies":[{"name":"wp","href":"https:\/\/api.w.org\/{rel}","templated":true}]}}