{"id":30617,"date":"2011-04-17T13:33:25","date_gmt":"2011-04-17T10:33:25","guid":{"rendered":"http:\/\/www.korhanyilmaz.com\/?p=30617"},"modified":"2011-04-17T13:33:25","modified_gmt":"2011-04-17T10:33:25","slug":"cihaner-her-sey-denizli-icin","status":"publish","type":"post","link":"http:\/\/www.korhanyilmaz.com\/?p=30617","title":{"rendered":"Cihaner: Her \u015fey Denizli i\u00e7in"},"content":{"rendered":"<p style=\"text-align: justify;\"><a href=\"http:\/\/www.korhanyilmaz.com\/wp-content\/uploads\/2011\/04\/1281.jpg\"  class=\"lightview\"><img loading=\"lazy\" decoding=\"async\" class=\"aligncenter size-full wp-image-30618\" src=\"http:\/\/www.korhanyilmaz.com\/wp-content\/uploads\/2011\/04\/1281.jpg\" alt=\"\" width=\"381\" height=\"200\" \/><\/a><\/p>\n<p style=\"text-align: justify;\">Ergenekon ad\u0131yla bilinen davan\u0131n tutuksuz san\u0131klar\u0131ndan Erzincan eski Cumhuriyet Ba\u015fsavc\u0131s\u0131 \u0130lhan Cihaner, CHP\u2019nin Denizli\u2019den 2\u2019nci s\u0131ra kontenjan aday\u0131 olarak g\u00f6sterilmesinin ard\u0131ndan Denizli\u2019deki se\u00e7menlere ilk mesaj\u0131n\u0131 verdi. Cihaner &#8220;Se\u00e7im kampanyas\u0131nda aday arkada\u015flar\u0131m\u0131z ve CHP\u2019nin Denizli te\u015fkilatlar\u0131yla omuz omuza \u00e7al\u0131\u015faca\u011f\u0131z. Bir- iki g\u00fcn i\u00e7inde partililerle kucakla\u015faca\u011f\u0131m. Se\u00e7im kampanyam\u0131n slogan\u0131 \u2019Her \u015fey Denizli ve T\u00fcrkiye i\u00e7in\u2019 olacak&#8221; dedi.<!--more--><\/p>\n<p style=\"text-align: justify;\">\u0130STANBUL- \u0130stanbul&#8217;da oldu\u011funu ve baz\u0131 programlar\u0131n\u0131n bitiminden sonra \u00f6n\u00fcm\u00fczdeki hafta i\u00e7inde Denizli\u2019ye gelerek partililerle kucakla\u015faca\u011f\u0131n\u0131 belirten \u0130lhan Cihaner \u015funlar\u0131 s\u00f6yledi:<\/p>\n<p style=\"text-align: justify;\">&#8220;Aslen Karsl\u0131y\u0131m, Ankara\u2019da b\u00fcy\u00fcd\u00fcm. Denizli ve Ege\u2019nin yabanc\u0131s\u0131 de\u011filim. Manisa\u2019n\u0131n Ala\u015fehir \u0130l\u00e7esi\u2019nde g\u00f6revde bulundum. Denizli\u2019de \u00e7ok dostum var. Ge\u00e7mi\u015fte \u00e7ok kez Denizli\u2019yi ziyaret ettim. Denizli\u2019ye her gitti\u011fimde mutlaka alabal\u0131k yerim. \u0130stanbul\u2019da \u00f6nceden haz\u0131rlanm\u0131\u015f programlar\u0131m var. \u00d6n\u00fcm\u00fczdeki hafta i\u00e7inde Denizli\u2019ye gitmeyi d\u00fc\u015f\u00fcn\u00fcyorum. Denizlililer\u2019le kucakla\u015faca\u011f\u0131m.&#8221;<\/p>\n<p style=\"text-align: justify;\"><strong>&#8220;SEVDAMIZ BU \u00dcLKEYE H\u0130ZMET&#8221;<\/strong><\/p>\n<p style=\"text-align: justify;\">\u0130lhan Cihaner, Denizli\u2019den adayl\u0131\u011f\u0131n\u0131n parti taban\u0131nda heyecan yaratt\u0131\u011f\u0131na ili\u015fkin bas\u0131n yoluyla ve telefonlarla haberler ald\u0131\u011f\u0131n\u0131 da belirterek, &#8220;Hi\u00e7bir Denizlili beni yabanc\u0131 olarak g\u00f6rmesin. Sonu\u00e7ta sevdam\u0131z bu \u00fclkeye hizmet etmektir. Ben bu \u00fclkenin her k\u00f6\u015fesinde hizmette bulundum. Denizli\u2019ye de b\u00fcy\u00fck bir onurla milletvekili olarak hizmet edece\u011fim&#8221; diye konu\u015ftu.<\/p>\n<p style=\"text-align: justify;\"><strong>&#8220;PART\u0130 TABANIMIZ \u00c7OK MUTLU&#8221;<\/strong><\/p>\n<p style=\"text-align: justify;\">CHP Denizli \u0130l Ba\u015fkan\u0131 Himmet Yava\u015f da \u0130lhan Cihaner ad\u0131n\u0131n kontenjan aday\u0131 olarak a\u00e7\u0131klanmas\u0131n\u0131n ard\u0131ndan partide b\u00fcy\u00fck heyecan ya\u015fand\u0131\u011f\u0131n\u0131 belirterek \u015f\u00f6yle dedi: &#8220;B\u00fcy\u00fck haks\u0131zl\u0131klara u\u011fram\u0131\u015f olan Cihaner\u2019i, Denizli ba\u011fr\u0131na basacak. Taban\u0131m\u0131z ve te\u015fkilatlar\u0131m\u0131z \u00e7ok mutlu. Cihaner\u2019in Denizlili olup olmamas\u0131 \u00e7ok \u00f6nemli de\u011fil. \u00d6nemli olan T\u00fcrkiyeli olmas\u0131d\u0131r. Cihaner, Denizli\u2019de g\u00fcc\u00fcm\u00fcze g\u00fc\u00e7 katacakt\u0131r.&#8221;<\/p>\n<p style=\"text-align: justify;\"><a href=\"http:\/\/www.gazeteport.com.tr\/SIYASET\/NEWS\/GP_888746\" target=\"_blank\">Kaynak : GAZETEPORT<\/a><\/p>\n","protected":false},"excerpt":{"rendered":"<p style=\"text-align: justify;\">\n<p style=\"text-align: justify;\">Ergenekon ad\u0131yla bilinen davan\u0131n tutuksuz san\u0131klar\u0131ndan Erzincan eski Cumhuriyet Ba\u015fsavc\u0131s\u0131 \u0130lhan Cihaner, CHP\u2019nin Denizli\u2019den 2\u2019nci s\u0131ra kontenjan aday\u0131 olarak g\u00f6sterilmesinin ard\u0131ndan Denizli\u2019deki se\u00e7menlere ilk mesaj\u0131n\u0131 verdi. Cihaner &#8220;Se\u00e7im kampanyas\u0131nda aday arkada\u015flar\u0131m\u0131z ve CHP\u2019nin Denizli te\u015fkilatlar\u0131yla omuz omuza \u00e7al\u0131\u015faca\u011f\u0131z. Bir- iki g\u00fcn i\u00e7inde partililerle kucakla\u015faca\u011f\u0131m. Se\u00e7im kampanyam\u0131n slogan\u0131 \u2019Her \u015fey Denizli <\/p>\n","protected":false},"author":1,"featured_media":0,"comment_status":"open","ping_status":"closed","sticky":false,"template":"","format":"standard","meta":{"footnotes":""},"categories":[105],"tags":[],"class_list":["post-30617","post","type-post","status-publish","format-standard","hentry","category-gundem","odd"],"_links":{"self":[{"href":"http:\/\/www.korhanyilmaz.com\/index.php?rest_route=\/wp\/v2\/posts\/30617","targetHints":{"allow":["GET"]}}],"collection":[{"href":"http:\/\/www.korhanyilmaz.com\/index.php?rest_route=\/wp\/v2\/posts"}],"about":[{"href":"http:\/\/www.korhanyilmaz.com\/index.php?rest_route=\/wp\/v2\/types\/post"}],"author":[{"embeddable":true,"href":"http:\/\/www.korhanyilmaz.com\/index.php?rest_route=\/wp\/v2\/users\/1"}],"replies":[{"embeddable":true,"href":"http:\/\/www.korhanyilmaz.com\/index.php?rest_route=%2Fwp%2Fv2%2Fcomments&post=30617"}],"version-history":[{"count":0,"href":"http:\/\/www.korhanyilmaz.com\/index.php?rest_route=\/wp\/v2\/posts\/30617\/revisions"}],"wp:attachment":[{"href":"http:\/\/www.korhanyilmaz.com\/index.php?rest_route=%2Fwp%2Fv2%2Fmedia&parent=30617"}],"wp:term":[{"taxonomy":"category","embeddable":true,"href":"http:\/\/www.korhanyilmaz.com\/index.php?rest_route=%2Fwp%2Fv2%2Fcategories&post=30617"},{"taxonomy":"post_tag","embeddable":true,"href":"http:\/\/www.korhanyilmaz.com\/index.php?rest_route=%2Fwp%2Fv2%2Ftags&post=30617"}],"curies":[{"name":"wp","href":"https:\/\/api.w.org\/{rel}","templated":true}]}}