{"id":30613,"date":"2011-04-17T10:10:56","date_gmt":"2011-04-17T07:10:56","guid":{"rendered":"http:\/\/www.korhanyilmaz.com\/?p=30613"},"modified":"2011-04-17T10:10:56","modified_gmt":"2011-04-17T07:10:56","slug":"yuksek-yargida-secim-heyecani-ilk-sandik-bassavci-icin-kurulacak","status":"publish","type":"post","link":"http:\/\/www.korhanyilmaz.com\/?p=30613","title":{"rendered":"Y\u00fcksek yarg\u0131da se\u00e7im heyecan\u0131: \u0130lk sand\u0131k &#8216;ba\u015fsavc\u0131&#8217; i\u00e7in kurulacak"},"content":{"rendered":"<p style=\"text-align: justify;\"><a href=\"http:\/\/www.korhanyilmaz.com\/wp-content\/uploads\/2011\/04\/1271.jpg\"  class=\"lightview\"><img loading=\"lazy\" decoding=\"async\" class=\"aligncenter size-full wp-image-30614\" src=\"http:\/\/www.korhanyilmaz.com\/wp-content\/uploads\/2011\/04\/1271.jpg\" alt=\"\" width=\"320\" height=\"214\" \/><\/a><\/p>\n<p style=\"text-align: justify;\">Yarg\u0131tay Cumhuriyet Ba\u015fsavc\u0131l\u0131\u011f\u0131 i\u00e7in se\u00e7im yar\u0131\u015f\u0131 ba\u015fl\u0131yor. 28 Nisan&#8217;da sand\u0131k ba\u015f\u0131na gidecek olan Yarg\u0131tay, \u00f6ncelikle yeni ba\u015fsavc\u0131s\u0131n\u0131 ard\u0131ndan da yeni ba\u015fkan\u0131n\u0131 se\u00e7ecek.<!--more--><\/p>\n<p style=\"text-align: justify;\">H\u00fck\u00fcmetle s\u0131k s\u0131k kar\u015f\u0131 kar\u015f\u0131ya gelen y\u00fcksek yarg\u0131n\u0131n \u00fc\u00e7 \u00f6nemli ismi se\u00e7im \u00f6ncesi de\u011fi\u015fecek. \u0130lk de\u011fi\u015fim Yarg\u0131tay Cumhuriyet Ba\u015fsavc\u0131l\u0131\u011f\u0131\u2019nda ya\u015fanacak. G\u00f6revi Nuri Ok\u2019tan devralan Yarg\u0131tay Cumhuriyet Ba\u015fsavc\u0131s\u0131 Abdurrahman Yal\u00e7\u0131nkaya\u2019n\u0131n g\u00f6rev s\u00fcresi 28 Nisan\u2019da doluyor. 1998 tarihinde Yarg\u0131tay \u00dcyeli\u011fine se\u00e7ilen Abdurrahman Yal\u00e7\u0131nkaya, Yarg\u0131tay B\u00fcy\u00fck Genel Kurulunca g\u00f6sterilen adaylar aras\u0131ndan 10. Cumhurba\u015fkan\u0131 Ahmet Necdet Sezer taraf\u0131ndan 2007 y\u0131l\u0131nda Yarg\u0131tay Cumhuriyet Ba\u015fsavc\u0131l\u0131\u011f\u0131\u2019na se\u00e7ildi.<\/p>\n<p style=\"text-align: justify;\">Yal\u00e7\u0131nkaya\u2019n\u0131n yeniden Yarg\u0131tay Cumhuriyet Ba\u015fsavc\u0131l\u0131\u011f\u0131 i\u00e7in aday olmayaca\u011f\u0131 belirtiliyor. Yal\u00e7\u0131nkaya\u2019dan bo\u015falacak olan Ba\u015fsavc\u0131l\u0131k koltu\u011funa Yarg\u0131tay 6. Ceza Dairesi \u00dcyeleri Celal Altunkaynak, Hasan Erbil, 3. Ceza Dairesi \u00dcyeleri Hakk\u0131 Manav ile Erdal G\u00f6k\u00e7en\u2019in aday olduklar\u0131 \u00f6\u011frenildi. Ba\u015fsavc\u0131l\u0131k se\u00e7imlerinde aday olabilmek i\u00e7in 8 y\u0131l Yarg\u0131tay \u00fcyeli\u011fi yapmak gerekiyor.<\/p>\n<p style=\"text-align: justify;\"><strong>YEN\u0130 \u00dcYELER BEL\u0130RLEYECEK<\/strong><\/p>\n<p style=\"text-align: justify;\">AKP&#8217;nin y\u00fcksek yarg\u0131daki se\u00e7imlere k\u0131sa bir s\u00fcre kala Meclis&#8217;ten ge\u00e7irdi\u011fi Yarg\u0131tay ve Dan\u0131\u015ftay&#8217;\u0131n yap\u0131s\u0131n\u0131 de\u011fi\u015ftiren yasan\u0131n, bu se\u00e7imleri do\u011frudan etkileyece\u011fi belirtiliyor. Hakimler ve Savc\u0131lar Y\u00fcksek Kurulu taraf\u0131ndan Yarg\u0131tay\u2019a atanan 160 \u00fcyenin tercihlerinin Ba\u015fsavc\u0131l\u0131k se\u00e7imlerinde \u00f6nemli bir unsur olaca\u011f\u0131 ifade ediliyor. 28 Nisan\u2019da kurulacak sand\u0131klarda yeni \u00fcyelerle say\u0131s\u0131 artan Yarg\u0131tay\u2019da 387 isim oy kullanacak.<\/p>\n<p style=\"text-align: justify;\">Yarg\u0131tay Cumhuriyet Ba\u015fsavc\u0131s\u0131 Yarg\u0131tay B\u00fcy\u00fck Genel Kurulu\u2019nun, kendi \u00fcyeleri i\u00e7inden g\u00f6sterece\u011fi adaylar aras\u0131ndan Cumhurba\u015fkan\u0131 taraf\u0131ndan se\u00e7iliyor. Yarg\u0131tay B\u00fcy\u00fck Genel Kurulu, Yarg\u0131tay Cumhuriyet Ba\u015fsavc\u0131s\u0131 adaylar\u0131n\u0131 belirlemek i\u00e7in \u00fcye tamsay\u0131s\u0131n\u0131n \u00e7o\u011funlu\u011fu ile toplan\u0131r. Adaylar gizli oyla tespit ediliyor. \u0130lk oylamada en \u00e7ok oy alan be\u015f \u00fcye aday g\u00f6sterilmi\u015f oluyor. Oylama sonucu, liste halinde Yarg\u0131tay Birinci Ba\u015fkanl\u0131\u011f\u0131\u2019nca Cumhurba\u015fkan\u0131n onay\u0131na sunuluyor. Cumhurba\u015fkan\u0131 listenin sunulu\u015fundan itibaren onbe\u015f g\u00fcn i\u00e7inde g\u00f6sterilen adaylar aras\u0131ndan Cumhuriyet Ba\u015fsavc\u0131s\u0131n\u0131 se\u00e7er. Yeni Ba\u015fsavc\u0131y\u0131 Cumhurba\u015fkan\u0131 Abdullah G\u00fcl belirleyecek. Yarg\u0131tay Cumhuriyet Ba\u015fsavc\u0131lar\u0131n\u0131n g\u00f6rev s\u00fcresi ise d\u00f6rt y\u0131l.<\/p>\n<p style=\"text-align: justify;\"><strong>YARGITAY VE DANI\u015eTAY DA BA\u015eKANLIK SE\u00c7\u0130M\u0130 VAR<\/strong><\/p>\n<p style=\"text-align: justify;\">Ba\u015fsavc\u0131l\u0131k se\u00e7imlerinin tamamlanmas\u0131n\u0131n ard\u0131ndan Haziran ay\u0131nda da Yarg\u0131tay\u2019\u0131n ve Dan\u0131\u015ftay\u2019\u0131n ba\u015fkanlar\u0131 de\u011fi\u015fecek. Yarg\u0131tay Ba\u015fkan\u0131 Hasan Ger\u00e7eker ile Dan\u0131\u015ftay Ba\u015fkan\u0131 Mustafa Birden\u2019in g\u00f6rev s\u00fcreleri de 1 Haziran\u2019da doluyor. Yarg\u0131tay Ba\u015fkan\u0131 Ger\u00e7eker ve Dan\u0131\u015ftay Ba\u015fkan\u0131 Birden 1 Haziran g\u00fcn\u00fc ya\u015f haddinden emekliye ayr\u0131lacaklar. 12 Haziran\u2019da yap\u0131lacak milletvekili genel se\u00e7imleri \u00f6ncesinde y\u00fcksek yarg\u0131n\u0131n \u00e7at\u0131s\u0131n\u0131 olu\u015fturan Dan\u0131\u015ftay ile Yarg\u0131tay\u2019\u0131n yeni ba\u015fkan\u0131 belirlenmeye \u00e7al\u0131\u015f\u0131lacak.<\/p>\n<p style=\"text-align: justify;\"><a href=\"http:\/\/www.radikal.com.tr\/Radikal.aspx?aType=RadikalDetayV3&amp;ArticleID=1046441&amp;CategoryID=77\" target=\"_blank\">Kaynak : Radikal<\/a><\/p>\n","protected":false},"excerpt":{"rendered":"<p style=\"text-align: justify;\">\n<p style=\"text-align: justify;\">Yarg\u0131tay Cumhuriyet Ba\u015fsavc\u0131l\u0131\u011f\u0131 i\u00e7in se\u00e7im yar\u0131\u015f\u0131 ba\u015fl\u0131yor. 28 Nisan&#8217;da sand\u0131k ba\u015f\u0131na gidecek olan Yarg\u0131tay, \u00f6ncelikle yeni ba\u015fsavc\u0131s\u0131n\u0131 ard\u0131ndan da yeni ba\u015fkan\u0131n\u0131 se\u00e7ecek.<\/p>\n","protected":false},"author":1,"featured_media":0,"comment_status":"open","ping_status":"closed","sticky":false,"template":"","format":"standard","meta":{"footnotes":""},"categories":[105],"tags":[],"class_list":["post-30613","post","type-post","status-publish","format-standard","hentry","category-gundem","odd"],"_links":{"self":[{"href":"http:\/\/www.korhanyilmaz.com\/index.php?rest_route=\/wp\/v2\/posts\/30613","targetHints":{"allow":["GET"]}}],"collection":[{"href":"http:\/\/www.korhanyilmaz.com\/index.php?rest_route=\/wp\/v2\/posts"}],"about":[{"href":"http:\/\/www.korhanyilmaz.com\/index.php?rest_route=\/wp\/v2\/types\/post"}],"author":[{"embeddable":true,"href":"http:\/\/www.korhanyilmaz.com\/index.php?rest_route=\/wp\/v2\/users\/1"}],"replies":[{"embeddable":true,"href":"http:\/\/www.korhanyilmaz.com\/index.php?rest_route=%2Fwp%2Fv2%2Fcomments&post=30613"}],"version-history":[{"count":0,"href":"http:\/\/www.korhanyilmaz.com\/index.php?rest_route=\/wp\/v2\/posts\/30613\/revisions"}],"wp:attachment":[{"href":"http:\/\/www.korhanyilmaz.com\/index.php?rest_route=%2Fwp%2Fv2%2Fmedia&parent=30613"}],"wp:term":[{"taxonomy":"category","embeddable":true,"href":"http:\/\/www.korhanyilmaz.com\/index.php?rest_route=%2Fwp%2Fv2%2Fcategories&post=30613"},{"taxonomy":"post_tag","embeddable":true,"href":"http:\/\/www.korhanyilmaz.com\/index.php?rest_route=%2Fwp%2Fv2%2Ftags&post=30613"}],"curies":[{"name":"wp","href":"https:\/\/api.w.org\/{rel}","templated":true}]}}