{"id":30596,"date":"2011-04-15T11:53:07","date_gmt":"2011-04-15T08:53:07","guid":{"rendered":"http:\/\/www.korhanyilmaz.com\/?p=30596"},"modified":"2011-04-15T11:53:07","modified_gmt":"2011-04-15T08:53:07","slug":"trt-de-sehven-hata-yapmis","status":"publish","type":"post","link":"http:\/\/www.korhanyilmaz.com\/?p=30596","title":{"rendered":"TRT de &#8216;sehven&#8217; hata yapm\u0131\u015f&#8230;"},"content":{"rendered":"<p style=\"text-align: center;\"><a href=\"http:\/\/www.korhanyilmaz.com\/wp-content\/uploads\/2011\/04\/1251.jpg\"  class=\"lightview\"><img loading=\"lazy\" decoding=\"async\" class=\"aligncenter size-full wp-image-30597\" src=\"http:\/\/www.korhanyilmaz.com\/wp-content\/uploads\/2011\/04\/1251.jpg\" alt=\"\" width=\"336\" height=\"223\" \/><\/a><\/p>\n<p style=\"text-align: justify;\">\u00dcniversite s\u0131nav\u0131na \u00d6SYM&#8217;nin &#8216;sehven&#8217; \u015fifre koymas\u0131ndan sonra TBMM Adalet Komisyonu&#8217;nda CHP&#8217;li \u00fcyelerin istifas\u0131n\u0131 TRT&#8217;nin internet sitesinde &#8216;tarafl\u0131&#8217; olarak verildi\u011fi iddias\u0131 Devlet Bakan\u0131 B\u00fclent Ar\u0131n\u00e7&#8217;a soruldu. Ar\u0131n\u00e7 &#8216;Sehven eksik yaz\u0131lm\u0131\u015f, daha sonra d\u00fczeltildi&#8217; dedi.<!--more--><\/p>\n<p style=\"text-align: justify;\">NKARA &#8211; Ba\u015fbakan Yard\u0131mc\u0131s\u0131 B\u00fclent Ar\u0131n\u00e7, CHP K\u0131rklareli Milletvekili Turgut Dibek\u2019in soru \u00f6nergesini TRT Genel M\u00fcd\u00fcr\u00fc \u0130brahim \u015eahin\u2019in bilgi notuyla yan\u0131tlad\u0131.<\/p>\n<p style=\"text-align: justify;\"><strong>D\u0130BEK\u2019\u0130N SORUSU<\/strong><\/p>\n<p style=\"text-align: justify;\">TBMM Adalet Komisyonu\u2019nun CHP\u2019li \u00fcyelerinin komisyondan topluca istifas\u0131n\u0131n TRT\u2019nin internet sitesinde konunun sapt\u0131r\u0131larak verildi\u011fini belirten Dibek, soru \u00f6nergesinde \u015f\u00f6yle dedi:<\/p>\n<p style=\"text-align: justify;\">&#8220;TRT\u2019nin resmi internet sitesindeki istifa haberine g\u00f6re, \u2018Komisyonun CHP\u2019li \u00fcyeleri, \u00e7al\u0131\u015fma ko\u015fullar\u0131n\u0131 gerek\u00e7e g\u00f6stererek komisyon \u00fcyeli\u011finden istifa etti. Cumhuriyet Halk Partili komisyon \u00fcyeleri, hafta sonu da \u00e7al\u0131\u015f\u0131lmas\u0131na itiraz ederek tasar\u0131n\u0131n g\u00f6r\u00fc\u015f\u00fcld\u00fc\u011f\u00fc Adalet Komisyonu\u2019ndan \u00e7ekildi\u2019 demi\u015ftir.<\/p>\n<p style=\"text-align: justify;\">\u0130stifa eden \u00fcyeler olarak dilek\u00e7emizde istifa gerek\u00e7emizin \u2018her maddede konu\u015fma s\u00fcresinin 5 dakikaya ve bir \u00f6nergeye indirilmesi\u2019 olarak ifade ederek, bas\u0131nla payla\u015ft\u0131\u011f\u0131m\u0131z halde TRT yanl\u0131 yay\u0131nlarla konuyu sapt\u0131rm\u0131\u015ft\u0131r. Buna g\u00f6re, TRT neden yalan haber yapm\u0131\u015ft\u0131r?&#8221;<\/p>\n<p style=\"text-align: justify;\"><strong>&#8220;SEHVEN EKS\u0130K YAZILDI&#8221; <\/strong><\/p>\n<p style=\"text-align: justify;\">Dibek\u2019in soru \u00f6nergesine TRT Genel M\u00fcd\u00fcr\u00fc\u2019nden gelen bilgi notuyla yan\u0131t veren Ar\u0131n\u00e7, &#8220;S\u00f6z konusu \u00f6nergede bahse konu haber sehven eksik yaz\u0131lm\u0131\u015f olup, akabinde d\u00fczeltilerek detayl\u0131 bir \u015fekilde yay\u0131ma verilmi\u015ftir&#8221; dedi.<\/p>\n<p style=\"text-align: justify;\"><a href=\"http:\/\/www.radikal.com.tr\/Radikal.aspx?aType=RadikalDetayV3&amp;ArticleID=1046281&amp;Date=16.04.2011&amp;CategoryID=77\" target=\"_blank\">Kaynak : Radikal<\/a><\/p>\n","protected":false},"excerpt":{"rendered":"<p style=\"text-align: center;\">\n<p style=\"text-align: justify;\">\u00dcniversite s\u0131nav\u0131na \u00d6SYM&#8217;nin &#8216;sehven&#8217; \u015fifre koymas\u0131ndan sonra TBMM Adalet Komisyonu&#8217;nda CHP&#8217;li \u00fcyelerin istifas\u0131n\u0131 TRT&#8217;nin internet sitesinde &#8216;tarafl\u0131&#8217; olarak verildi\u011fi iddias\u0131 Devlet Bakan\u0131 B\u00fclent Ar\u0131n\u00e7&#8217;a soruldu. Ar\u0131n\u00e7 &#8216;Sehven eksik yaz\u0131lm\u0131\u015f, daha sonra d\u00fczeltildi&#8217; dedi.<\/p>\n","protected":false},"author":1,"featured_media":0,"comment_status":"open","ping_status":"closed","sticky":false,"template":"","format":"standard","meta":{"footnotes":""},"categories":[105],"tags":[],"class_list":["post-30596","post","type-post","status-publish","format-standard","hentry","category-gundem","odd"],"_links":{"self":[{"href":"http:\/\/www.korhanyilmaz.com\/index.php?rest_route=\/wp\/v2\/posts\/30596","targetHints":{"allow":["GET"]}}],"collection":[{"href":"http:\/\/www.korhanyilmaz.com\/index.php?rest_route=\/wp\/v2\/posts"}],"about":[{"href":"http:\/\/www.korhanyilmaz.com\/index.php?rest_route=\/wp\/v2\/types\/post"}],"author":[{"embeddable":true,"href":"http:\/\/www.korhanyilmaz.com\/index.php?rest_route=\/wp\/v2\/users\/1"}],"replies":[{"embeddable":true,"href":"http:\/\/www.korhanyilmaz.com\/index.php?rest_route=%2Fwp%2Fv2%2Fcomments&post=30596"}],"version-history":[{"count":0,"href":"http:\/\/www.korhanyilmaz.com\/index.php?rest_route=\/wp\/v2\/posts\/30596\/revisions"}],"wp:attachment":[{"href":"http:\/\/www.korhanyilmaz.com\/index.php?rest_route=%2Fwp%2Fv2%2Fmedia&parent=30596"}],"wp:term":[{"taxonomy":"category","embeddable":true,"href":"http:\/\/www.korhanyilmaz.com\/index.php?rest_route=%2Fwp%2Fv2%2Fcategories&post=30596"},{"taxonomy":"post_tag","embeddable":true,"href":"http:\/\/www.korhanyilmaz.com\/index.php?rest_route=%2Fwp%2Fv2%2Ftags&post=30596"}],"curies":[{"name":"wp","href":"https:\/\/api.w.org\/{rel}","templated":true}]}}