{"id":30593,"date":"2011-04-15T21:35:00","date_gmt":"2011-04-15T18:35:00","guid":{"rendered":"http:\/\/www.korhanyilmaz.com\/?p=30593"},"modified":"2011-04-15T21:35:00","modified_gmt":"2011-04-15T18:35:00","slug":"gulun-soloturk-mutlulugu","status":"publish","type":"post","link":"http:\/\/www.korhanyilmaz.com\/?p=30593","title":{"rendered":"G\u00fcl&#8217;\u00fcn &#8221;SOLOT\u00dcRK&#8221; mutlulu\u011fu"},"content":{"rendered":"<p style=\"text-align: justify;\"><a href=\"http:\/\/www.korhanyilmaz.com\/wp-content\/uploads\/2011\/04\/1241.jpg\"  class=\"lightview\"><img loading=\"lazy\" decoding=\"async\" class=\"aligncenter size-full wp-image-30594\" src=\"http:\/\/www.korhanyilmaz.com\/wp-content\/uploads\/2011\/04\/1241.jpg\" alt=\"\" width=\"385\" height=\"198\" \/><\/a><\/p>\n<p style=\"text-align: justify;\">T\u00fcrk F-16&#8217;lar\u0131n\u0131n g\u00f6steri u\u00e7a\u011f\u0131 &#8221;SOLOT\u00dcRK&#8221; ilk u\u00e7u\u015funu, Cumhurba\u015fkan\u0131 Abdullah G\u00fcl&#8217;\u00fcn de kat\u0131ld\u0131\u011f\u0131 t\u00f6rende yapt\u0131.<\/p>\n<p style=\"text-align: justify;\">ANKARA &#8211; Cumhurba\u015fkan\u0131 G\u00fcl, SOLOT\u00dcRK&#8217;\u00fcn Ak\u0131nc\u0131&#8217;daki 4. Ana \u00dcs Komutanl\u0131\u011f\u0131&#8217;ndaki yakla\u015f\u0131k 20 dakika s\u00fcren ilk g\u00f6sterisini ilgiyle izledikten sonra yapt\u0131\u011f\u0131 konu\u015fmada, t\u00f6rene kat\u0131lmaktan duydu\u011fu memnuniyeti ifade ederek, &#8221;Biraz \u00f6nce izledi\u011fimiz g\u00f6steri, hepimize b\u00fcy\u00fck bir gurur kayna\u011f\u0131 olmu\u015ftur&#8221; dedi.<!--more--><\/p>\n<p style=\"text-align: justify;\">G\u00fcl, g\u00f6steriyi kendileri heyecanla izlerken u\u00e7u\u015fu yapan pilot ve ekip arkada\u015flar\u0131nda b\u00f6yle bir heyecan g\u00f6rmedi\u011fini belirterek, &#8221;Onlar sanki bir arabay\u0131 oradan alm\u0131\u015f buraya park etmi\u015f gibi gayet normal bir duygu i\u00e7indeydiler. Hepsini \u00e7ok tebrik ediyorum. Ger\u00e7ekten \u00e7ok b\u00fcy\u00fck bir gurur duydum. Bu gururu hep beraber T\u00fcrk milleti olarak duyduk&#8221; diye konu\u015ftu.<\/p>\n<p style=\"text-align: justify;\">Bu ba\u015far\u0131lar\u0131n bundan sonra da devam edece\u011fini belirterek, bunlar\u0131 herkesin heyecanla ve baz\u0131lar\u0131n\u0131n da ibretle takip edece\u011finden emin oldu\u011funu s\u00f6yleyen G\u00fcl, \u015f\u00f6yle devam etti:<\/p>\n<p style=\"text-align: justify;\">&#8221;\u00dclke semalar\u0131nda bir y\u0131ld\u0131z gibi parlayan, donan\u0131m\u0131, e\u011fitimi, disiplini ve harekat kabiliyeti ile savunma g\u00fcc\u00fcm\u00fcz\u00fcn cayd\u0131r\u0131c\u0131l\u0131\u011f\u0131n\u0131 peki\u015ftiren T\u00fcrk Hava Kuvvetleri, Silahl\u0131 Kuvvetlerimizin \u015f\u00fcphesiz ki en g\u00fc\u00e7l\u00fc unsurlar\u0131ndan birisidir. D\u00fcnyan\u0131n ilk askeri te\u015fkilat\u0131ndan olan Hava Kuvvetlerimizin ve bug\u00fcn ula\u015ft\u0131\u011f\u0131 m\u00fckemmel seviye hepimizi gururland\u0131rmaktad\u0131r.&#8221;<\/p>\n<p style=\"text-align: justify;\">Hava Kuvvetleri Komutan\u0131 Orgeneral Hasan Aksay&#8217;\u0131n konu\u015fmas\u0131nda, &#8221;T\u00fcrkiye&#8217;nin \u00e7a\u011f\u0131 yakalayan bir Hava Kuvvetlerine sahip oldu\u011funu&#8221; dile getirdi\u011fini hat\u0131rlatan G\u00fcl, T\u00fcrkiye&#8217;nin \u00e7a\u011f\u0131 sadece bug\u00fcn de\u011fil, y\u00fczy\u0131l \u00f6nce de ya\u015fayan ve yakalayan bir \u00fclke oldu\u011funu ifade etti. G\u00fcl, u\u00e7aklar icat edildikten birka\u00e7 y\u0131l sonra o zamanki T\u00fcrk ordusunda da kullanmaya ba\u015fland\u0131\u011f\u0131n\u0131 belirterek, \u015funlar\u0131 kaydetti:<\/p>\n<p style=\"text-align: justify;\">&#8221;\u00c7ok az y\u00fcz y\u0131ll\u0131k tarihi olan hava kuvvetleri vard\u0131r d\u00fcnyada. Bunlardan birisi de T\u00fcrk Hava Kuvvetleridir. Zaman zaman eskiden Osmanl\u0131 topraklar\u0131nda olan baz\u0131 ba\u015fkentlere gitti\u011fimde T\u00fcrk tayyarecilerinin \u015fehitliklerini ziyaret ederken, daima bu b\u00fcy\u00fckl\u00fc\u011f\u00fcm\u00fcz\u00fc hissetmi\u015fimdir, hat\u0131rlam\u0131\u015f\u0131md\u0131r. Bug\u00fcn de i\u015fe \u00e7a\u011f\u0131n gerisinde kalmad\u0131\u011f\u0131m\u0131z\u0131 ve \u00e7a\u011f ile beraber yar\u0131\u015ft\u0131\u011f\u0131m\u0131z\u0131 g\u00f6steren en modern, en geli\u015fmi\u015f u\u00e7aklar\u0131, en g\u00fczel \u015fekilde kullanan bir \u00fclkeyiz.&#8221;<\/p>\n<p style=\"text-align: justify;\"><strong>&#8221;H\u0130\u00c7 B\u0130R ZAMAN SAVA\u015eI \u0130STEMEY\u0130Z&#8221;<\/strong><\/p>\n<p style=\"text-align: justify;\">Daha \u00f6nce T\u00fcrk Y\u0131ld\u0131zlar\u0131&#8217;n\u0131 seyrederken duydu\u011fu heyecan\u0131 ve gururu, \u015fimdi art\u0131k SOLOT\u00dcRK&#8217;\u00fc izlerken duyaca\u011f\u0131n\u0131 ifade eden G\u00fcl, s\u00f6zlerini \u015f\u00f6yle s\u00fcrd\u00fcrd\u00fc.<\/p>\n<p style=\"text-align: justify;\">&#8221;Bunu bizlere ve T\u00fcrk milletine ya\u015fatanlara te\u015fekk\u00fcr ediyorum, tebrik ediyorum. B\u00fcy\u00fck Atat\u00fcrk&#8217;\u00fcn &#8216;\u0130stikbal g\u00f6klerdedir&#8217; i\u015fareti, direktifi hepimize ba\u015fta T\u00fcrk Silahl\u0131 Kuvvetleri ve T\u00fcrk Hava Kuvvetleri olmak \u00fczere bize b\u00fcy\u00fck bir i\u015faret olmu\u015ftur. Bu i\u015faret hi\u00e7bir zaman sadece tabelalarda yaz\u0131l\u0131 olarak kalmam\u0131\u015ft\u0131r, g\u00f6rd\u00fc\u011f\u00fcn\u00fcz gibi d\u00fcnyan\u0131n en g\u00fc\u00e7l\u00fc Hava Kuvvetlerinden birisine sahip olarak ger\u00e7ekle\u015ftirmi\u015flerdir. \u015eimdi \u00f6n\u00fcm\u00fczdeki vizyon sadece g\u00f6klerin de\u011fil, uzay\u0131n da T\u00fcrk Hava Kuvvetlerinin vizyonu i\u00e7erisinde oldu\u011funu bilmekten ge\u00e7iyor. Yak\u0131nen biliyorum ki T\u00fcrk Silahl\u0131 Kuvvetlerimiz ve onun en g\u00fc\u00e7l\u00fc unsuru olan hava kuvvetlerimiz bu y\u00f6nde de b\u00fcy\u00fck haz\u0131rl\u0131k i\u00e7erisindedir. Art\u0131k T\u00fcrkiye bir taraftan teknoloji \u00fcreten, bir taraftan kendi silahlar\u0131n\u0131 yapan, bir taraftan kendi g\u00f6rev bilgisayarlar\u0131n\u0131 kendi u\u00e7aklar\u0131na kendine g\u00f6re sistemlerle yerle\u015ftiren \u00f6zg\u00fcn bir \u00e7al\u0131\u015fman\u0131n i\u00e7erisindedir.&#8221;<\/p>\n<p style=\"text-align: justify;\">B\u00fct\u00fcn bunlar\u0131n &#8221;\u015f\u00fcphesiz bar\u0131\u015f i\u00e7in gerekli oldu\u011funu&#8221; dile getiren Cumhurba\u015fkan\u0131 G\u00fcl, &#8221;Bar\u0131\u015f\u0131 istiyorsan\u0131z her zaman cenge haz\u0131r olman\u0131z gerekir. Atalar\u0131m\u0131z da bunu s\u00f6ylemi\u015ftir. Hi\u00e7 bir zaman sava\u015f\u0131 istemeyiz. Herhalde sava\u015f\u0131n ne oldu\u011funu en iyi bilenler de askerlerdir. Bunun \u015faka olmad\u0131\u011f\u0131n\u0131, ama gerekti\u011finde de g\u00f6z\u00fcn\u00fcz\u00fc k\u0131rpmadan sava\u015faca\u011f\u0131n\u0131z\u0131 g\u00f6stermezseniz o zaman bar\u0131\u015f\u0131 da temin edemezsiniz&#8221; diye konu\u015ftu.<\/p>\n<p style=\"text-align: justify;\"><strong>&#8221;DA\u0130MA G\u00dc\u00c7L\u00dc OLMAMIZ GEREK\u0130R&#8221;<\/strong><\/p>\n<p style=\"text-align: justify;\">T\u00fcrkiye&#8217;nin b\u00f6lgesinde istikrar yayan bir jenerat\u00f6r haline geldi\u011fini vurgulayan G\u00fcl, sadece yak\u0131n kom\u015fular\u0131na de\u011fil, yeri geldi\u011finde daha uzak co\u011frafyalara da istikrar ta\u015f\u0131yan bir \u00fclke oldu\u011funu s\u00f6yledi.<\/p>\n<p style=\"text-align: justify;\">Burada en b\u00fcy\u00fck g\u00fcc\u00fcn T\u00fcrk Silahl\u0131 Kuvvetleri oldu\u011funa i\u015faret eden G\u00fcl, \u015funlar\u0131 kaydetti:<\/p>\n<p style=\"text-align: justify;\">&#8221;Yeri geldi\u011finde diplomatlar\u0131m\u0131z, yeri geldi\u011finde K\u0131z\u0131lay, yeri geldi\u011finde de F-16&#8217;lar g\u00f6revlerini ba\u015far\u0131yla yapm\u0131\u015flard\u0131r. Eminim ki bundan sonra da b\u00f6yle olacakt\u0131r. Menfaatlerimizi, \u015f\u00fcphesiz ki milli \u00e7\u0131karlar\u0131m\u0131z\u0131 korumak kar\u015f\u0131l\u0131kl\u0131 sayg\u0131 i\u00e7erisinde, kom\u015fular\u0131m\u0131z\u0131n hakk\u0131na hukukuna da sayg\u0131 g\u00f6stererek, ama milli \u00e7\u0131karlar\u0131m\u0131zdan hi\u00e7bir zaman taviz vermeden bu co\u011frafyan\u0131n bu b\u00f6lgenin g\u00fcvenilir, istikrarl\u0131 olmas\u0131, bu b\u00f6lgede ya\u015fayan b\u00fct\u00fcn halklar\u0131n mutlulu\u011funu temin etmek i\u00e7in daima g\u00fc\u00e7l\u00fc olmam\u0131z gerekir.<\/p>\n<p style=\"text-align: justify;\">Bug\u00fcn bunun \u00f6rneklerinden birisini g\u00f6rd\u00fck. Bundan dolay\u0131 b\u00fcy\u00fck bir mutluluk duyduk. Ba\u015fta T\u00fcrk Silahl\u0131 Kuvvetlerimizin en k\u00fc\u00e7\u00fck r\u00fctbeli erine kadar herkesle bu mutlulu\u011fumu payla\u015fmak istiyorum. Hepsine m\u00fcte\u015fekkiriz, hepsini tebrik etmek istiyorum. Hava Kuvvetlerimizin b\u00fct\u00fcn personeline ayr\u0131ca \u015f\u00fckranlar\u0131m\u0131 sunuyorum. De\u011ferli pilotlar\u0131m\u0131za ba\u015far\u0131lar diliyorum. Onlar b\u00fct\u00fcn T\u00fcrk gen\u00e7li\u011fine b\u00fcy\u00fck bir ilham kayna\u011f\u0131 olmaktad\u0131rlar.&#8221;<\/p>\n<p style=\"text-align: justify;\">T\u00fcrk gen\u00e7li\u011finin pilot olma iste\u011fini her zaman duydu\u011funu ifade eden G\u00fcl, &#8221;SOLOT\u00dcRK&#8221;\u00fcn bu heyecan\u0131 bir kez daha harekete ge\u00e7irece\u011fini ifade etti.<\/p>\n<p style=\"text-align: justify;\">T\u00fcrk Hava Kuvvetlerin 100. kurulu\u015f y\u0131l d\u00f6n\u00fcm\u00fc dolay\u0131s\u0131yla pek \u00e7ok t\u00f6ren yap\u0131laca\u011f\u0131na i\u015faret eden G\u00fcl, m\u00fcmk\u00fcn oldu\u011fu kadar bu t\u00f6renlere kat\u0131lmaya gayret edece\u011fini s\u00f6yledi.<\/p>\n<p style=\"text-align: justify;\">G\u00fcl, &#8221;Sadece T\u00fcrk halk\u0131 de\u011fil, b\u00fct\u00fcn d\u00fcnya T\u00fcrk Hava Kuvvetleri&#8217;nin g\u00fcc\u00fcn\u00fc, kabiliyetini ve ba\u015far\u0131lar\u0131n\u0131 bu vesileyle bir kez daha g\u00f6recek. Onlarla gurur duyacakt\u0131r&#8221; dedi.<\/p>\n<p style=\"text-align: justify;\">Cumhurba\u015fkan\u0131 G\u00fcl, T\u00fcrkiye Cumhuriyeti&#8217;nin di\u011fer alanlardaki g\u00fcc\u00fcn\u00fcn geli\u015fmesi gibi T\u00fcrk Silahl\u0131 Kuvvetleri&#8217;nin de daima g\u00fc\u00e7l\u00fc olmas\u0131n\u0131n b\u00fct\u00fcn T\u00fcrk halk\u0131n\u0131n daima \u00f6zen g\u00f6sterdi\u011fi konulardan biri oldu\u011funu kaydetti.<\/p>\n<p style=\"text-align: justify;\"><strong>G\u00dcC\u00dcM\u00dcZ\u00dc PER\u00c7\u0130NLEMEK \u0130STED\u0130K<\/strong><\/p>\n<p style=\"text-align: justify;\">Hava Kuvvetleri Komutan\u0131 Orgeneral Hasan Aksay, &#8221;24 y\u0131ld\u0131r F-16 u\u00e7uran bir kuvvet olarak 100&#8217;\u00fcnc\u00fc y\u0131lda farkl\u0131 bir konseptte tek u\u00e7akl\u0131k F-16 g\u00f6steri tak\u0131m\u0131 SOLOT\u00dcRK ile de T\u00fcrk havac\u0131lar\u0131n\u0131n kabiliyetlerini sergilemek ve \u00fclkemizin g\u00f6ky\u00fcz\u00fcndeki g\u00fcc\u00fcn\u00fc per\u00e7inlemek istedik&#8221; dedi.<\/p>\n<p style=\"text-align: justify;\">T\u00fcrk Hava Kuvvetleri Komutanl\u0131\u011f\u0131 F-16&#8217;lar\u0131n\u0131n g\u00f6steri u\u00e7a\u011f\u0131 &#8221;SOLOT\u00dcRK&#8221; ilk u\u00e7u\u015funu, Cumhurba\u015fkan\u0131 Abdullah G\u00fcl, Genelkurmay Ba\u015fkan\u0131 Orgeneral I\u015f\u0131k Ko\u015faner, Milli Savunma Bakan\u0131 Vecdi G\u00f6n\u00fcl ve kuvvet komutanlar\u0131n\u0131n da kat\u0131ld\u0131\u011f\u0131 t\u00f6rende yapt\u0131.<\/p>\n<p style=\"text-align: justify;\">Orgeneral Aksay, t\u00f6rende yapt\u0131\u011f\u0131 konu\u015fmada, T\u00fcrk Hava Kuvvetlerinin, d\u00fcnyada havac\u0131l\u0131\u011f\u0131n hen\u00fcz emekledi\u011fi y\u0131llarda, b\u00fcy\u00fck bir \u00f6ng\u00f6r\u00fc ve fedakarl\u0131kla kuruldu\u011funa i\u015faret ederek, T\u00fcrk Hava Kuvvetlerinin ilk d\u00f6nemlerden itibaren b\u00fct\u00fcn imkans\u0131zl\u0131klara ra\u011fmen icra etti\u011fi hayati g\u00f6revlerle T\u00fcrk milletinin g\u00f6nl\u00fcnde ve d\u00fcnya askeri havac\u0131l\u0131k tarihinde kendisine \u00f6zel bir yer edindi\u011fini s\u00f6yledi. Orgeneral Aksay, \u015f\u00f6yle devam etti:<\/p>\n<p style=\"text-align: justify;\">&#8221;Kurulu\u015f y\u0131llar\u0131ndan birinci y\u00fczy\u0131l\u0131m\u0131z\u0131 tamamlad\u0131\u011f\u0131m\u0131z bug\u00fcnlere kadar kadir\u015finas milletimizin hi\u00e7 eksilmeyen deste\u011fiyle b\u00f6lgemizde ve d\u00fcnyada bar\u0131\u015f ve istikrar\u0131n korunmas\u0131nda etkin, modern ve g\u00fc\u00e7l\u00fc bir hava kuvvetleri haline gelmi\u015f bulunuyoruz.<\/p>\n<p style=\"text-align: justify;\">Bug\u00fcnlerimizi; havac\u0131l\u0131kta da \u00e7a\u011flar \u00f6tesi vizyona sahip b\u00fcy\u00fck Atam\u0131za, destek ve sevgilerini her an y\u00fcre\u011fimizde hissetti\u011fimiz aziz T\u00fcrk Milletine, her biri y\u00fcce milletimizin \u015fefkatli ba\u011fr\u0131ndan yeti\u015fmi\u015f havac\u0131 personelimize, \u00f6mr\u00fcn\u00fc vakfetmi\u015f komutanlar\u0131m\u0131za, kahraman gazilerimize ve g\u00f6klerden g\u00f6n\u00fcllere intikal etmi\u015f aziz \u015fehitlerimize bor\u00e7luyuz.&#8221;<\/p>\n<p style=\"text-align: justify;\">B\u00f6lgesinde ve d\u00fcnyada istikrar kayna\u011f\u0131 olarak \u00f6nemi ve etkinli\u011fi g\u00fcn ge\u00e7tik\u00e7e artan bir \u00fclkenin hava kuvvetleri olarak tarihi ger\u00e7ekler ve mevcut dinamikler \u0131\u015f\u0131\u011f\u0131nda her a\u00e7\u0131dan daima g\u00fc\u00e7l\u00fc ve g\u00f6reve haz\u0131r olmalar\u0131 gerekti\u011finin \u015f\u00fcphe g\u00f6t\u00fcrmez bir ger\u00e7ek oldu\u011funa i\u015faret eden Orgeneral Aksay, &#8221;Bu nedenle ikinci y\u00fczy\u0131l\u0131m\u0131zda, bir taraftan \u00fcst\u00fcn bir hava g\u00fcc\u00fc olmaya devam ederken di\u011fer taraftan uzay ve bilgi alan\u0131ndaki kabiliyetlerimizi de geli\u015ftirerek d\u00fcnyan\u0131n \u00f6nde gelen hava, uzay ve bilgi g\u00fc\u00e7lerinden biri olmay\u0131 ama\u00e7l\u0131yor; b\u00f6ylece \u00fc\u00e7 boyuttaki harekat kabiliyetimizi be\u015f boyuta \u00e7\u0131karmay\u0131 hedefliyoruz&#8221; diye konu\u015ftu.<\/p>\n<p style=\"text-align: justify;\">Orgeneral Aksay, \u00e7a\u011f\u0131yla yar\u0131\u015f\u0131n\u0131 her alanda s\u00fcrd\u00fcrmeye kararl\u0131 olan bir hava kuvvetleri olarak bu hedeflerine; h\u0131zla geli\u015fen savunma sanayinin deste\u011fiyle insans\u0131z hava arac\u0131, uydu, bilgi sistemleri, sava\u015f u\u00e7a\u011f\u0131 ve modern m\u00fchimmat gibi milli projeler ve \u00f6zg\u00fcn sistemlerle ula\u015fmay\u0131 planlad\u0131klar\u0131n\u0131 belirtti.<\/p>\n<p style=\"text-align: justify;\">&#8221;T\u00fcrk Hava Kuvvetleri \u00c7a\u011f\u0131yla Yar\u0131\u015f\u0131yor&#8221; s\u00f6ylemiyle \u00e7\u0131kt\u0131klar\u0131 bu yolda en b\u00fcy\u00fck g\u00fcc\u00fc, milletin kendilerine duydu\u011fu sars\u0131lmaz g\u00fcven ve 100 y\u0131ll\u0131k \u015feref dolu mazilerinden ald\u0131klar\u0131n\u0131 vurgulayan Orgeneral Aksay, 2011 y\u0131l\u0131nda, T\u00fcrk Hava Kuvvetlerinin kurulu\u015funun 100. y\u0131l d\u00f6n\u00fcm\u00fc kutlama faaliyetlerinin bir as\u0131rl\u0131k bu \u015fanl\u0131 ge\u00e7mi\u015fe yak\u0131\u015f\u0131r \u015fekilde ger\u00e7ekle\u015ftirilebilmesi i\u00e7in yo\u011fun bir \u00e7aba i\u00e7erisinde olduklar\u0131n\u0131 s\u00f6yledi.<\/p>\n<p style=\"text-align: justify;\">Kutlama faaliyetleriyle T\u00fcrkiye&#8217;yi ve hava kuvvetlerini tan\u0131tmay\u0131, kurumsal birikim ve de\u011ferleri payla\u015fmay\u0131, imkan ve kabiliyetlerini t\u00fcm d\u00fcnyaya bir kere daha g\u00f6stermeyi hedeflediklerini anlatan Orgeneral Aksay, bu ama\u00e7la uluslararas\u0131 hava g\u00f6sterisi, d\u00fcnya hava kuvvetleri komutanlar\u0131 toplant\u0131s\u0131, Ye\u015filk\u00f6y&#8217;de ilk u\u00e7u\u015fun ger\u00e7ekle\u015fti\u011fi alanda 100. Y\u0131l An\u0131t\u0131, 100. Y\u0131l Hat\u0131ra Orman\u0131, sempozyumlar, proje yar\u0131\u015fmalar\u0131 ve sanatsal etkinlikler gibi bir\u00e7ok kutlama faaliyeti planland\u0131\u011f\u0131n\u0131 ve bir k\u0131sm\u0131n\u0131n icra edildi\u011fini bildirdi.<\/p>\n<p style=\"text-align: justify;\"><strong>&#8221;\u00dcLKEM\u0130Z\u0130N G\u00d6KY\u00dcZ\u00dcNDEK\u0130 G\u00dcC\u00dcN\u00dc PER\u00c7\u0130NLEMEK \u0130STED\u0130K&#8221;<\/strong><\/p>\n<p style=\"text-align: justify;\">Bu kapsamdaki faaliyetlerden birinin de Hava Kuvvetlerinin 100. y\u0131l\u0131 onuruna F-16 Solo G\u00f6steri Tak\u0131m\u0131n\u0131n kurulmas\u0131 oldu\u011funu belirten Orgeneral Aksay, T\u00fcrk Hava Kuvvetlerinde akrotim \u00e7al\u0131\u015fmalar\u0131n\u0131n 1952 y\u0131l\u0131nda F-84G u\u00e7aklar\u0131yla &#8221;Milli&#8221; isimli g\u00f6steri tak\u0131m\u0131yla ba\u015flad\u0131\u011f\u0131na i\u015faret etti.<\/p>\n<p style=\"text-align: justify;\">T\u00fcrk Y\u0131ld\u0131zlar\u0131&#8217;n\u0131n da 1993 y\u0131l\u0131nda kuruldu\u011funu ve hava kuvvetlerinin yedinci akrotimi oldu\u011funu dile getiren Orgeneral Aksay, \u015funlar\u0131 s\u00f6yledi:<\/p>\n<p style=\"text-align: justify;\">&#8221;Halihaz\u0131rda T\u00fcrk Y\u0131ld\u0131zlar\u0131 d\u00fcnyan\u0131n en prestijli, en \u00e7ok davet alan ve izlenen akrotimlerinden birisidir. D\u00fcnyada tek seferde bir milyon izleyiciye g\u00f6steri yapan tek tak\u0131m olan T\u00fcrk Y\u0131ld\u0131zlar\u0131 art\u0131k bir d\u00fcnya markas\u0131 haline gelmi\u015f olup, \u00fclkemizi ve Hava Kuvvetlerimizi ba\u015far\u0131yla temsil etmektedir. Elde edilen ba\u015far\u0131n\u0131n verdi\u011fi motivasyonla 24 y\u0131ld\u0131r F-16 u\u00e7uran bir kuvvet olarak 100. y\u0131lda farkl\u0131 bir konseptte tek u\u00e7akl\u0131k F-16 g\u00f6steri tak\u0131m\u0131 SOLOT\u00dcRK ile de T\u00fcrk havac\u0131lar\u0131n\u0131n kabiliyetlerini sergilemek ve \u00fclkemizin g\u00f6ky\u00fcz\u00fcndeki g\u00fcc\u00fcn\u00fc per\u00e7inlemek istedik.<\/p>\n<p style=\"text-align: justify;\">T\u00fcrk Y\u0131ld\u0131zlar\u0131, daha \u00e7ok Hava Kuvvetlerinin tak\u0131m arkada\u015fl\u0131\u011f\u0131, hassas kumanda tekni\u011fi ve uyum y\u00f6n\u00fcn\u00fc sergilerken SOLOT\u00dcRK u\u00e7a\u011f\u0131 insan fizi\u011fini zorlay\u0131c\u0131 performans\u0131 alt\u0131nda pilotlar\u0131m\u0131z\u0131n kabiliyetlerini ortaya koymakta ve vurucu g\u00fcc\u00fc simgelemektedir. SOLOT\u00dcRK F-16 u\u00e7a\u011f\u0131n\u0131n boya dizayn\u0131 bu konsepte uygun olarak g\u00fc\u00e7, dinamizm ve de\u011ferlerimizi yans\u0131tacak \u015fekilde T\u00fcrkiye ve T\u00fcrk Hava Kuvvetlerinin en \u00f6zel sembolleri kullan\u0131larak tamamen \u00f6zg\u00fcn \u015fekilde tasarlanm\u0131\u015ft\u0131r. \u00d6zg\u00fcn tasar\u0131ml\u0131 F-16 ile huzurlar\u0131n\u0131za \u00e7\u0131kacak olan SOLOT\u00dcRK, di\u011fer \u00fclkelerden farkl\u0131 olarak solo g\u00f6steri konusunda herhangi bir hava kuvvetlerinden u\u00e7u\u015f e\u011fitimi almadan, kendi tecr\u00fcbe ve birikimiyle g\u00f6steri paket ve limitlerini de \u00f6zg\u00fcn olarak olu\u015fturmu\u015ftur.&#8221;<\/p>\n<p style=\"text-align: justify;\">SOLOT\u00dcRK&#8217;\u00fcn d\u00fcnyaya tan\u0131t\u0131m\u0131n\u0131n, yine l00. y\u0131l faaliyetleri kapsam\u0131nda 4-5 Haziran&#8217;da \u0130zmir&#8217;de d\u00fczenlenecek uluslararas\u0131 hava g\u00f6sterisinde yap\u0131laca\u011f\u0131n\u0131 bildiren Orgeneral Aksay, &#8221;T\u00fcrk Y\u0131ld\u0131zlar\u0131 tak\u0131m\u0131m\u0131z gibi SOLOT\u00dcRK ekibimizin de b\u00fcy\u00fck bir ilgiye mahzar olaca\u011f\u0131na ve \u00fclkemizi en iyi \u015fekilde temsil edece\u011fine inanc\u0131m tamd\u0131r. \u015eimdiden ald\u0131\u011f\u0131m\u0131z davetler bunun en g\u00fczel g\u00f6stergesidir. Bu vesile ile SOLOT\u00dcRK u\u00e7a\u011f\u0131 ve g\u00f6steri ekibinin olu\u015fturulmas\u0131nda eme\u011fi ge\u00e7en t\u00fcm personeli kutluyor, ba\u015far\u0131lar diliyorum&#8221; diye konu\u015ftu.<\/p>\n<p style=\"text-align: justify;\">Orgeneral Aksay&#8217;\u0131n konu\u015fmas\u0131n\u0131n ard\u0131ndan, pilot Binba\u015f\u0131 Murat Kele\u015f &#8221;SOLOT\u00dcRK&#8221; ile pek \u00e7ok fig\u00fcr sergileyerek g\u00f6steri u\u00e7u\u015fu yapt\u0131. U\u00e7u\u015f, Cumhurba\u015fkan\u0131 Abdullah G\u00fcl ve di\u011fer izleyiciler taraf\u0131ndan b\u00fcy\u00fck ilgiyle izlendi ve alk\u0131\u015fland\u0131.<\/p>\n<p style=\"text-align: justify;\">Cumhurba\u015fkan\u0131 Abdullah G\u00fcl, u\u00e7u\u015fun ard\u0131ndan Binba\u015f\u0131 Kele\u015f ile SOLOT\u00dcRK&#8217;\u00fcn di\u011fer pilotlar\u0131 Y\u00fczba\u015f\u0131 Fatih Batmaz ve Y\u00fczba\u015f\u0131 Sedat Yal\u0131n Ahbab&#8217;a sertifika ve an\u0131 objeleri verdi. Binba\u015f\u0131 Kele\u015f ise Cumhurba\u015fkan\u0131 G\u00fcl&#8217;e SOLOT\u00dcRK F-16 u\u00e7a\u011f\u0131n\u0131n bir maketini sundu.<\/p>\n<p style=\"text-align: justify;\">Genelkurmay Ba\u015fkan\u0131 Orgeneral I\u015f\u0131k Ko\u015faner ve Milli Savunma Bakan\u0131 Vecdi G\u00f6n\u00fcl de 15 ki\u015filik SOLOT\u00dcRK ekibinin di\u011fer \u00fcyelerine sertifika ve an\u0131 objelerini verdiler.<\/p>\n<p style=\"text-align: justify;\">Cumhurba\u015fkan\u0131 G\u00fcl&#8217;e, \u00fczerinde SOLOT\u00dcRK armas\u0131 bulunan bir pilot montu hediye edildi. G\u00fcl, bu montu giyerek F-16 \u00f6n\u00fcnde foto\u011fraf \u00e7ektirdi.<\/p>\n<p style=\"text-align: justify;\"><strong>G\u00d6STER\u0130 P\u0130LOTU B\u0130NBA\u015eI MURAT KELE\u015e<\/strong><\/p>\n<p style=\"text-align: justify;\">SOLOT\u00dcRK F-16&#8217;s\u0131n\u0131 kullanan Pilot Binba\u015f\u0131 Murat Kele\u015f, u\u00e7u\u015f \u00f6ncesi bas\u0131n mensuplar\u0131n\u0131n sorular\u0131n\u0131 yan\u0131tlad\u0131. Kele\u015f, u\u00e7u\u015fun nas\u0131l bir g\u00f6steri oldu\u011fu y\u00f6n\u00fcndeki soru \u00fczerine, bunun tek u\u00e7a\u011f\u0131n performansa dayal\u0131 g\u00f6sterisi oldu\u011funu belirtti.<\/p>\n<p style=\"text-align: justify;\">Heyecanl\u0131 olup olmad\u0131\u011f\u0131 y\u00f6n\u00fcndeki soru \u00fczerine de Binba\u015f\u0131 Kele\u015f, Hava Kuvvetlerinin 100. y\u0131l\u0131 kapsam\u0131nda bir g\u00f6steri oldu\u011fu i\u00e7in heyecanl\u0131 oldu\u011funu s\u00f6yledi.<\/p>\n<p style=\"text-align: justify;\">Bir ba\u015fka soruyu yan\u0131tlarken, u\u00e7u\u015fun emniyetli bir u\u00e7u\u015f oldu\u011funu ifade eden Kele\u015f, u\u00e7u\u015fun 30 metreden, 2 kilometreye kadar y\u00fckseklik limitlerinde ger\u00e7ekle\u015ftirildi\u011fini bildirdi.<\/p>\n<p style=\"text-align: justify;\">U\u00e7a\u011f\u0131n normal F-16&#8217;lardan hi\u00e7bir fark\u0131 bulunmad\u0131\u011f\u0131na i\u015faret eden Kele\u015f, u\u00e7a\u011f\u0131n her t\u00fcrl\u00fc operatif g\u00f6revi de yerine getirebilece\u011fini s\u00f6yledi.<\/p>\n<p style=\"text-align: justify;\"><strong>B\u0130NBA\u015eI KELE\u015e&#8217;\u0130N OTOB\u0130YOGRAF\u0130S\u0130<\/strong><\/p>\n<p style=\"text-align: justify;\">Pilot Binba\u015f\u0131 Murat Kele\u015f 1974 do\u011fumlu. 1995 y\u0131l\u0131nda Hava Harp Okulunu bitiren Kele\u015f, Merzifon ve Konya&#8217;daki \u00fcslerde F-16 u\u00e7u\u015f ve silah taktikler \u00f6\u011fretmeni olarak g\u00f6rev yapt\u0131ktan sonra 2010 y\u0131l\u0131nda g\u00f6steri pilotu olarak se\u00e7ildi. Kele\u015f, 141&#8217;inci Filo Komutanl\u0131\u011f\u0131na atand\u0131. Toplam 2500 saat F-16 u\u00e7u\u015fu olan Kele\u015f, evli ve 2 \u00e7ocuk babas\u0131.<\/p>\n<p style=\"text-align: justify;\"><strong>SOLOT\u00dcRK&#8217;\u00dcN TASARIM H\u0130KAYES\u0130<\/strong><\/p>\n<p style=\"text-align: justify;\">SOLOT\u00dcRK&#8217;\u00fcn tasar\u0131m\u0131nda T\u00fcrk Hava Kuvvetlerinin ve T\u00fcrk Milleti&#8217;nin en de\u011ferli ve anlaml\u0131 sembolleri yer al\u0131yor. Bu de\u011ferlerin SOLOT\u00dcRK ile g\u00f6ky\u00fcz\u00fcne y\u00fckselmesi ama\u00e7lan\u0131yor.<\/p>\n<p style=\"text-align: justify;\">SOLOT\u00dcRK, \u00e7ok y\u00fcksek teknolojik \u00f6zelliklerle b\u00fct\u00fcnle\u015febilen bir g\u00f6rsel tasar\u0131m \u00f6rne\u011fi. SOLOT\u00dcRK&#8217;\u00fcn \u00fczerinde T\u00fcrk Hava Kuvvetlerinin sembol\u00fc olan kartal\u0131n yeniden yap\u0131land\u0131r\u0131lm\u0131\u015f bir ayr\u0131nt\u0131s\u0131 bulunuyor.<\/p>\n<p style=\"text-align: justify;\">U\u00e7a\u011f\u0131n alt\u0131ndaki alt\u0131n renkli ay y\u0131ld\u0131z, 100 y\u0131ld\u0131r T\u00fcrk ulusunun ulusal simgesini g\u00f6klerde dalgaland\u0131ran T\u00fcrk Hava Kuvvetlerinin bayra\u011fa ve dolay\u0131s\u0131yla temsil etti\u011fi anlamlara verdi\u011fi de\u011feri g\u00f6steriyor. U\u00e7a\u011f\u0131n \u00fcst\u00fcndeki g\u00fcm\u00fc\u015f renkli y\u0131ld\u0131z T\u00fcrkiye Cumhuriyetinin ve T\u00fcrk Hava Kuvvetlerinin 21. y\u00fczy\u0131l\u0131n y\u0131ld\u0131z\u0131 olma idealini simgeliyor.<\/p>\n<p style=\"text-align: justify;\">U\u00e7a\u011f\u0131n kanad\u0131ndaki mat siyah \u00fczerine parlak siyah renkle yer alan kartal, havac\u0131lar\u0131n ruhundaki \u00f6zg\u00fcrl\u00fc\u011f\u00fc ve kararl\u0131l\u0131\u011f\u0131 vurgularken, burun k\u0131sm\u0131na do\u011fru uzanan siyah ve gri \u00e7apraz \u00e7izgiler ise havac\u0131lar\u0131n &#8221;h\u0131zl\u0131 d\u00fc\u015f\u00fcnme&#8221;, &#8221;do\u011fru karar verme&#8221;, &#8221;s\u00fcrekli ilerleme&#8221; ve &#8221;s\u0131n\u0131r tan\u0131mama&#8221; gibi niteliklerini betimliyor.<\/p>\n<p style=\"text-align: justify;\">Tasar\u0131mda se\u00e7ilen g\u00fcm\u00fc\u015f, siyah ve alt\u0131n renkler, ta\u015f\u0131d\u0131\u011f\u0131 anlam, de\u011fer, gerilim ve g\u00fc\u00e7 alg\u0131lar\u0131 ile T\u00fcrk Hava Kuvvetlerinin 21. y\u00fczy\u0131l\u0131n hava, uzay ve bilgi g\u00fcc\u00fc olma vizyonuna g\u00f6nderme yap\u0131yor.<\/p>\n<p style=\"text-align: justify;\"><a href=\"http:\/\/www.gazeteport.com.tr\/SIYASET\/NEWS\/GP_888125\" target=\"_blank\">Kaynak : GAZETEPORT<\/a><\/p>\n","protected":false},"excerpt":{"rendered":"<p style=\"text-align: justify;\">\n<p style=\"text-align: justify;\">T\u00fcrk F-16&#8217;lar\u0131n\u0131n g\u00f6steri u\u00e7a\u011f\u0131 &#8221;SOLOT\u00dcRK&#8221; ilk u\u00e7u\u015funu, Cumhurba\u015fkan\u0131 Abdullah G\u00fcl&#8217;\u00fcn de kat\u0131ld\u0131\u011f\u0131 t\u00f6rende yapt\u0131.<\/p>\n<p style=\"text-align: justify;\">ANKARA &#8211; Cumhurba\u015fkan\u0131 G\u00fcl, SOLOT\u00dcRK&#8217;\u00fcn Ak\u0131nc\u0131&#8217;daki 4. Ana \u00dcs Komutanl\u0131\u011f\u0131&#8217;ndaki yakla\u015f\u0131k 20 dakika s\u00fcren ilk g\u00f6sterisini ilgiyle izledikten sonra yapt\u0131\u011f\u0131 konu\u015fmada, t\u00f6rene kat\u0131lmaktan duydu\u011fu memnuniyeti ifade ederek, &#8221;Biraz \u00f6nce izledi\u011fimiz g\u00f6steri, hepimize b\u00fcy\u00fck bir <\/p>\n","protected":false},"author":1,"featured_media":0,"comment_status":"open","ping_status":"closed","sticky":false,"template":"","format":"standard","meta":{"footnotes":""},"categories":[105],"tags":[],"class_list":["post-30593","post","type-post","status-publish","format-standard","hentry","category-gundem","odd"],"_links":{"self":[{"href":"http:\/\/www.korhanyilmaz.com\/index.php?rest_route=\/wp\/v2\/posts\/30593","targetHints":{"allow":["GET"]}}],"collection":[{"href":"http:\/\/www.korhanyilmaz.com\/index.php?rest_route=\/wp\/v2\/posts"}],"about":[{"href":"http:\/\/www.korhanyilmaz.com\/index.php?rest_route=\/wp\/v2\/types\/post"}],"author":[{"embeddable":true,"href":"http:\/\/www.korhanyilmaz.com\/index.php?rest_route=\/wp\/v2\/users\/1"}],"replies":[{"embeddable":true,"href":"http:\/\/www.korhanyilmaz.com\/index.php?rest_route=%2Fwp%2Fv2%2Fcomments&post=30593"}],"version-history":[{"count":0,"href":"http:\/\/www.korhanyilmaz.com\/index.php?rest_route=\/wp\/v2\/posts\/30593\/revisions"}],"wp:attachment":[{"href":"http:\/\/www.korhanyilmaz.com\/index.php?rest_route=%2Fwp%2Fv2%2Fmedia&parent=30593"}],"wp:term":[{"taxonomy":"category","embeddable":true,"href":"http:\/\/www.korhanyilmaz.com\/index.php?rest_route=%2Fwp%2Fv2%2Fcategories&post=30593"},{"taxonomy":"post_tag","embeddable":true,"href":"http:\/\/www.korhanyilmaz.com\/index.php?rest_route=%2Fwp%2Fv2%2Ftags&post=30593"}],"curies":[{"name":"wp","href":"https:\/\/api.w.org\/{rel}","templated":true}]}}