{"id":30589,"date":"2011-04-15T16:25:22","date_gmt":"2011-04-15T13:25:22","guid":{"rendered":"http:\/\/www.korhanyilmaz.com\/?p=30589"},"modified":"2011-04-15T16:25:22","modified_gmt":"2011-04-15T13:25:22","slug":"kucuk-emrahli-ygs-protestosu","status":"publish","type":"post","link":"http:\/\/www.korhanyilmaz.com\/?p=30589","title":{"rendered":"K\u00fc\u00e7\u00fck Emrahl\u0131 YGS protestosu!"},"content":{"rendered":"<p style=\"text-align: justify;\"><a href=\"http:\/\/www.korhanyilmaz.com\/wp-content\/uploads\/2011\/04\/1231.jpg\"  class=\"lightview\"><img loading=\"lazy\" decoding=\"async\" class=\"aligncenter size-full wp-image-30590\" src=\"http:\/\/www.korhanyilmaz.com\/wp-content\/uploads\/2011\/04\/1231.jpg\" alt=\"\" width=\"420\" height=\"210\" \/><\/a><\/p>\n<p style=\"text-align: justify;\"><strong>\u2018\u00d6SYM ya bize de \u015fifre ver ya da bizi tatmin et!\u2019<\/strong><\/p>\n<p style=\"text-align: justify;\">\u015eifre skandal\u0131na tepki g\u00f6steren milyonlarca \u00f6\u011frenci d\u00fcn yurdun d\u00f6rt bir yan\u0131nda meydanlara indi. \u00d6\u011frenciler sorumlular\u0131n istifa, s\u0131nav\u0131n da iptal edilmesini istedi. <!--more--><\/p>\n<p style=\"text-align: justify;\">Y\u00fcksek\u00f6\u011fretim Ge\u00e7i\u015f S\u0131nav\u0131\u2019nda (YGS) ortaya \u00e7\u0131kan \u015fifre skandal\u0131na tepki g\u00f6steren lise \u00f6\u011frencileri d\u00fcn meydanlara indi. T\u00fcrkiye\u2019nin bir\u00e7ok ilinde \u00f6\u011frenciler d\u00fcn okula gitmedi. \u0130stanbul\u2019daki \u00f6\u011frencilerin adresi eylemlerin vazge\u00e7ilmez mekan\u0131 \u0130stiklal Caddesi ve Taksim Gezi Park\u0131 oldu. Seslerini duyurmak amac\u0131yla \u00e7e\u015fitli sosyal payla\u015f\u0131m sitelerinde \u00f6rg\u00fctlenen \u00f6\u011frencilere \u00e7e\u015fitli sivil toplum kurulu\u015flar\u0131 ve sanat\u00e7\u0131lar da destek verdi.<\/p>\n<p style=\"text-align: justify;\"><strong>Facebook\u2019ta s\u00f6zle\u015ftiler <\/strong><\/p>\n<p style=\"text-align: justify;\">Galatasaray Lisesi \u00f6n\u00fcndeki eyleme \u00dcniversite \u00d6\u011fretim \u00dcyeleri Derne\u011fi, T\u00fcm \u00d6\u011fretim Elemanlar\u0131 Derne\u011fi, \u00dcniversite Konseyleri Derne\u011fi, \u0130stanbul \u00dcniversitesi \u00d6\u011fretim elemanlar\u0131n\u0131n yan\u0131s\u0131ra sanat\u00e7\u0131 P\u0131nar Sa\u011f ve tiyatro oyuncusu Orhan Ayd\u0131n da eyleme kat\u0131ld\u0131. YGS\u2019deki \u015fifre iddialar\u0131 \u00fczerine Facebook\u2019tan \u00f6rg\u00fctlenerek bir araya gelen yakla\u015f\u0131k 300 \u00f6\u011frenci de Taksim Gezi Park\u0131\u2019nda topland\u0131. Okul ve dersaneleri boykot eden \u00f6\u011frenciler Taksim Gezi Park\u0131\u2019nda oturma eylemi ger\u00e7ekle\u015ftirdi.<\/p>\n<p style=\"text-align: justify;\"><strong>Demir\u2019e cevap mektubu <\/strong><\/p>\n<p style=\"text-align: justify;\">Ankara\u2019da ise eylemciler Sakarya\u2019da topland\u0131. \u201cSusma hayk\u0131r, e\u015fit e\u011fitim hakt\u0131r\u201d yaz\u0131l\u0131 pankart a\u00e7an ve \u201c\u00d6SYM s\u0131nav\u0131 al ba\u015f\u0131na \u00e7al\u201d, \u201cAtat\u00fcrk gen\u00e7li\u011fi g\u00f6rev ba\u015f\u0131nda\u201d \u015feklinde slogan atan \u00f6\u011frencilere, \u00e7evredeki dershane \u00f6\u011frencileri de alk\u0131\u015flarla destek verdi. T\u00fcrkiye Gen\u00e7lik Birli\u011fi (TGB) \u00fcyesi bir grup \u00f6\u011frenci de, kendilerine \u2018\u015fifrenin sehven yap\u0131ld\u0131\u011f\u0131n\u0131\u2019 yazan bir mektup g\u00f6nderen \u00d6SYM Ba\u015fkan\u0131 Ali Demir\u2019e cevap mektubu yazarak, \u015fifre iddialar\u0131 nedeniyle istifa etmesini istedi.<\/p>\n<p style=\"text-align: justify;\"><strong>K\u00fc\u00e7\u00fck Emrahl\u0131 YGS protestosu! <\/strong><\/p>\n<p style=\"text-align: justify;\">BURSA\u2019da toplanan 200 ki\u015filik \u00f6\u011frenci grubu, Y\u00fcksek\u00f6\u011frenime Ge\u00e7i\u015f S\u0131nav\u0131\u2019ndaki (YGS) \u015fifre iddialar\u0131n\u0131 protesto etti. Halaylar \u00e7ekip sloganlar atan grubun elindeki, \u00fczerinde K\u00fc\u00e7\u00fck Emrah\u2019\u0131n a\u011flayan resminin bulundu\u011fu \u2019Bizim hi\u00e7 \u015fifremiz olmad\u0131 anne\u2019 yaz\u0131l\u0131 pankart ilgi \u00e7ekti.<\/p>\n<p style=\"text-align: justify;\">Merkez Osmangazi il\u00e7esi Santral Garaj Mahallesi Kent Meydan\u0131\u2019nda toplanan \u00f6\u011frenci gurubu, YGS\u2019deki \u015fifre iddialar\u0131 nedeniyle \u00d6SYM Ba\u015fkan\u0131 Prof. Ali Demir ve Milli E\u011fitim Bakan\u0131 Nimet \u00c7ubuk\u00e7u\u2019nun istifa etmesini istedi. Oturma eylemi de yapan \u00f6\u011frencilere \u00e7evreden ge\u00e7en baz\u0131 vatanda\u015flar alk\u0131\u015flarla, baz\u0131 s\u00fcr\u00fcc\u00fcler de korna \u00e7alarak destek verdi.<\/p>\n<p style=\"text-align: justify;\">Ellerinde \u2019Son g\u00fclen iyi g\u00fcler\u2019, \u2019sisteme istedi\u011fini ver kendini verme\u2019, \u2019\u00c7al\u0131\u015f\u0131nca olmuyor \u00d6SYM s\u00fcr\u00fcnd\u00fcr\u00fcyor\u2019, \u2019Yanda\u015f Ge\u00e7irme S\u0131nav\u0131\u2019, \u2019Ali Kaptan istifa\u2019, \u2019\u015eifreni de al git\u2019 yaz\u0131l\u0131 pankartlar ta\u015f\u0131yan \u00f6\u011frenciler, bir saat s\u00fcren eylemlerinin ard\u0131ndan olays\u0131z da\u011f\u0131ld\u0131.<\/p>\n<p style=\"text-align: justify;\"><a href=\"http:\/\/haber.gazetevatan.com\/kucuk-emrahli-ygs-protestosu\/371364\/7\/Yasam\" target=\"_blank\">Kaynak : VATAN Gazetesi<\/a><\/p>\n","protected":false},"excerpt":{"rendered":"<p style=\"text-align: justify;\">\n<p style=\"text-align: justify;\">\u2018\u00d6SYM ya bize de \u015fifre ver ya da bizi tatmin et!\u2019<\/p>\n<p style=\"text-align: justify;\">\u015eifre skandal\u0131na tepki g\u00f6steren milyonlarca \u00f6\u011frenci d\u00fcn yurdun d\u00f6rt bir yan\u0131nda meydanlara indi. \u00d6\u011frenciler sorumlular\u0131n istifa, s\u0131nav\u0131n da iptal edilmesini istedi. <\/p>\n","protected":false},"author":1,"featured_media":0,"comment_status":"open","ping_status":"closed","sticky":false,"template":"","format":"standard","meta":{"footnotes":""},"categories":[105],"tags":[],"class_list":["post-30589","post","type-post","status-publish","format-standard","hentry","category-gundem","odd"],"_links":{"self":[{"href":"http:\/\/www.korhanyilmaz.com\/index.php?rest_route=\/wp\/v2\/posts\/30589","targetHints":{"allow":["GET"]}}],"collection":[{"href":"http:\/\/www.korhanyilmaz.com\/index.php?rest_route=\/wp\/v2\/posts"}],"about":[{"href":"http:\/\/www.korhanyilmaz.com\/index.php?rest_route=\/wp\/v2\/types\/post"}],"author":[{"embeddable":true,"href":"http:\/\/www.korhanyilmaz.com\/index.php?rest_route=\/wp\/v2\/users\/1"}],"replies":[{"embeddable":true,"href":"http:\/\/www.korhanyilmaz.com\/index.php?rest_route=%2Fwp%2Fv2%2Fcomments&post=30589"}],"version-history":[{"count":0,"href":"http:\/\/www.korhanyilmaz.com\/index.php?rest_route=\/wp\/v2\/posts\/30589\/revisions"}],"wp:attachment":[{"href":"http:\/\/www.korhanyilmaz.com\/index.php?rest_route=%2Fwp%2Fv2%2Fmedia&parent=30589"}],"wp:term":[{"taxonomy":"category","embeddable":true,"href":"http:\/\/www.korhanyilmaz.com\/index.php?rest_route=%2Fwp%2Fv2%2Fcategories&post=30589"},{"taxonomy":"post_tag","embeddable":true,"href":"http:\/\/www.korhanyilmaz.com\/index.php?rest_route=%2Fwp%2Fv2%2Ftags&post=30589"}],"curies":[{"name":"wp","href":"https:\/\/api.w.org\/{rel}","templated":true}]}}