{"id":30582,"date":"2011-04-15T13:20:04","date_gmt":"2011-04-15T10:20:04","guid":{"rendered":"http:\/\/www.korhanyilmaz.com\/?p=30582"},"modified":"2011-04-15T13:20:04","modified_gmt":"2011-04-15T10:20:04","slug":"hepsinin-akpde-birlesmesi-tesaduf-olabilir-mi","status":"publish","type":"post","link":"http:\/\/www.korhanyilmaz.com\/?p=30582","title":{"rendered":"&#8220;Hepsinin AKP&#8217;de birle\u015fmesi tesad\u00fcf olabilir mi?&#8221;"},"content":{"rendered":"<p style=\"text-align: justify;\"><a href=\"http:\/\/www.korhanyilmaz.com\/wp-content\/uploads\/2011\/04\/1221.jpg\"  class=\"lightview\"><img loading=\"lazy\" decoding=\"async\" class=\"aligncenter size-full wp-image-30583\" src=\"http:\/\/www.korhanyilmaz.com\/wp-content\/uploads\/2011\/04\/1221.jpg\" alt=\"\" width=\"403\" height=\"208\" \/><\/a><\/p>\n<p style=\"text-align: justify;\">CHP&#8217;li S\u00fcheyl Batum&#8217;dan AK Parti ve Ba\u015fbakan Erdo\u011fan&#8217;\u0131 k\u0131zd\u0131racak ele\u015ftiri: &#8220;\u015eiir okumaktan de\u011fil T\u00fcrkiye Cumhuriyeti halk\u0131n\u0131 kin ve d\u00fc\u015fmanl\u0131\u011fa sevk etmekten, din ve \u0131rk g\u00f6zetmek suretiyle birbiri aleyhine d\u00fc\u015fmanl\u0131\u011fa sevk etmekten mahkum oldu. Mad\u0131mak&#8217;ta diri diri 33 ayd\u0131n\u0131 yakan ki\u015filerin avukatlar\u0131 AK Parti&#8217;de vekil oldu. Bu kadar\u0131 tesad\u00fcf olabilir mi?&#8221;<!--more--><\/p>\n<p style=\"text-align: justify;\">ESK\u0130\u015eEH\u0130R- CHP Genel Ba\u015fkan Yard\u0131mc\u0131s\u0131 S\u00fcheyl Batum, kendilerine y\u00f6nelik Ergenekoncular\u0131 milletvekili aday\u0131 yapt\u0131lar ele\u015ftirilerine \u00e7ok sert cevap verdi. Batum, &#8221;Bu \u00fclkede bir ki\u015fi T\u00fcrkiye Cumhuriyeti halk\u0131n\u0131 kin ve d\u00fc\u015fmanl\u0131\u011fa sevk etmekten, din ve \u0131rk g\u00f6zetmek suretiyle birbiri aleyhine d\u00fc\u015fmanl\u0131\u011fa sevk etmekten mahkum oldu. Kesin h\u00fck\u00fcm giydi. \u00d6yle &#8216;\u015fiir okudum&#8217; falan de\u011fil. &#8216;Dinsizler, dinliler&#8217; diye b\u00f6lerek, birbirleri aleyhine kine ve d\u00fc\u015fmanl\u0131\u011fa sevk etmekten mahkum oldu. O adam tuttu, Ba\u015fbakan oldu. Siz soran duydunuz mu? Aa, &#8216;bu aday b\u00f6yle, bu aday b\u00f6yle de\u011fil&#8217; diye 2002&#8217;de. Bu \u00fclkede Mad\u0131mak&#8217;ta, Sivas&#8217;ta tarihin en \u00f6nemli facialar\u0131ndan birisi ya\u015fand\u0131. 33 ayd\u0131n\u0131, yazar\u0131 ve \u00e7izeri diri diri yakt\u0131lar. Bu yakanlar\u0131 savunan avukatlar\u0131n tamam\u0131 bir partide bakan ve milletvekili oldu. \u0130\u015fte Hayati Yaz\u0131c\u0131, i\u015fte milletvekilleri. Hepsinin AKP&#8217;de birle\u015fmesi tesad\u00fcf olabilir mi? Kimse bunu \u00e7\u0131k\u0131p sormad\u0131&#8221; dedi.<\/p>\n<p style=\"text-align: justify;\">CHP Eski\u015fehir 1. s\u0131ra milletvekili aday\u0131 da olan Batum, partisinin Eski\u015fehir \u0130l Ba\u015fkanl\u0131\u011f\u0131&#8217;nda d\u00fczenledi\u011fi bas\u0131n toplant\u0131s\u0131nda, CHP ailesinin \u00e7ok de\u011ferli \u00fcyelerini bug\u00fcn bir arada g\u00f6rmekten mutluluk duydu\u011funu belirterek, bu birlik ve beraberli\u011fi devam ettirmek istediklerini s\u00f6yledi.<\/p>\n<p style=\"text-align: justify;\">B\u00fcy\u00fck\u015fehir Belediye Ba\u015fkan\u0131 Y\u0131lmaz B\u00fcy\u00fcker\u015fen&#8217;in Eski\u015fehir&#8217;i Anadolu&#8217;nun en g\u00fczel kentlerinden biri haline getirdi\u011fini ifade eden Batum, \u015f\u00f6yle konu\u015ftu:<\/p>\n<p style=\"text-align: justify;\">&#8221;Bizler de Eski\u015fehir&#8217;i hep beraber AKP&#8217;nin milletvekili \u00e7\u0131kartamad\u0131\u011f\u0131 bir il yapaca\u011f\u0131z. Bug\u00fcn Eski\u015fehir&#8217;den se\u00e7im start\u0131n\u0131 verirken, para\u015f\u00fctle gelen ve bir daha kente u\u011framayan bir milletvekili olmayaca\u011f\u0131m\u0131n s\u00f6z\u00fcn\u00fc veriyorum. Di\u011fer b\u00fct\u00fcn aday arkada\u015flar\u0131m gibi sizlerin yan\u0131nda olan, sorunlar\u0131n\u0131z\u0131, s\u0131k\u0131nt\u0131lar\u0131n\u0131z\u0131, taleplerinizi genel merkeze ve Meclis&#8217;e aktaran, duyuran ve sizlerle sorunlar\u0131 ya\u015fayan bir milletvekili olaca\u011f\u0131ma s\u00f6z veriyorum.&#8221;<\/p>\n<p style=\"text-align: justify;\"><strong>&#8221;\u0130NANDI\u011eIMIZ, G\u00dcVEND\u0130\u011e\u0130M\u0130Z KURUMLARI ORTADAN KALDIRDILAR&#8221;<\/strong><\/p>\n<p style=\"text-align: justify;\">Batum, milletvekili adaylar\u0131n\u0131n belirlenmesinin ard\u0131ndan sonra televizyonlar\u0131 izlediklerini ifade ederek, \u015f\u00f6yle devam etti:<\/p>\n<p style=\"text-align: justify;\">&#8221;AKP iktidar\u0131 yalanlar d\u00fcnyas\u0131 yaratt\u0131. Bu d\u00fcnyada hepimize, T\u00fcrkiye&#8217;ye, Atat\u00fcrk Cumhuriyeti&#8217;ne bir elbise giydirmeye \u00e7al\u0131\u015ft\u0131lar. T\u00fcrkiye&#8217;de var olan b\u00fcy\u00fcklerimizin g\u00f6z nuruyla, el eme\u011fiyle, al\u0131n teriyle, kanla, g\u00f6zya\u015f\u0131yla kurdu\u011fu ne kadar kurum varsa, hepsini ortadan kald\u0131rmaya \u00e7al\u0131\u015ft\u0131lar. &#8216;Yarg\u0131&#8217; dediler mahvettiler. &#8216;Ordu&#8217; dediler ortadan kald\u0131rmaya \u00e7al\u0131\u015ft\u0131lar. YGS, KPSS&#8230; \u0130nand\u0131\u011f\u0131m\u0131z, g\u00fcvendi\u011fimiz, \u00fczerine titredi\u011fimiz ne kadar kurum varsa, hepsini ortadan kald\u0131rd\u0131lar. Bu \u00fclkenin polislerini al\u0131rken, cemaatin polislerini almak i\u00e7in hile yapt\u0131lar, ne oldu? Ortaya \u00e7\u0131kt\u0131, s\u0131nav iptal edildi. Kime ne oldu? Ortada bir tane adam var m\u0131? Hangi dershanede kimi var? Kimin dershanesiymi\u015f? Kim da\u011f\u0131tm\u0131\u015f? S\u0131navda hilecilik yapt\u0131lar, sonra o hileyi yapanlar s\u0131nava giren \u00e7ocuklarm\u0131\u015f gibi kaleminin i\u00e7ine bakt\u0131lar. Yok ceketinin i\u00e7ine bakt\u0131lar, astarlar\u0131n\u0131 s\u00f6kt\u00fcler. Sanki \u00fc\u00e7 \u00e7ocuk birle\u015fmi\u015f hile yapm\u0131\u015f gibi&#8230;&#8221;<\/p>\n<p style=\"text-align: justify;\"><strong>&#8221;AKP \u0130KT\u0130DARINI LAYIK OLDU\u011eU YERE G\u00d6NDERECE\u011e\u0130Z&#8221;<\/strong><\/p>\n<p style=\"text-align: justify;\">&#8221;D\u00fcn cumhuriyet tarihinin en \u00f6nemli olaylar\u0131ndan birini g\u00f6rd\u00fck. Ordu&#8217;da ilk kez net belgeleriyle ve kasetiyle bir belediye ba\u015fkan\u0131, bir milletvekili, bir i\u015f adam\u0131 oturup herkesin g\u00f6z\u00fc \u00f6n\u00fcnde paralar\u0131 payla\u015f\u0131yorlar, desteleri \u00e7\u0131kart\u0131yorlar, &#8216;bu senin, bu benim&#8217; diyorlar&#8221; \u015feklinde konu\u015fan Batum, bas\u0131n toplant\u0131s\u0131yla bunu a\u00e7\u0131klad\u0131klar\u0131n\u0131 hat\u0131rlatt\u0131. S\u00fcheyl Batum, &#8221;Galiba bas\u0131n da &#8216;bunu vermeye gerek yok. AKP iktidar\u0131ndan bu vaka-i adiye oldu. Herkes yap\u0131yor bunu&#8217; gibi d\u00fc\u015f\u00fcnd\u00fc&#8221; \u015fekilnde konu\u015ftu.<\/p>\n<p style=\"text-align: justify;\">CHP Genel Ba\u015fkan Yard\u0131mc\u0131s\u0131 S\u00fcheyl Batum, &#8221;kim, neden, nereden aday olmu\u015f? \u015eunu neden buradan koymu\u015flar?&#8221; y\u00f6n\u00fcnde tart\u0131\u015fmalar\u0131n oldu\u011funa dikkati \u00e7ekerek, s\u00f6zlerini \u015f\u00f6yle s\u00fcrd\u00fcrd\u00fc:<\/p>\n<p style=\"text-align: justify;\">&#8221;Bu \u00fclkede bir ki\u015fi T\u00fcrkiye Cumhuriyeti halk\u0131n\u0131 kin ve d\u00fc\u015fmanl\u0131\u011fa sevk etmekten, din ve \u0131rk g\u00f6zetmek suretiyle birbiri aleyhine d\u00fc\u015fmanl\u0131\u011fa sevk etmekten mahkum oldu. Kesin h\u00fck\u00fcm giydi. \u00d6yle &#8216;\u015fiir okudum&#8217; falan de\u011fil. &#8216;Dinsizler, dinliler&#8217; diye b\u00f6lerek, birbirleri aleyhine kine ve d\u00fc\u015fmanl\u0131\u011fa sevk etmekten mahkum oldu. O adam tuttu, Ba\u015fbakan oldu. Siz soran duydunuz mu? Aa, &#8216;bu aday b\u00f6yle, bu aday b\u00f6yle de\u011fil&#8217; diye 2002&#8217;de. Bu \u00fclkede Mad\u0131mak&#8217;ta, Sivas&#8217;ta tarihin en \u00f6nemli facialar\u0131ndan birisi ya\u015fand\u0131. 33 ayd\u0131n\u0131, yazar\u0131 ve \u00e7izeri diri diri yakt\u0131lar. Bu yakanlar\u0131 savunan avukatlar\u0131n tamam\u0131 bir partide bakan ve milletvekili oldu. \u0130\u015fte Hayati Yaz\u0131c\u0131, i\u015fte milletvekilleri. Hepsinin AKP&#8217;de birle\u015fmesi tesad\u00fcf olabilir mi? Kimse bunu \u00e7\u0131k\u0131p sormad\u0131. CHP&#8217;nin adaylar\u0131n\u0131 soruyorlar. Sak\u0131n inanmay\u0131n, moralinizi bozmay\u0131n. Yok Ergenekon, yok mergenekon, yok gergenekon&#8230; CHP hep birlikte, p\u0131r\u0131l p\u0131r\u0131l, Atat\u00fcrk&#8217;e inanan, Atat\u00fcrk Cumhuriyeti&#8217;ne inanan, alt\u0131 oka inanan, Atat\u00fcrk ilkelerine, Atat\u00fcrk devrimlerini inanan kadrosuyla kar\u015f\u0131n\u0131zda. Bu kadro Atat\u00fcrk Cumhuriyeti&#8217;ni yeniden kuracakt\u0131r.&#8221;<\/p>\n<p style=\"text-align: justify;\">Bu yolda Eski\u015fehir&#8217;de kap\u0131s\u0131 \u00e7al\u0131nmayan tek ev b\u0131rakmayacaklar\u0131n\u0131 anlatan Batum, &#8221;Burada AKP tek milletvekili \u00e7\u0131kart\u0131rsa, anlayal\u0131m ki bir eve eksik girmi\u015fiz. \u0130ki milletvekili \u00e7\u0131kart\u0131rsa \u00e7ok az eve girdi\u011fimizi anlayal\u0131m. \u0130ki milletvekili bile \u00e7\u0131kart\u0131rsa, biz i\u015fimizi yar\u0131m yapm\u0131\u015f\u0131z demektir. B\u00fct\u00fcn evlere girecek bir sistem uygulayaca\u011f\u0131z. Hep birlikte \u00e7al\u0131\u015faca\u011f\u0131z&#8221; dedi.<\/p>\n<p style=\"text-align: justify;\">Toplant\u0131ya, B\u00fcy\u00fcker\u015fen, merkez Tepeba\u015f\u0131 il\u00e7e Belediye Ba\u015fkan\u0131 Ahmet Ata\u00e7, \u0130l Ba\u015fkan\u0131 Erman G\u00f6let ve \u00e7ok say\u0131da partili kat\u0131ld\u0131.<\/p>\n<p style=\"text-align: justify;\"><a href=\"http:\/\/www.gazeteport.com.tr\/SIYASET\/NEWS\/GP_887920\" target=\"_blank\">Kaynak : GAZETEPORT<\/a><\/p>\n","protected":false},"excerpt":{"rendered":"<p style=\"text-align: justify;\">\n<p style=\"text-align: justify;\">CHP&#8217;li S\u00fcheyl Batum&#8217;dan AK Parti ve Ba\u015fbakan Erdo\u011fan&#8217;\u0131 k\u0131zd\u0131racak ele\u015ftiri: &#8220;\u015eiir okumaktan de\u011fil T\u00fcrkiye Cumhuriyeti halk\u0131n\u0131 kin ve d\u00fc\u015fmanl\u0131\u011fa sevk etmekten, din ve \u0131rk g\u00f6zetmek suretiyle birbiri aleyhine d\u00fc\u015fmanl\u0131\u011fa sevk etmekten mahkum oldu. Mad\u0131mak&#8217;ta diri diri 33 ayd\u0131n\u0131 yakan ki\u015filerin avukatlar\u0131 AK Parti&#8217;de vekil oldu. Bu kadar\u0131 tesad\u00fcf olabilir mi?&#8221;<\/p>\n","protected":false},"author":1,"featured_media":0,"comment_status":"open","ping_status":"closed","sticky":false,"template":"","format":"standard","meta":{"footnotes":""},"categories":[105],"tags":[],"class_list":["post-30582","post","type-post","status-publish","format-standard","hentry","category-gundem","odd"],"_links":{"self":[{"href":"http:\/\/www.korhanyilmaz.com\/index.php?rest_route=\/wp\/v2\/posts\/30582","targetHints":{"allow":["GET"]}}],"collection":[{"href":"http:\/\/www.korhanyilmaz.com\/index.php?rest_route=\/wp\/v2\/posts"}],"about":[{"href":"http:\/\/www.korhanyilmaz.com\/index.php?rest_route=\/wp\/v2\/types\/post"}],"author":[{"embeddable":true,"href":"http:\/\/www.korhanyilmaz.com\/index.php?rest_route=\/wp\/v2\/users\/1"}],"replies":[{"embeddable":true,"href":"http:\/\/www.korhanyilmaz.com\/index.php?rest_route=%2Fwp%2Fv2%2Fcomments&post=30582"}],"version-history":[{"count":0,"href":"http:\/\/www.korhanyilmaz.com\/index.php?rest_route=\/wp\/v2\/posts\/30582\/revisions"}],"wp:attachment":[{"href":"http:\/\/www.korhanyilmaz.com\/index.php?rest_route=%2Fwp%2Fv2%2Fmedia&parent=30582"}],"wp:term":[{"taxonomy":"category","embeddable":true,"href":"http:\/\/www.korhanyilmaz.com\/index.php?rest_route=%2Fwp%2Fv2%2Fcategories&post=30582"},{"taxonomy":"post_tag","embeddable":true,"href":"http:\/\/www.korhanyilmaz.com\/index.php?rest_route=%2Fwp%2Fv2%2Ftags&post=30582"}],"curies":[{"name":"wp","href":"https:\/\/api.w.org\/{rel}","templated":true}]}}