{"id":30578,"date":"2011-04-15T00:24:18","date_gmt":"2011-04-14T21:24:18","guid":{"rendered":"http:\/\/www.korhanyilmaz.com\/?p=30578"},"modified":"2011-04-15T00:24:18","modified_gmt":"2011-04-14T21:24:18","slug":"kutlu-dogumda-bulustular","status":"publish","type":"post","link":"http:\/\/www.korhanyilmaz.com\/?p=30578","title":{"rendered":"Kutlu Do\u011fum&#8217;da bulu\u015ftular"},"content":{"rendered":"<p style=\"text-align: justify;\"><a href=\"http:\/\/www.korhanyilmaz.com\/wp-content\/uploads\/2011\/04\/1211.jpg\"  class=\"lightview\"><img loading=\"lazy\" decoding=\"async\" class=\"aligncenter size-full wp-image-30579\" src=\"http:\/\/www.korhanyilmaz.com\/wp-content\/uploads\/2011\/04\/1211.jpg\" alt=\"\" width=\"449\" height=\"231\" \/><\/a><\/p>\n<p style=\"text-align: justify;\">Sinan Erdem Spor Salonu&#8217;nda Diyanet \u0130\u015fleri Ba\u015fkanl\u0131\u011f\u0131&#8217;n\u0131n ev sahipli\u011finde yap\u0131lan Kutlu Do\u011fum Haftas\u0131 etkilinlikleri a\u00e7\u0131l\u0131\u015f program\u0131nda Ba\u015fbakan Recep Tayyip Erdo\u011fan ve CHP Genel Ba\u015fkan\u0131 Kemal K\u0131l\u0131\u00e7daro\u011flu da beraber kat\u0131ld\u0131.<!--more--><\/p>\n<p style=\"text-align: justify;\">\u0130STANBUL &#8211; Ba\u015fbakan Recep Tayyip Erdo\u011fan, &#8221;Bu geni\u015f co\u011frafyada ya\u015fayan her bir insan\u0131n, \u015fu soruyu kendisine \u00e7ok g\u00fc\u00e7l\u00fc ve \u00e7ok samimi bir \u015fekilde sormas\u0131n\u0131, bunun cevab\u0131n\u0131 en samimi \u015fekilde aramas\u0131n\u0131, ara\u015ft\u0131rmas\u0131n\u0131 g\u00f6n\u00fclden arzu ediyorum: Nerede yanl\u0131\u015f yapt\u0131k ve yap\u0131yoruz? Neden bu haldeyiz? Hangi hata, hangi eksiklik bizim co\u011frafyam\u0131z\u0131, bizim medeniyetimizi buralara getirdi? Bu co\u011frafya neden kanla, g\u00f6zya\u015f\u0131yla, ac\u0131yla an\u0131lan bir co\u011frafyaya d\u00f6n\u00fc\u015ft\u00fc? Neden her k\u00f6\u015feden feryat y\u00fckseliyor? Neden yak\u0131n \u00e7evremizde havaya k\u00fcller savruluyor? Neden \u00e7ocuklar \u00f6l\u00fcyor, neden kad\u0131nlar umutsuzluk i\u00e7inde, \u00e7aresizlik i\u00e7inde k\u0131vran\u0131yor? Yoksulluk neden bu co\u011frafyan\u0131n kaderi haline geliyor? Evet, neden uzunca bir s\u00fcredir farkl\u0131 \u00fclkelerde karde\u015f karde\u015fi, ayn\u0131 k\u0131bleye d\u00f6nenler birbirlerini katlediyor?&#8221; dedi.<\/p>\n<p style=\"text-align: justify;\">Ba\u015fbakan Erdo\u011fan, Diyanet \u0130\u015fleri Ba\u015fkanl\u0131\u011f\u0131nca, Kutlu Do\u011fum Haftas\u0131 dolay\u0131s\u0131yla Sinan Erdem Spor Salonu&#8217;nda d\u00fczenlenen &#8221;Hazreti Peygamber ve Merhamet E\u011fitimi&#8221; konulu etkinlikte yapt\u0131\u011f\u0131 konu\u015fmada, Peygamber&#8217;in do\u011fumunun sevincinin idrak edildi\u011fi Kutlu Do\u011fum Haftas\u0131&#8217;n\u0131n, \u00fclkeye, millete ve t\u00fcm insanl\u0131\u011fa hay\u0131rlar getirmesini diledi.<\/p>\n<p style=\"text-align: justify;\">Erdo\u011fan, &#8221;Bug\u00fcn Hazreti Peygamber&#8217;in alemlere rahmet olarak d\u00fcnyam\u0131z\u0131 \u015fereflendirdi\u011fi, insanl\u0131\u011f\u0131 hakikatin \u0131\u015f\u0131\u011f\u0131 ile ayd\u0131nlatt\u0131\u011f\u0131 bir do\u011fu\u015fun y\u0131l d\u00f6n\u00fcm\u00fcn\u00fc kutluyoruz. Evet o, alemlere rahmet olarak g\u00f6nderilmi\u015fti. T\u00fcm d\u00fcnyan\u0131n, t\u00fcm insanl\u0131\u011f\u0131n, o rahmetten, bereketten ve o \u0131\u015f\u0131ktan istifade etti\u011fi bir do\u011fum, takdir edersiniz ki s\u0131radan bir do\u011fum de\u011fildir&#8221; \u015feklinde konu\u015ftu.<\/p>\n<p style=\"text-align: justify;\">Varl\u0131\u011fa anlam kazand\u0131ran, zulmeti yani karanl\u0131\u011f\u0131 ayd\u0131nlatan, insanl\u0131\u011f\u0131 rahmet ve merhametiyle ku\u015fatan bir peygamberin an\u0131lmaktan ziyade anla\u015f\u0131lmay\u0131 hak etti\u011fini vurgulayan Erdo\u011fan, &#8221;Kutlu Do\u011fum Haftas\u0131&#8217;n\u0131n, hem Peygamber-i Zi \u015ean&#8217;\u0131n anla\u015f\u0131lmas\u0131na hem de onun bizlere iletti\u011fi \u0130lahi Mesaj&#8217;\u0131n ya\u015fanmas\u0131na vesile olacak \u015fekilde idrak edilmesini t\u00fcm kalbimle temenni ediyorum&#8221; diye konu\u015ftu.<\/p>\n<p style=\"text-align: justify;\">Erdo\u011fan, Diyanet \u0130\u015fleri Ba\u015fkanl\u0131\u011f\u0131na, ba\u015fkanl\u0131\u011f\u0131n t\u00fcm te\u015fkilat\u0131na, her y\u0131l Hazreti Nebi&#8217;nin farkl\u0131 bir vasf\u0131n\u0131 \u00f6ne \u00e7\u0131kararak, en g\u00fczel etkinliklerle, onu, \u00f6zellikle \u00e7ocuk ve gen\u00e7lere t\u00fcm \u00f6zellikleriyle anlatt\u0131klar\u0131 i\u00e7in \u015f\u00fckranlar\u0131n\u0131 sundu.<\/p>\n<p style=\"text-align: justify;\">Bu y\u0131lki Kutlu Do\u011fum Haftas\u0131 etkinliklerinin ana temas\u0131n\u0131n &#8221;Hazreti Peygamber ve Merhamet E\u011fitimi&#8221; olarak belirlenmesini son derece anlaml\u0131 ve isabetli buldu\u011funa i\u015faret eden Erdo\u011fan, konu\u015fmas\u0131na \u015f\u00f6yle devam etti:<\/p>\n<p style=\"text-align: justify;\">&#8221;Burada, \u0130stiklal \u015fairimiz Mehmet Akif&#8217;in, Hazreti Peygamber&#8217;in kutlu do\u011fumunu anlatt\u0131\u011f\u0131 \u015fu dizeleri ve hissiyat\u0131 sizlerle payla\u015fmak isterim. Diyor ki Akif; &#8216;On d\u00f6rt as\u0131r evvel yine bir b\u00f6yle geceydi\/Kumdan, ay\u0131n on d\u00f6rd\u00fc bir \u00f6ks\u00fcz \u00e7\u0131k\u0131verdi\/Lakin o ne h\u00fcsrand\u0131 ki, hissetmedi g\u00f6zler\/Ka\u00e7 bin senedir halbuki bekle\u015fmedelerdi\/Nereden g\u00f6recekler, g\u00f6remezlerdi tabii\/Bir kere zuhur etti\u011fi \u00e7\u00f6l en sapa yerdi\/Bir kere de ma&#8217;mure-i d\u00fcnya o zamanlar\/Buhranlar i\u00e7indeydi bug\u00fcnden de beterdi\/S\u0131rtlanlar\u0131 ge\u00e7mi\u015fti be\u015fer y\u0131rt\u0131c\u0131l\u0131kta\/Di\u015fsiz mi bir insan, onu karde\u015fleri yerdi&#8217;. Peygamber efendimiz, i\u015fte b\u00f6yle bir d\u00fcnyaya g\u00f6zlerini a\u00e7t\u0131. O d\u00fcnya, k\u0131z \u00e7ocuklar\u0131n\u0131n diri diri topra\u011fa g\u00f6m\u00fcld\u00fc\u011f\u00fc bir d\u00fcnyayd\u0131. O d\u00fcnya, kad\u0131nlar\u0131n insanl\u0131k d\u0131\u015f\u0131 muamelelere, istismara maruz kald\u0131\u011f\u0131 bir d\u00fcnyayd\u0131. O d\u00fcnya, zengini daha da zenginle\u015ftiren, yoksulun ya\u015fam hakk\u0131n\u0131 elinden alan bir d\u00fcnyayd\u0131. K\u00f6leli\u011fin, imtiyaz\u0131n, \u0131rk\u00e7\u0131l\u0131\u011f\u0131n, ayr\u0131mc\u0131l\u0131\u011f\u0131n en sert, en \u015fedid \u015fekilde h\u00fck\u00fcm s\u00fcrd\u00fc\u011f\u00fc bir d\u00fcnyaya gelmi\u015fti Hazreti Peygamber. Rahmet Peygamberi, Alemlere Rahmet olarak g\u00f6nderilen Peygamber, i\u015fte b\u00f6yle bir d\u00fcnyay\u0131, rahmetin, merhametin, \u015fefkatin, uhuvvetin, payla\u015fma ve dayan\u0131\u015fman\u0131n h\u00fck\u00fcm s\u00fcrd\u00fc\u011f\u00fc bir d\u00fcnya haline getirdi. Bedevi, onun g\u00f6zlerinin i\u00e7ine bakarak medenile\u015fiyordu. En vah\u015fi insanlar, onun \u015fefkati kar\u015f\u0131s\u0131nda uysalla\u015f\u0131yordu. Cimriler c\u00f6mertle\u015fiyor, kat\u0131 y\u00fcrekler yumu\u015fuyor, husumetler kucakla\u015fmayla sona eriyordu. Ashab\u0131 i\u00e7in, &#8216;Onlar Y\u0131ld\u0131zlar Gibidir&#8217; buyurmu\u015ftu Resul-i Ekrem&#8230; Evet, kurakl\u0131\u011f\u0131n dudaklar\u0131 kuruttu\u011fu yery\u00fcz\u00fcnde, Hazreti Peygamber \u00e7\u00f6le inmi\u015f nur; onun ehlibeyti, ashab\u0131 ise vahay\u0131, kurtulu\u015fu, teslimiyet yoluyla selameti i\u015faret eden birer y\u0131ld\u0131z gibi sahray\u0131 ayd\u0131nlat\u0131yordu.&#8221;<\/p>\n<p style=\"text-align: justify;\">\u0130nsan\u0131n de\u011ferleriyle insan, hayat\u0131n de\u011feriyle hayat oldu\u011funu vurgulayan Erdo\u011fan, Hazreti Muhammed&#8217;in, ya\u015fanmaya de\u011fer bir hayat\u0131 ya\u015fad\u0131\u011f\u0131n\u0131 ve \u00f6rnek bir hayat sundu\u011funu belirtti.<\/p>\n<p style=\"text-align: justify;\">Ba\u015fbakan Erdo\u011fan, onun vefat\u0131yla dahi insanlar\u0131, t\u00fcm insanl\u0131\u011f\u0131 ayd\u0131nlatt\u0131\u011f\u0131n\u0131 kaydederek, Necip Faz\u0131l&#8217;\u0131n, &#8221;\u00d6l\u00fcm g\u00fczel \u015fey, budur perde ard\u0131ndan haber\/Hi\u00e7 g\u00fczel olmasayd\u0131, \u00f6l\u00fcr m\u00fcyd\u00fc Peygamber&#8221; dizelerini hat\u0131rlatt\u0131.<\/p>\n<p style=\"text-align: justify;\"><strong>&#8221;B\u0130Z\u0130M RUHUMUZUN RENG\u0130 MERHAMETT\u0130R&#8221;<\/strong><\/p>\n<p style=\"text-align: justify;\">Do\u011fumuyla alemin susuzlu\u011funu gideren Hazreti Peygamber&#8217;in, vefat\u0131yla dahi varl\u0131\u011fa anlam katt\u0131\u011f\u0131n\u0131 ifade eden Erdo\u011fan, s\u00f6zlerini \u015f\u00f6yle s\u00fcrd\u00fcrd\u00fc:<\/p>\n<p style=\"text-align: justify;\">&#8221;\u015eu hususun alt\u0131n\u0131 \u00f6zellikle \u00e7izmek istiyorum: Biz, rahmetin, varl\u0131klar\u0131n b\u00fct\u00fcn\u00fcn\u00fc ku\u015fatt\u0131\u011f\u0131 bir d\u00fcnyan\u0131n, bir medeniyetin insanlar\u0131y\u0131z. Bizim ruhumuzun rengi merhamettir. Bizim ac\u0131lar\u0131m\u0131z\u0131n \u015fifas\u0131 merhamettir. Bu medeniyet \u00f6yle bir medeniyettir ki kom\u015fusu a\u00e7 iken tok yatmay\u0131 elinin tersiyle iter. Bu medeniyet, sadece yan\u0131nda, y\u00f6resinde de\u011fil, yery\u00fcz\u00fcn\u00fcn herhangi bir co\u011frafyas\u0131nda zul\u00fcm varsa, o zulm\u00fc ortadan kald\u0131rmadan g\u00f6z\u00fcne uyku girmeyen insanlar\u0131n medeniyetidir. Nerede bir yetim varsa, onun ba\u015f\u0131n\u0131 ok\u015famadan, ona sahip \u00e7\u0131kmadan y\u00fcre\u011fi ferahlamayan insanlar\u0131n medeniyetidir. \u00c7\u00fcnk\u00fc \u00e7ocuklara evcik yapan, onlarla oynayan bir Peygamber&#8217;in \u00fcmmetidir bu medeniyetin insanlar\u0131. Biz, i\u015fte bu merhamet medeniyetinin mensuplar\u0131y\u0131z. Merhametin olmad\u0131\u011f\u0131 yerde insan yoktur, insaf yoktur.&#8221;<\/p>\n<p style=\"text-align: justify;\">B\u00fct\u00fcn yarat\u0131lanlar\u0131n, Allah&#8217;\u0131n rahmet s\u0131fat\u0131 gere\u011fi se\u00e7kin, merhamete hak sahibi oldu\u011funu dile getiren Erdo\u011fan, Yunus Emre&#8217;nin &#8221;Yarad\u0131lan\u0131 severiz yaradandan \u00f6t\u00fcr\u00fc&#8221; ve Mevlana&#8217;n\u0131n &#8221;Bu d\u00fcnyaya ay\u0131rmaya, b\u00f6lmeye gelmedik. Biz b\u00f6l\u00fcneni birle\u015ftirmeye, k\u0131r\u0131lan\u0131 tamir etmeye geldik&#8221; s\u00f6zlerini an\u0131msatt\u0131.<\/p>\n<p style=\"text-align: justify;\">Ba\u015fbakan Recep Tayyip Erdo\u011fan, \u015f\u00f6yle devam etti:<\/p>\n<p style=\"text-align: justify;\">&#8221;Bizim co\u011frafyam\u0131zdan Tiranlar, Sezarlar, Firavunlar, Neronlar, kanl\u0131 despotlar de\u011fil, Mevlanalar\u0131n, Hac\u0131 Bekta\u015flar\u0131n, Ahi Evranlar\u0131n, Yunuslar\u0131n izinden y\u00fcr\u00fcm\u00fc\u015f y\u00f6neticiler \u00e7\u0131km\u0131\u015ft\u0131r. Bizim co\u011frafyam\u0131z kanla, k\u0131l\u0131\u00e7la de\u011fil, kalemle, m\u00fcrekkeple \u015fekillenmi\u015f bir co\u011frafyad\u0131r. \u015eimdi, bu geni\u015f co\u011frafyada ya\u015fayan her bir insan\u0131n, \u015fu soruyu kendisine \u00e7ok g\u00fc\u00e7l\u00fc ve \u00e7ok samimi bir \u015fekilde sormas\u0131n\u0131, bunun cevab\u0131n\u0131 en samimi \u015fekilde aramas\u0131n\u0131, ara\u015ft\u0131rmas\u0131n\u0131 ben g\u00f6n\u00fclden arzu ediyorum: Nerede yanl\u0131\u015f yapt\u0131k ve yap\u0131yoruz? Neden bu haldeyiz? Hangi hata, hangi eksiklik bizim co\u011frafyam\u0131z\u0131, bizim medeniyetimizi buralara getirdi?&#8221;<\/p>\n<p style=\"text-align: justify;\">Bu co\u011frafyan\u0131n tarih boyunca, refah\u0131yla, zenginli\u011fiyle, ilimde, sanatta, mimaride, musikide ortaya koydu\u011fu \u015faheserlerle an\u0131ld\u0131\u011f\u0131n\u0131 anlatan Erdo\u011fan, &#8221;kitaplar co\u011frafyas\u0131&#8221;, &#8221;zengin k\u00fct\u00fcphaneler co\u011frafyas\u0131&#8221; olan bu co\u011frafyan\u0131n ayn\u0131 zamanda bilim insanlar\u0131n\u0131n el \u00fcst\u00fcnde tutuldu\u011fu, bilim ve sanat\u0131n tarihte en b\u00fcy\u00fck de\u011feri ve itibar\u0131 g\u00f6rd\u00fc\u011f\u00fc co\u011frafya oldu\u011funu belirtti.<\/p>\n<p style=\"text-align: justify;\">Erdo\u011fan, bu co\u011frafyan\u0131n, bu medeniyetin, d\u00fcnya bilimine, medeniyetine, k\u00fclt\u00fcr\u00fcne en b\u00fcy\u00fck ve en hayati katk\u0131lar\u0131 sa\u011flam\u0131\u015f bir co\u011frafya ve medeniyet oldu\u011funa dikkati \u00e7ekerek, \u015fu ifadeleri dile getirdi:<\/p>\n<p style=\"text-align: justify;\">&#8221;Peki bu co\u011frafyaya ne oldu da o kitaplar yak\u0131ld\u0131? O zengin k\u00fct\u00fcphaneler bug\u00fcn nereye gitti? Hikmetin pe\u015finde bir \u00f6m\u00fcr vakfeden g\u00f6n\u00fcl insanlar\u0131, o g\u00fczel insanlar, g\u00fczel atlara binerek nerelere gittiler? Bu co\u011frafya neden kanla, g\u00f6zya\u015f\u0131yla, ac\u0131yla an\u0131lan bir co\u011frafyaya d\u00f6n\u00fc\u015ft\u00fc? Neden her k\u00f6\u015feden feryat y\u00fckseliyor? Neden yak\u0131n \u00e7evremizde, havaya k\u00fcller savruluyor? Neden \u00e7ocuklar \u00f6l\u00fcyor, neden kad\u0131nlar umutsuzluk i\u00e7inde, \u00e7aresizlik i\u00e7inde k\u0131vran\u0131yor? Yoksulluk neden bu co\u011frafyan\u0131n kaderi haline geliyor? Ve evet, neden uzunca bir s\u00fcredir farkl\u0131 \u00fclkelerde karde\u015f karde\u015fi, ayn\u0131 k\u0131bleye d\u00f6nenler birbirlerini katlediyor neden? Bu sorular\u0131n cevaplar\u0131, a\u00e7\u0131k s\u00f6yl\u00fcyorum, zor cevaplar de\u011fildir asl\u0131nda. Bu sorular\u0131n cevaplar\u0131 uzaklarda de\u011fildir, kal\u0131n kitaplar\u0131n derinliklerinde, karma\u015f\u0131k kimyasal denklemlerin i\u00e7inde de\u011fildir karde\u015flerim. Bu sorular\u0131n cevaplar\u0131 ba\u015fkas\u0131nda da de\u011fil, bizzat bizdedir, kendimizdedir, nefsimizdedir. \u00c7ok karma\u015f\u0131k analizler yapmaya hi\u00e7 gerek yok. Bizi biz yapan de\u011ferler terk edildi\u011finde, i\u015fte bu sonu\u00e7 da ka\u00e7\u0131n\u0131lmaz olacakt\u0131r. E\u011fer yolda insanlar\u0131 rahats\u0131z eden bir ta\u015f var da siz onu oradan alm\u0131yorsan\u0131z, yolun d\u0131\u015f\u0131na atm\u0131yorsan\u0131z, orada \u00e7\u00fcr\u00fcme ba\u015fl\u0131yor demektir. E\u011fer kom\u015funuz a\u00e7 yatarken siz tok yat\u0131yorsan\u0131z, orada bozulma ba\u015flam\u0131\u015f demektir.<\/p>\n<p style=\"text-align: justify;\">Bir ya\u015fl\u0131n\u0131n \u00f6n\u00fcne ge\u00e7iyorsan\u0131z, bir engelliye yol vermiyorsan\u0131z, her g\u00fcn trafikte ba\u015fkalar\u0131n\u0131n hakk\u0131na tecav\u00fcz ediyorsan\u0131z, orada \u00e7\u00f6z\u00fclme ba\u015flam\u0131\u015f demektir. B\u00fct\u00fcn sosyolojik, siyasi, ekonomik, jeopolitik analiz ve de\u011ferlendirmelerin \u00f6tesinde, en \u00f6nce kalbimizi, ruhumuzu yoklamak durumunday\u0131z. Hesaba \u00e7ekilmeden kendimizi hesaba \u00e7ekmek zorunday\u0131z. Bizim neslimiz de dahil olmak \u00fczere, gen\u00e7 nesiller, \u00e7ok b\u00fcy\u00fck meselelere, b\u00f6lgesel, k\u00fcresel meselelere g\u00fcnlerimizi, gecelerimizi ay\u0131rd\u0131k. Sabahlara kadar \u00e7ay e\u015fli\u011finde yap\u0131lan sohbetlerde gen\u00e7ler \u00fclkeleri kurtard\u0131, \u00e7a\u011flar\u0131 kapatt\u0131, \u00e7a\u011flar\u0131 a\u00e7t\u0131, \u0130slam co\u011frafyas\u0131n\u0131n her meselesine teorik \u00e7\u00f6z\u00fcmler \u00fcretti ama alt kattaki kom\u015fu yata\u011fa a\u00e7 girmi\u015fse, \u00fcst kattaki kom\u015funun o\u011flu, okula gitmek i\u00e7in yol paras\u0131 bulam\u0131yorsa, t\u00fcm o teorik tart\u0131\u015fmalar\u0131n bir kar\u015f\u0131l\u0131\u011f\u0131 olabilir mi?&#8221;<\/p>\n<p style=\"text-align: justify;\">Ba\u015fbakan Recep Tayyip Erdo\u011fan, &#8221;Her zaman ve her zeminde, merhamet elimizi ate\u015fin d\u00fc\u015ft\u00fc\u011f\u00fc t\u00fcm co\u011frafyalara uzatmaya devam edece\u011fiz. Merhamet \u00e7ad\u0131r\u0131m\u0131z\u0131, zulm\u00fcn d\u00fc\u015ft\u00fc\u011f\u00fc her yere kurmaya devam edece\u011fiz. B\u00f6lgemizde ya\u015fanan sava\u015flar, Irak&#8217;ta, Afganistan&#8217;da, Filistin&#8217;de, Libya&#8217;da ve d\u00fcnyan\u0131n daha bir\u00e7ok co\u011frafyas\u0131nda s\u00fcren \u00e7at\u0131\u015fmalar, vah\u015fetler, merhametten nasibini alamam\u0131\u015f bir zihniyetin sebep oldu\u011fu feci sonu\u00e7lard\u0131r. Biz, merhametin \u00e7a\u011fr\u0131s\u0131na kulak t\u0131kayanlardan olamay\u0131z&#8221; dedi.<\/p>\n<p style=\"text-align: justify;\">Erdo\u011fan, Diyanet \u0130\u015fleri Ba\u015fkanl\u0131\u011f\u0131nca, Kutlu Do\u011fum Haftas\u0131 dolay\u0131s\u0131yla Sinan Erdem Spor Salonu&#8217;nda d\u00fczenlenen &#8221;Hazreti Peygamber ve Merhamet E\u011fitimi&#8221; konulu etkinlikte yapt\u0131\u011f\u0131 konu\u015fmada, merhametin, esirgemenin ve ba\u011f\u0131\u015flaman\u0131n her \u015feyin ba\u015f\u0131 ve medeniyetin tart\u0131\u015fmas\u0131z \u015fekilde \u00f6z\u00fc oldu\u011funu s\u00f6yledi.<\/p>\n<p style=\"text-align: justify;\">Fahr-i Kainat olan Hazreti Muhammed&#8217;in hayat\u0131n\u0131 mesaj, mesaj\u0131n\u0131 da hayat\u0131 haline getiren duru\u015funun, merhametle yo\u011frulmu\u015f oldu\u011funu ifade eden Ba\u015fbakan Erdo\u011fan, \u015funlar\u0131 kaydetti:<\/p>\n<p style=\"text-align: justify;\">&#8221;D\u00fcnyam\u0131z\u0131n ve insanl\u0131\u011f\u0131n bug\u00fcn muhta\u00e7 oldu\u011fu iklim, merhamet iklimidir. B\u00fct\u00fcn insanl\u0131\u011f\u0131n buz \u00e7\u00f6l\u00fcne do\u011fru yol ald\u0131\u011f\u0131 bir d\u00fcnyan\u0131n istikametini tersine \u00e7evirebilecek; kat\u0131l\u0131klar\u0131 yumu\u015fatacak, kalplerin buzlar\u0131n\u0131 da \u0131s\u0131tacak yegane de\u011fer ve erdem merhamettir. Bunun en g\u00fczelini de Hazreti Peygamber&#8217;in hayat\u0131nda ve mesaj\u0131nda g\u00f6r\u00fcyoruz. Bir g\u00fcn yolda gidiyor, bir k\u00f6pek \u00f6l\u00fcs\u00fc, kokuyor tabii, birileri orada tiksinti ortaya koyuyor ama sevgililer sevgilisi Peygamberimiz k\u00f6pe\u011fin di\u015flerine bak\u0131yor, &#8216;Ah di\u015fleri ne kadar da g\u00fczel&#8217; diyor. Biz b\u00f6yle bir peygamberin \u00fcmmetiyiz. Hayvana merhameti, sevgiyi bundan daha g\u00fczel ortaya koyabilecek bir \u00f6rnek olabilir mi? Bug\u00fcn, bir merhamet medeniyeti in\u015fas\u0131n\u0131n imkanlar\u0131 mevcuttur diye d\u00fc\u015f\u00fcn\u00fcyorum. Hi\u00e7bir g\u00fczel \u015fey i\u00e7in asla ge\u00e7 kalm\u0131\u015f de\u011filiz. Yeter ki ruhumuzun bizi g\u00f6t\u00fcrmek istedi\u011fi yere gidelim. Yeter ki merhamet damarlar\u0131m\u0131z t\u0131kanm\u0131\u015f olmas\u0131n. Bu yolda y\u0131lmadan, usanmadan, b\u0131kmadan y\u00fcr\u00fcyece\u011fiz. Her zaman ve her zeminde, merhamet elimizi ate\u015fin d\u00fc\u015ft\u00fc\u011f\u00fc t\u00fcm co\u011frafyalara uzatmaya devam edece\u011fiz. Merhamet \u00e7ad\u0131r\u0131m\u0131z\u0131, zulm\u00fcn d\u00fc\u015ft\u00fc\u011f\u00fc her yere kurmaya devam edece\u011fiz. B\u00f6lgemizde ya\u015fanan sava\u015flar, Irak&#8217;ta, Afganistan&#8217;da, Filistin&#8217;de, Libya&#8217;da, Yemen&#8217;de ve d\u00fcnyan\u0131n daha bir\u00e7ok co\u011frafyas\u0131nda s\u00fcren \u00e7at\u0131\u015fmalar, vah\u015fetler, merhametten nasibini alamam\u0131\u015f bir zihniyetin sebep oldu\u011fu feci sonu\u00e7lard\u0131r. Biz, merhametin \u00e7a\u011fr\u0131s\u0131na kulak t\u0131kayanlardan olamay\u0131z. T\u00fcrkiye olarak, hem k\u00fcresel \u00f6l\u00e7ekte hem de yak\u0131n co\u011frafyam\u0131zda y\u00fcre\u011fimizi ortaya koyarak yapt\u0131\u011f\u0131m\u0131z \u00e7a\u011fr\u0131lar, esasen hak, adalet \u00e7a\u011fr\u0131s\u0131 oldu\u011fu kadar, merhamet \u00e7a\u011fr\u0131s\u0131d\u0131r. \u0130\u015fte onun i\u00e7in kan akan t\u00fcm co\u011frafyalarda insani inisiyatif al\u0131yoruz. Uluslararas\u0131 toplumun insani duyarl\u0131l\u0131\u011f\u0131n\u0131n harekete ge\u00e7mesi i\u00e7in \u00e7aba g\u00f6steriyor, bulundu\u011fumuz her platformda vicdanlara \u00e7a\u011fr\u0131 yap\u0131yoruz. \u00d6zellikle, kom\u015fular\u0131m\u0131z nezdinde, Ortado\u011fu&#8217;da, Kuzey Afrika&#8217;da, karde\u015fin karde\u015fi katletti\u011fi \u00fclkelerde, S\u00fcnni olsun, \u015eii olsun, derisinin rengi, dili, inanc\u0131, mezhebi, me\u015frebi her ne olursa olsun, g\u00fcr bir sesle cesaretle &#8216;merhamet&#8217; diyoruz.  Zira bizim yaradan\u0131m\u0131z rahmand\u0131r, rahimdir ve biz ona s\u0131\u011f\u0131n\u0131yoruz, \u00e7\u00fcnk\u00fc onun bize vaadi var. O diyor ki &#8216;Benim rahmetim gazab\u0131m\u0131 a\u015facakt\u0131r&#8217;. Ve bu m\u00fcjdeyle beraber bu yolda y\u00fcr\u00fcyoruz ve b\u00f6yle y\u00fcr\u00fcyece\u011fiz.&#8221;<\/p>\n<p style=\"text-align: justify;\"><strong>&#8221;ANNE VE BABALARIMIZA &#8216;\u00d6F&#8217; B\u0130LE DED\u0130RTMEYECE\u011e\u0130Z&#8221;<\/strong><\/p>\n<p style=\"text-align: justify;\">Ba\u015fbakan Erdo\u011fan, Diyanet \u0130\u015fleri Ba\u015fkan\u0131 Mehmet G\u00f6rmez&#8217;in s\u00f6zlerini an\u0131msatarak, konu\u015fmas\u0131n\u0131 \u015f\u00f6yle s\u00fcrd\u00fcrd\u00fc:<\/p>\n<p style=\"text-align: justify;\">&#8221;De\u011ferli hocam\u0131n ifade etti\u011fi o anne-baba olay\u0131 \u00e7ok \u00e7ok \u00f6nemli. Her zaman s\u00f6yl\u00fcyorum burada da s\u00f6yleyece\u011fim. O da \u015fudur, ger\u00e7ekten annelerimiz, babalar\u0131m\u0131z bizim yan\u0131m\u0131zda ya\u015fland\u0131\u011f\u0131 zaman e\u011fer onlar\u0131 biz bir kenara koyuyorsak, Dar\u00fclacezelere b\u0131rak\u0131yorsak, bu bizim medeniyetimizde, bizim inanc\u0131m\u0131zda yeri olan bir anlay\u0131\u015f de\u011fildir. \u00c7\u00fcnk\u00fc biz onlara &#8216;\u00d6f&#8217; bile dedirtmeyece\u011fiz. Biz b\u00f6yle bir medeniyetin \u00e7ocuklar\u0131y\u0131z ama biz Dar\u00fclacezelere, huzurevlerine gitti\u011fimiz zaman &#8216;Evlad\u0131m beni ziyaret etmedi&#8217; diyen anneleri, babalar\u0131 a\u011flarken \u00e7ok g\u00f6rd\u00fck. Onlar\u0131 a\u011flatmayaca\u011f\u0131z. Onlar\u0131n g\u00f6zya\u015f\u0131 adeta kan olup ak\u0131yor. Bizim medeniyetimizde bunun yeri yok. Siz insanl\u0131k topra\u011f\u0131na sevgi tohumu ekin. O, g\u00fcn gelir b\u00fct\u00fcn insanl\u0131\u011f\u0131 besleyen merhamet a\u011fac\u0131 oluverir. Biz, topra\u011fa sevgi tohumlar\u0131 ekiyor, sevgi \u00e7\u0131nar\u0131n\u0131n daha g\u00fcr \u015fekilde co\u011frafyam\u0131z\u0131 ku\u015fatmas\u0131 i\u00e7in gece g\u00fcnd\u00fcz m\u00fccadele veriyoruz.&#8221;<\/p>\n<p style=\"text-align: justify;\">Merhametin, insanlar\u0131 daima b\u00fct\u00fcn varl\u0131klar\u0131n can damar\u0131na, sevginin, birli\u011fin, bar\u0131\u015f ve huzurun kalbine g\u00f6t\u00fcrd\u00fc\u011f\u00fcn\u00fcn hi\u00e7bir zaman unutulmamas\u0131 gerekti\u011fine i\u015faret eden Erdo\u011fan, kaybolmaya y\u00fcz tutan, \u00f6rselenen, y\u0131pranan merhamet duygusunu hat\u0131rlatt\u0131\u011f\u0131, g\u00fcndeme ta\u015f\u0131d\u0131\u011f\u0131 i\u00e7in Diyanet \u0130\u015fleri Ba\u015fkanl\u0131\u011f\u0131na bir kez daha \u015f\u00fckranlar\u0131n\u0131 sundu\u011funu s\u00f6yledi.<\/p>\n<p style=\"text-align: justify;\">Ba\u015fbakan Erdo\u011fan, &#8221;Karde\u015fine tebess\u00fcm etmeyi bile sadaka sayan, hay\u0131r yerine koyan bir peygamberin ba\u011fl\u0131s\u0131 oldu\u011fumuz i\u00e7in burada Rabbimize bir kez daha \u015f\u00fckrediyorum, hamdediyorum. Yine \u0130stiklal \u015fairimizin \u015fu dizeleriyle s\u00f6zlerimi sonland\u0131rmak istiyorum; &#8216;Medyundur o masuma b\u00fct\u00fcn bir be\u015feriyet\/Ya Rab! Bizi mah\u015ferde bu ikrar ile ha\u015fret!&#8217; Kutlu Do\u011fum Haftas\u0131&#8217;nda, Hazreti Peygamberi, Resuli Ekrem&#8217;i salat ve selamla yadediyor; Allah bizi \u015fefaatine nail etsin diyorum&#8221; \u015feklinde konu\u015ftu.<\/p>\n<p style=\"text-align: justify;\"><strong>\u0130HT\u0130YACIMIZ VAR<\/strong><\/p>\n<p style=\"text-align: justify;\">CHP Genel Ba\u015fkan\u0131 Kemal K\u0131l\u0131\u00e7daro\u011flu, &#8221;her t\u00fcrl\u00fc \u015fiddet ve ter\u00f6r\u00fcn kol gezdi\u011fi, insan haklar\u0131n\u0131n karga tulumba yerlerde s\u00fcr\u00fcnd\u00fc\u011f\u00fc, ayaklar\u0131n\u0131n alt\u0131na cennetin verildi\u011fi kad\u0131nlar\u0131n, annelerin ac\u0131mas\u0131zca \u015fiddet g\u00f6rd\u00fc\u011f\u00fc, insani ve dini de\u011ferlerin yozla\u015ft\u0131\u011f\u0131 ve s\u0131rf menfaat arac\u0131 haline getirildi\u011fi \u00e7a\u011f\u0131m\u0131zda Hz. Muhammed&#8217;in o g\u00fczel ahlak\u0131na daha \u00e7ok ihtiya\u00e7 oldu\u011funu&#8221; s\u00f6yledi.<\/p>\n<p style=\"text-align: justify;\">K\u0131l\u0131\u00e7daro\u011flu, Diyanet \u0130\u015fleri Ba\u015fkanl\u0131\u011f\u0131nca, &#8221;Kutlu Do\u011fum Haftas\u0131&#8221; dolay\u0131s\u0131yla Sinan Erdem Spor Salonu&#8217;nda d\u00fczenlenen &#8221;Hazreti Peygamber ve Merhamet E\u011fitimi&#8221; konulu programda yapt\u0131\u011f\u0131 konu\u015fmada, \u0130slam dininin bar\u0131\u015f anlam\u0131 ta\u015f\u0131d\u0131\u011f\u0131n\u0131, b\u00f6ylesine bir g\u00fcnde bir arada olman\u0131n, huzura ermek anlam\u0131na geldi\u011fini kaydetti.<\/p>\n<p style=\"text-align: justify;\">Mutlulu\u011fu bulman\u0131n, huzura ermenin yolunun, insanlar\u0131n birbirini anlamas\u0131ndan, dayan\u0131\u015fma i\u00e7inde olmas\u0131ndan, yard\u0131mla\u015fmas\u0131ndan, karde\u015f\u00e7e kucakla\u015fmas\u0131ndan ge\u00e7ti\u011fini belirten K\u0131l\u0131\u00e7daro\u011flu, &#8221;Bunun i\u00e7in \u00e7ok \u00f6nemli ve b\u00fcy\u00fck bir \u00f6rne\u011fimiz var, o \u00f6rnek Hz. Peygamber&#8217;dir&#8221; dedi.<\/p>\n<p style=\"text-align: justify;\">\u0130slam dininin temel amac\u0131n\u0131n, Allah&#8217;a ve ahiret inanc\u0131na dayal\u0131 ahlaki bir toplum yaratmak oldu\u011funu vurgulayan K\u0131l\u0131\u00e7daro\u011flu, Hz. Muhammed&#8217;in hayat\u0131n\u0131n, \u0130slam&#8217;\u0131n bu temel mesaj\u0131n\u0131 insanl\u0131\u011fa ula\u015ft\u0131rmak \u00fczere kurulu oldu\u011funu s\u00f6yledi.<\/p>\n<p style=\"text-align: justify;\"><strong>&#8221;\u0130SLAM, KULA KULLU\u011eU KALDIRMI\u015eTIR&#8221;<\/strong><\/p>\n<p style=\"text-align: justify;\">Hz. Muhammed&#8217;in en b\u00fcy\u00fck zul\u00fcm olan \u015firki y\u0131kt\u0131\u011f\u0131n\u0131, d\u00fcnya tarihinin en b\u00fcy\u00fck ink\u0131lab\u0131n\u0131 ger\u00e7ekle\u015ftirdi\u011fini, Allah ile kul aras\u0131na giren t\u00fcm bat\u0131l inan\u00e7lar\u0131 bertaraf etti\u011fini vurgulayan  K\u0131l\u0131\u00e7daro\u011flu, s\u00f6zlerini \u015f\u00f6yle s\u00fcrd\u00fcrd\u00fc:<\/p>\n<p style=\"text-align: justify;\">&#8221;\u0130slam yaln\u0131zca Allah&#8217;a tapan, yaln\u0131zca Allah&#8217;tan dileyen y\u00fcce bir inan\u0131\u015f\u0131 getirmi\u015ftir. \u0130slam, tevhidi yani tek ilahl\u0131 inanc\u0131 yerle\u015ftirmi\u015ftir, kula kullu\u011fu kald\u0131rm\u0131\u015ft\u0131r. \u00c7ocukluk y\u0131llar\u0131ndan itibaren ta\u015fk\u0131n olmayan, kontroll\u00fc ve sakin bir ruh haline sahiptir. O, en zor anlar\u0131nda dahi metanetini kaybetmeyecek kadar g\u00fc\u00e7l\u00fc bir ki\u015fili\u011fe sahiptir. Bask\u0131n\u0131n ve zulm\u00fcn en \u015fiddetli anlar\u0131nda dahi onu yapanlara merhamet duyabilecek kadar engin bir ba\u011f\u0131\u015flama yetisine sahiptir.<\/p>\n<p style=\"text-align: justify;\">Sevgili peygamberimiz hi\u00e7 \u00f6fkelenmezdi. Kendisinden unutamayaca\u011f\u0131 bir nasihat isteyen ki\u015fiye, &#8216;\u00d6fkelenme&#8217; demi\u015ftir ve &#8216;As\u0131l pehlivan \u00f6fkesini yenendir&#8217; diye buyurmu\u015ftur. Hz. Muhammed, d\u00fcnyada kimsenin eline ge\u00e7meyen muhte\u015fem bir g\u00fcc\u00fcn i\u00e7inde, kral gibi de\u011fil sade bir insan gibi ya\u015fam\u0131\u015ft\u0131r. D\u00fcnyay\u0131 bir misafirhane olarak g\u00f6rd\u00fc ve misafir gibi ya\u015fad\u0131. O sade hayat\u0131 i\u00e7inde hem bir \u00f6\u011fretmen, hem adil bir hakim, iyi bir e\u015f, anlay\u0131\u015fl\u0131 bir baba, sorumlu bir devlet adam\u0131 ve \u00e7o\u011funlukla yoksul bir Medineli vatanda\u015f gibi ya\u015fad\u0131.&#8221;<\/p>\n<p style=\"text-align: justify;\"><strong>&#8221;KUL HAKKINDAN SAKINIRDI&#8221;<\/strong><\/p>\n<p style=\"text-align: justify;\">Hz. Muhammed&#8217;in gayet m\u00fctevaz\u0131 bir hayat\u0131 oldu\u011funu, b\u00fcy\u00fcklenmenin ve kibirlenmenin d\u0131\u015f\u0131nda bir ya\u015fam s\u00fcrd\u00fc\u011f\u00fcn\u00fc belirten K\u0131l\u0131\u00e7daro\u011flu, &#8221;Hz. Muhammed kul hakk\u0131ndan sak\u0131nd\u0131r\u0131rd\u0131, kul hakk\u0131 yiyenlerin iflah olmayaca\u011f\u0131n\u0131, Allah&#8217;\u0131n bile kul hakk\u0131na kar\u0131\u015fmayaca\u011f\u0131n\u0131 buyurdu. Haks\u0131z kazan\u00e7 ve servet edinmenin, yalan s\u00f6ylemenin, emanete ihanet etmenin \u0130slamla ba\u011fda\u015fmayaca\u011f\u0131n\u0131 bildirdi&#8221; diye konu\u015ftu.<\/p>\n<p style=\"text-align: justify;\">Hz. Muhammed&#8217;in ahlak\u0131n\u0131n Kur&#8217;an-\u0131 Kerim oldu\u011funu dile getiren K\u0131l\u0131\u00e7daro\u011flu, \u015funlar\u0131 kaydetti:<\/p>\n<p style=\"text-align: justify;\">&#8221;Her t\u00fcrl\u00fc \u015fiddet ve ter\u00f6r\u00fcn kol gezdi\u011fi, insan haklar\u0131n\u0131n karga tulumba yerlerde s\u00fcr\u00fcnd\u00fc\u011f\u00fc, ayaklar\u0131n\u0131n alt\u0131na cennetin verildi\u011fi kad\u0131nlar\u0131m\u0131z\u0131n, annelerimizin ac\u0131mas\u0131zca \u015fiddet g\u00f6rd\u00fc\u011f\u00fc, insani ve dini de\u011ferlerimizin yozla\u015ft\u0131\u011f\u0131 ve s\u0131rf menfaat arac\u0131 getirildi\u011fi \u00e7a\u011f\u0131m\u0131zda sevgili peygamberimizin o g\u00fczel ahlak\u0131na daha \u00e7ok ihtiyac\u0131m\u0131z var.<\/p>\n<p style=\"text-align: justify;\">O, sava\u015f d\u0131\u015f\u0131nda hi\u00e7 kimseye el kald\u0131rmam\u0131\u015ft\u0131r. Kad\u0131nlar\u0131 ve erkekleri insanl\u0131k meyvesinin tam ve e\u015fit \u015fekilde birer yar\u0131s\u0131 gibi g\u00f6rm\u00fc\u015ft\u00fcr. O g\u00fczel bir e\u015fti. Mal, m\u00fclk ve d\u00fcnyal\u0131kta g\u00f6z\u00fc olmad\u0131\u011f\u0131n\u0131 ifade ederek, halk\u0131n refah\u0131n\u0131 d\u00fc\u015f\u00fcnm\u00fc\u015ft\u00fcr ve asla servet edinmemi\u015ftir.&#8221;<\/p>\n<p style=\"text-align: justify;\"><strong>&#8221;EME\u011eE DE\u011eER VER\u0130RD\u0130&#8221;<\/strong><\/p>\n<p style=\"text-align: justify;\">K\u0131l\u0131\u00e7daro\u011flu, Hz Muhammed&#8217;in eme\u011fe de\u011fer verdi\u011fini, &#8221;\u0130\u015f\u00e7iye aln\u0131n\u0131n teri kurumadan \u00fccretini veriniz&#8221; dedi\u011fini, hayat\u0131nda \u00f6pt\u00fc\u011f\u00fc birka\u00e7 elden birisinin de i\u015f\u00e7inin eli oldu\u011funu s\u00f6yledi.<\/p>\n<p style=\"text-align: justify;\">Hz Muhammed&#8217;in \u00e7evrecilikte de \u00f6nder oldu\u011funu belirten K\u0131l\u0131\u00e7daro\u011flu, &#8221;Belki de tarihte ilk kez milli park ve sit alan\u0131 ilan eden ki\u015fiydi&#8221; dedi.<\/p>\n<p style=\"text-align: justify;\">K\u0131l\u0131\u00e7daro\u011flu, Hz. Muhammed&#8217;in veda hutbesinin, temel hak ve \u00f6zg\u00fcrl\u00fckler a\u00e7\u0131s\u0131ndan \u00e7ok \u00f6nemli oldu\u011funu dile getirerek, &#8221;Bu me\u015fhur hutbede her ferdin temel hak ve h\u00fcrriyete sahip bulundu\u011fu, insanlar\u0131n Adem&#8217;in \u00e7ocuklar\u0131 oldu\u011fu ve evrensel insan karde\u015fli\u011finin tesis edildi\u011fi, \u0131rk, renk ve s\u0131n\u0131f \u00fcst\u00fcnl\u00fc\u011f\u00fc reddedilerek t\u00fcm insanlar\u0131n e\u015fit oldu\u011fu vurgulanm\u0131\u015ft\u0131r&#8221; \u015feklinde konu\u015ftu.<\/p>\n<p style=\"text-align: justify;\">Bu haklar\u0131n ba\u015f\u0131nda d\u00fc\u015f\u00fcnce ve inan\u00e7 \u00f6zg\u00fcrl\u00fc\u011f\u00fcn\u00fcn bulundu\u011funu anlatan K\u0131l\u0131\u00e7daro\u011flu, &#8221;Allah insanlar\u0131 d\u00fc\u015f\u00fcnmeye davet eder. D\u00fc\u015f\u00fcnmek Allah&#8217;\u0131n bah\u015fetti\u011fi en de\u011ferli \u00f6zelliktir. D\u00fc\u015f\u00fcnce ve inan\u00e7 \u00f6zg\u00fcrl\u00fcklerinin \u00f6n\u00fcndeki t\u00fcm engeller kald\u0131r\u0131lmal\u0131d\u0131r&#8221; dedi.<\/p>\n<p style=\"text-align: justify;\"><strong>&#8221;D\u00dcNYA L\u0130DER\u0130YD\u0130&#8217;<\/strong><\/p>\n<p style=\"text-align: justify;\">Hz. Muhammed&#8217;in hayvanlar\u0131n da koruyucusu ve dostu oldu\u011funu belirten K\u0131l\u0131\u00e7daro\u011flu, &#8221;G\u00fczel dinimiz ve sevgili peygamberimiz Hz. Muhammed hayvanlara da iyilik ve sevecenlikle davran\u0131rd\u0131&#8221; dedi.<\/p>\n<p style=\"text-align: justify;\">K\u0131l\u0131\u00e7daro\u011flu, Hz. Muhammed&#8217;in bir d\u00fcnya lideri oldu\u011funu vurgulayarak, &#8221;Onun peygamberli\u011fini ve \u0130slamiyeti yayma konusundaki \u00e7abas\u0131 mucize gibi bir olayd\u0131. Onun liderli\u011fine hayran olanlar yaln\u0131zca \u0130slam d\u00fcnyas\u0131 de\u011fil, Bat\u0131&#8217;n\u0131n \u00f6nde gelen d\u00fc\u015f\u00fcn\u00fcrleri, siyaset adamlar\u0131, yazarlar onun liderli\u011fine hayran olmu\u015flard\u0131r&#8221; diye konu\u015ftu.<\/p>\n<p style=\"text-align: justify;\">Bu haftan\u0131n ayn\u0131 zamanda \u015eehitler Haftas\u0131 oldu\u011funu ifade eden K\u0131l\u0131\u00e7daro\u011flu, &#8221;Ecdad\u0131m\u0131z \u00c7anakkale&#8217;de, \u0130stiklal Harbi&#8217;nde &#8216;\u00d6l\u00fcrsem \u015fehit, kal\u0131rsam gazi&#8217; inanc\u0131yla canlar\u0131n\u0131, kanlar\u0131n\u0131 feda ettiler. Asla sen-ben davas\u0131 g\u00fctmediler. Tek v\u00fccut, tek y\u00fcrek oldular. S\u00fcnni, Alevi, T\u00fcrk, K\u00fcrt hepsi \u015fehadet \u015ferbetini i\u00e7erek bu cennet vatan\u0131 bize emanet ettiler&#8221; dedi.<\/p>\n<p style=\"text-align: justify;\"><a href=\"http:\/\/www.gazeteport.com.tr\/SIYASET\/NEWS\/GP_887596\" target=\"_blank\">Kaynak : GAZETEPORT<\/a><\/p>\n","protected":false},"excerpt":{"rendered":"<p style=\"text-align: justify;\">\n<p style=\"text-align: justify;\">Sinan Erdem Spor Salonu&#8217;nda Diyanet \u0130\u015fleri Ba\u015fkanl\u0131\u011f\u0131&#8217;n\u0131n ev sahipli\u011finde yap\u0131lan Kutlu Do\u011fum Haftas\u0131 etkilinlikleri a\u00e7\u0131l\u0131\u015f program\u0131nda Ba\u015fbakan Recep Tayyip Erdo\u011fan ve CHP Genel Ba\u015fkan\u0131 Kemal K\u0131l\u0131\u00e7daro\u011flu da beraber kat\u0131ld\u0131.<\/p>\n","protected":false},"author":1,"featured_media":0,"comment_status":"open","ping_status":"closed","sticky":false,"template":"","format":"standard","meta":{"footnotes":""},"categories":[105],"tags":[],"class_list":["post-30578","post","type-post","status-publish","format-standard","hentry","category-gundem","odd"],"_links":{"self":[{"href":"http:\/\/www.korhanyilmaz.com\/index.php?rest_route=\/wp\/v2\/posts\/30578","targetHints":{"allow":["GET"]}}],"collection":[{"href":"http:\/\/www.korhanyilmaz.com\/index.php?rest_route=\/wp\/v2\/posts"}],"about":[{"href":"http:\/\/www.korhanyilmaz.com\/index.php?rest_route=\/wp\/v2\/types\/post"}],"author":[{"embeddable":true,"href":"http:\/\/www.korhanyilmaz.com\/index.php?rest_route=\/wp\/v2\/users\/1"}],"replies":[{"embeddable":true,"href":"http:\/\/www.korhanyilmaz.com\/index.php?rest_route=%2Fwp%2Fv2%2Fcomments&post=30578"}],"version-history":[{"count":0,"href":"http:\/\/www.korhanyilmaz.com\/index.php?rest_route=\/wp\/v2\/posts\/30578\/revisions"}],"wp:attachment":[{"href":"http:\/\/www.korhanyilmaz.com\/index.php?rest_route=%2Fwp%2Fv2%2Fmedia&parent=30578"}],"wp:term":[{"taxonomy":"category","embeddable":true,"href":"http:\/\/www.korhanyilmaz.com\/index.php?rest_route=%2Fwp%2Fv2%2Fcategories&post=30578"},{"taxonomy":"post_tag","embeddable":true,"href":"http:\/\/www.korhanyilmaz.com\/index.php?rest_route=%2Fwp%2Fv2%2Ftags&post=30578"}],"curies":[{"name":"wp","href":"https:\/\/api.w.org\/{rel}","templated":true}]}}