{"id":30571,"date":"2011-04-15T11:09:47","date_gmt":"2011-04-15T08:09:47","guid":{"rendered":"http:\/\/www.korhanyilmaz.com\/?p=30571"},"modified":"2011-04-15T11:09:47","modified_gmt":"2011-04-15T08:09:47","slug":"istanbul-valisi-hakkinda-sorusturma-acildi","status":"publish","type":"post","link":"http:\/\/www.korhanyilmaz.com\/?p=30571","title":{"rendered":"\u0130stanbul Valisi hakk\u0131nda soru\u015fturma a\u00e7\u0131ld\u0131"},"content":{"rendered":"<p style=\"text-align: center;\"><a href=\"http:\/\/www.korhanyilmaz.com\/wp-content\/uploads\/2011\/04\/1201.jpg\"  class=\"lightview\"><img loading=\"lazy\" decoding=\"async\" class=\"aligncenter size-full wp-image-30572\" src=\"http:\/\/www.korhanyilmaz.com\/wp-content\/uploads\/2011\/04\/1201.jpg\" alt=\"\" width=\"346\" height=\"229\" \/><\/a><\/p>\n<p style=\"text-align: justify;\">Yarg\u0131tay Cumhuriyet Ba\u015fsavc\u0131l\u0131\u011f\u0131, \u0130stanbul Valisi H\u00fcseyin Avni Mutlu&#8217;nun Diyarbak\u0131r Valisi olarak g\u00f6rev yapt\u0131\u011f\u0131 d\u00f6nemde hukuka ayk\u0131r\u0131 davrand\u0131\u011f\u0131 iddias\u0131yla soru\u015fturma ba\u015flatt\u0131.<!--more--><\/p>\n<p style=\"text-align: justify;\">Yarg\u0131tay Cumhuriyet Ba\u015fsavc\u0131l\u0131\u011f\u0131, \u0130stanbul Valisi H\u00fcseyin Avni Mutlu\u2019nun Diyarbak\u0131r Valisi olarak g\u00f6rev yapt\u0131\u011f\u0131 d\u00f6nemde, 6 milyon lira tutar\u0131ndaki \u2019Usuls\u00fcz pamuk primi \u00f6demeleri yap\u0131lmas\u0131 i\u00e7in talimat verdi\u011fi\u2019 ve \u2019hukuka ayk\u0131r\u0131 davrand\u0131\u011f\u0131\u2019 iddias\u0131yla soru\u015fturma ba\u015flatt\u0131. Dan\u0131\u015ftay 1\u2019inci Dairesi, \u0130\u00e7i\u015fleri Bakanl\u0131\u011f\u0131\u2019n\u0131n hakk\u0131nda \u00f6n inceleme yap\u0131lan Mutlu hakk\u0131nda soru\u015fturma izni verilmedi\u011fi karar\u0131n\u0131 kald\u0131rarak, Dosya\u2019n\u0131n Yarg\u0131tay Cumhuriyet Ba\u015fsavc\u0131l\u0131\u011f\u0131\u2019na g\u00f6nderilmesine karar verdi.<\/p>\n<p style=\"text-align: justify;\">Diyarbak\u0131r Cumhuriyet Ba\u015fsavc\u0131l\u0131\u011f\u0131 taraf\u0131ndan Bismil \u0130l\u00e7esi\u2019nde 6 milyon lira tutar\u0131nda usuls\u00fcz pamuk primi \u00f6demesi yap\u0131ld\u0131\u011f\u0131 iddias\u0131yla 2007 y\u0131l\u0131nda ba\u015flat\u0131lan soru\u015fturma a\u00e7\u0131ld\u0131. K\u00fctl\u00fc Pamuk Prim Komisyonu \u00fcyelerinin, &#8220;\u00d6deme talimat\u0131n\u0131n d\u00f6nemin Diyarbak\u0131r Valisi H\u00fcseyin Avni Mutlu taraf\u0131ndan verildi\u011fi&#8221; y\u00f6n\u00fcndeki ifade ve \u015fikayetler \u00fczerine Vali Mutlu ile ilgili dilek\u00e7e dosya ile birlikte Yarg\u0131tay Cumhuriyet Ba\u015fsavc\u0131l\u0131\u011f\u0131\u2019na gitti.<\/p>\n<p style=\"text-align: justify;\">Yarg\u0131tay Cumhuriyet Ba\u015fsavc\u0131l\u0131\u011f\u0131, 16 Aral\u0131k 2009 tarih ve 2009\/155 say\u0131l\u0131 yaz\u0131s\u0131 ile \u0130\u00e7i\u015fleri Bakanl\u0131\u011f\u0131\u2019ndan, Vali H\u00fcseyin Avni Mutlu hakk\u0131nda, \u2019Usuls\u00fcz pamuk primi \u00f6demeleri yap\u0131lmas\u0131 i\u00e7in talimat verdi\u011fi\u2019, \u2019hukuka ayk\u0131r\u0131 davrand\u0131\u011f\u0131\u2019 gerek\u00e7esiyle soru\u015fturma izni verilmesini talep etti. Bu talebe kar\u015f\u0131l\u0131k \u0130\u00e7i\u015fleri Bakanl\u0131\u011f\u0131 9 Mart 2010 tarihinde, \u2019ihbar ve \u015fikayetin i\u015fleme konulmamas\u0131\u2019 y\u00f6n\u00fcnde karar verdi.<\/p>\n<p style=\"text-align: justify;\"><strong>BA\u015eSAVCILIK, DANI\u015eTAY\u2019A \u0130T\u0130RAZ ETT\u0130<\/strong><\/p>\n<p style=\"text-align: justify;\">Yarg\u0131tay Cumhuriyet Ba\u015fsavc\u0131l\u0131\u011f\u0131, \u0130\u00e7i\u015fleri Bakanl\u0131\u011f\u0131\u2019n\u0131n, Vali Mutlu ile ilgili soru\u015fturma yap\u0131lmas\u0131 isteminin i\u015fleme konulmamas\u0131 karar\u0131na kar\u015f\u0131 Dan\u0131\u015ftay\u2019da itirazda bulundu. Dan\u0131\u015ftay 1\u2019inci Diresi, Yarg\u0131tay Ba\u015fsavc\u0131l\u0131\u011f\u0131\u2019n\u0131n talebini yerinde g\u00f6rerek, \u0130\u00e7i\u015fleri Bakanl\u0131\u011f\u0131\u2019nca verilen \u2019i\u015fleme koymama\u2019 karar\u0131n\u0131 kald\u0131rd\u0131.<\/p>\n<p style=\"text-align: justify;\">Dan\u0131\u015ftay karar\u0131nda, Vali H\u00fcseyin Avni Mutlu hakk\u0131ndaki iddialar\u0131n ciddi bulgu ve belgelere dayand\u0131\u011f\u0131 kaydedildi. Dan\u0131\u015ftay, Mutlu hakk\u0131nda \u00f6n inceleme raporu d\u00fczenlenmesi ve yetkili merci taraf\u0131ndan s\u00f6z konusu \u00f6n inceleme raporu da g\u00f6z\u00f6n\u00fcnde bulundurululmak suretiyle soru\u015fturma izni verilmesine i\u00e7in \u0130\u00e7i\u015fleri Bakanl\u0131\u011f\u0131\u2019nca verilen, \u2019\u0130hbar ve \u015fikayetin i\u015fleme konulmamas\u0131na\u2019 ili\u015fkin karar\u0131n\u0131 6 May\u0131s 2010\u2019daki oturumda reddetti.<\/p>\n<p style=\"text-align: justify;\"><strong>DOSYAYI YARGITAY CUMHUR\u0130YET BA\u015eSAVCILI\u011eI\u2019NDA<\/strong><\/p>\n<p style=\"text-align: justify;\">Dan\u0131\u015ftay 1\u2019inci Dairesi\u2019nin bu karar\u0131ndan sonra \u0130\u00e7i\u015fleri Bakanl\u0131\u011f\u0131 eski Diyarbak\u0131r Valisi olan \u0130stanbul Valisi H\u00fcseyin Avni Mutlu hakk\u0131nda \u00f6n inceleme yap\u0131larak bu kez de \u2019soru\u015fturma izni verilmemesi\u2019 y\u00f6n\u00fcnde karar ald\u0131.<\/p>\n<p style=\"text-align: justify;\">Bir kez daha yap\u0131lan itiraz \u00fczerine Dan\u0131\u015ftay 1\u2019inci Dairesi, 2011\/279 karar say\u0131l\u0131 karar\u0131 ile bakanl\u0131\u011f\u0131n soru\u015fturmaya izin vermeyen karar\u0131n\u0131 oy birli\u011fi ile kald\u0131rd\u0131. Kararda, \u015f\u00f6yle denildi:<\/p>\n<p style=\"text-align: justify;\">&#8220;Dosyan\u0131n incelenmesinde Bismil k\u00fctl\u00fc pamuk, dane m\u0131s\u0131r, kanola ve soya fasulyesi pirim uygulamas\u0131 komisyonunun, 2007 ve 2008 y\u0131llar\u0131nda ald\u0131\u011f\u0131 kararlarla \u00fcreticiler hakk\u0131nda ceza yarg\u0131lamas\u0131 s\u00fcre\u00e7leri devam etmekteyken, us\u00fcls\u00fcz destekleme primi \u00f6dedikleri gerek\u00e7esiyle komisyon bo\u015fkanlar\u0131 ve \u00fcyeleri hakk\u0131nda 2009\/5219 esas say\u0131l\u0131 iddianame ile Diyarbak\u0131r A\u011f\u0131r Ceza Mahkemesi\u2019nin 2009\/334 say\u0131l\u0131 esas\u0131nda dava a\u00e7\u0131ld\u0131\u011f\u0131, komisyon ba\u015fkanl\u0131\u011f\u0131n\u0131n \u00f6demeye konu komisyon kararlar\u0131n\u0131n al\u0131nmas\u0131 s\u00fcrecinde Vali H\u00fcseyin Avni Mutlu\u2019nun talimatlar\u0131yla hareket ettikleri yolunda beyanlar\u0131n\u0131n bulundu\u011fu, dellilerin adli yarg\u0131 yerlerince de\u011ferlendirilmesinin yerinde olaca\u011f\u0131 bu itibarla ilgiliye isnad edilen eylemin hakk\u0131nda soru\u015fturma yap\u0131lmas\u0131n\u0131 gerektirecek nitelikte bulundu\u011fu anla\u015f\u0131ld\u0131\u011f\u0131ndan, itiraz\u0131n kabul\u00fc ile \u0130\u00e7i\u015fleri Bakanl\u0131\u011f\u0131\u2019n\u0131n 1.9.2010 tarih ve 2010\/306 say\u0131l\u0131 soru\u015fturma izni verilmemesine ili\u015fkin karar\u0131n kald\u0131r\u0131lmas\u0131na, dosyan\u0131n Yarg\u0131tay Cumhuriyet Ba\u015fsavc\u0131l\u0131\u011f\u0131\u2019na karar\u0131n\u0131n birer \u00f6rne\u011finin \u0130\u00e7i\u015fleri Bakanl\u0131\u011f\u0131 ile itiraz edenler vekiline g\u00f6nderilmesine, 15.2.2011 tarihinde oy birli\u011fi ile karar verildi.&#8221;<\/p>\n<p style=\"text-align: justify;\"><strong>&#8220;\u00d6DEME YAPMAZSANIZ S\u0130Z\u0130 KURTARAMAM&#8221;<\/strong><\/p>\n<p style=\"text-align: justify;\">Soru\u015fturma kapsam\u0131nda d\u00f6nemin Diyarbak\u0131r Vali Yard\u0131mc\u0131s\u0131 ve K\u00fctl\u00fc Pamuk Prim Komisyon Ba\u015fkan\u0131 \u015eefik Aytekin\u2019in ifadesi al\u0131nd\u0131. Aytekin, ifadesinde \u015funlar\u0131 s\u00f6yledi:<\/p>\n<p style=\"text-align: justify;\">&#8220;Vali H\u00fcseyin Avni Mutlu bana, bu paralar\u0131n bir an \u00f6nce \u00f6denmesi gerekti\u011fini, vatanda\u015flar\u0131n \u00e7ok ma\u011fdur oldu\u011funu, \u015fayet \u00f6demezsek vatanda\u015f\u0131n bizim hakk\u0131m\u0131zda dava a\u00e7aca\u011f\u0131n\u0131 ve kazan\u0131rsa bizden bu paralar\u0131 faiziyle r\u00fccu ettirece\u011finhi s\u00f6yledi. Vali Mutlu, \u2019Bu durumda ben sizleri savunamam ve kurtaramam. \u015eayet usuls\u00fcz \u00f6deme dahi olsa 6183 say\u0131l\u0131 Amme Alacaklar\u0131n\u0131n Tahsili Usul\u00fc Hakk\u0131ndaki Kanunun 51\u2019inci maddesine g\u00f6re hesaplanacak gecikme zamm\u0131 ile birlikte an\u0131lan kanun h\u00fck\u00fcmlerine g\u00f6re geri al\u0131n\u0131r. Devletin hi\u00e7 kimseden alaca\u011f\u0131 kalmaz\u2019 dedi.<\/p>\n<p style=\"text-align: justify;\">M\u00fclki idare amirleri 5442 say\u0131l\u0131 \u0130l \u0130daresi Kanunu\u2019na g\u00f6re valilere ba\u011fl\u0131 olup verilen emirlere uymak zorundad\u0131r. Say\u0131n valim ile yapt\u0131\u011f\u0131m bu g\u00f6r\u00fc\u015fmeden sonra Bismil k\u00fctl\u00fc pamuk, dane m\u0131s\u0131r, kanola ve soya fasulyesi pirim uygulama komisyonu \u00fcyeleri ile uzun s\u00fcre tart\u0131\u015ft\u0131k. Hatta bu i\u015flere bakan, Tar\u0131m ve K\u00f6yi\u015fleri Bakanl\u0131\u011f\u0131 ba\u015fm\u00fcfeti\u015fi Metin Suerdem ile telefonla g\u00f6r\u00fc\u015ft\u00fck. Bana mahkemenin serbest b\u0131rakt\u0131\u011f\u0131 vatanda\u015flar\u0131n paralar\u0131n\u0131n \u00f6denmesinde her hangi bir mahsurun olmad\u0131\u011f\u0131n\u0131 belirtti. Bunun \u00fczerine Bismil Sulh Ceza Mahkemesi\u2019nin karar\u0131na istinaden 325 ki\u015finin hesbaplar\u0131ndaki blokenin kald\u0131r\u0131lmas\u0131na karar verildi ve paralar\u0131 \u00f6dendi.&#8221;<\/p>\n<p style=\"text-align: justify;\"><a href=\"http:\/\/www.radikal.com.tr\/Radikal.aspx?aType=RadikalDetayV3&amp;ArticleID=1046275&amp;Date=15.04.2011&amp;CategoryID=77\" target=\"_blank\">Kaynak : Radikal<\/a><\/p>\n","protected":false},"excerpt":{"rendered":"<p style=\"text-align: center;\">\n<p style=\"text-align: justify;\">Yarg\u0131tay Cumhuriyet Ba\u015fsavc\u0131l\u0131\u011f\u0131, \u0130stanbul Valisi H\u00fcseyin Avni Mutlu&#8217;nun Diyarbak\u0131r Valisi olarak g\u00f6rev yapt\u0131\u011f\u0131 d\u00f6nemde hukuka ayk\u0131r\u0131 davrand\u0131\u011f\u0131 iddias\u0131yla soru\u015fturma ba\u015flatt\u0131.<\/p>\n","protected":false},"author":1,"featured_media":0,"comment_status":"open","ping_status":"closed","sticky":false,"template":"","format":"standard","meta":{"footnotes":""},"categories":[105],"tags":[],"class_list":["post-30571","post","type-post","status-publish","format-standard","hentry","category-gundem","odd"],"_links":{"self":[{"href":"http:\/\/www.korhanyilmaz.com\/index.php?rest_route=\/wp\/v2\/posts\/30571","targetHints":{"allow":["GET"]}}],"collection":[{"href":"http:\/\/www.korhanyilmaz.com\/index.php?rest_route=\/wp\/v2\/posts"}],"about":[{"href":"http:\/\/www.korhanyilmaz.com\/index.php?rest_route=\/wp\/v2\/types\/post"}],"author":[{"embeddable":true,"href":"http:\/\/www.korhanyilmaz.com\/index.php?rest_route=\/wp\/v2\/users\/1"}],"replies":[{"embeddable":true,"href":"http:\/\/www.korhanyilmaz.com\/index.php?rest_route=%2Fwp%2Fv2%2Fcomments&post=30571"}],"version-history":[{"count":0,"href":"http:\/\/www.korhanyilmaz.com\/index.php?rest_route=\/wp\/v2\/posts\/30571\/revisions"}],"wp:attachment":[{"href":"http:\/\/www.korhanyilmaz.com\/index.php?rest_route=%2Fwp%2Fv2%2Fmedia&parent=30571"}],"wp:term":[{"taxonomy":"category","embeddable":true,"href":"http:\/\/www.korhanyilmaz.com\/index.php?rest_route=%2Fwp%2Fv2%2Fcategories&post=30571"},{"taxonomy":"post_tag","embeddable":true,"href":"http:\/\/www.korhanyilmaz.com\/index.php?rest_route=%2Fwp%2Fv2%2Ftags&post=30571"}],"curies":[{"name":"wp","href":"https:\/\/api.w.org\/{rel}","templated":true}]}}