{"id":30562,"date":"2011-04-14T17:15:31","date_gmt":"2011-04-14T14:15:31","guid":{"rendered":"http:\/\/www.korhanyilmaz.com\/?p=30562"},"modified":"2011-04-14T17:15:31","modified_gmt":"2011-04-14T14:15:31","slug":"savci-sarikayaya-iade-i-itibar","status":"publish","type":"post","link":"http:\/\/www.korhanyilmaz.com\/?p=30562","title":{"rendered":"Savc\u0131 Sar\u0131kaya&#8217;ya iade-i itibar"},"content":{"rendered":"<div id=\"attachment_30563\" style=\"width: 291px\" class=\"wp-caption aligncenter\"><a title=\"Eski Van Cumhuriyet Savc\u0131s\u0131 Ferhat Sar\u0131kaya\" href=\"http:\/\/www.korhanyilmaz.com\/wp-content\/uploads\/2011\/04\/1181.jpg\"  class=\"lightview\"><img loading=\"lazy\" decoding=\"async\" aria-describedby=\"caption-attachment-30563\" class=\"size-full wp-image-30563 \" src=\"http:\/\/www.korhanyilmaz.com\/wp-content\/uploads\/2011\/04\/1181.jpg\" alt=\"\" width=\"281\" height=\"270\" \/><\/a><p id=\"caption-attachment-30563\" class=\"wp-caption-text\">Eski Van Cumhuriyet Savc\u0131s\u0131 Ferhat Sar\u0131kaya<\/p><\/div>\n<p style=\"text-align: justify;\">Hakimler ve Savc\u0131lar Y\u00fcksek Kurulu, (HSYK) hakim ve savc\u0131lar\u0131n disiplin soru\u015fturmalar\u0131n\u0131 g\u00f6r\u00fc\u015ferek, eski Van Cumhuriyet Savc\u0131s\u0131 Ferhat Sar\u0131kaya hakk\u0131ndaki meslekten ihra\u00e7 karar\u0131n\u0131 kald\u0131rd\u0131. <!--more--><\/p>\n<p style=\"text-align: justify;\">Sar\u0131kaya karar\u0131n kald\u0131r\u0131lmas\u0131n\u0131n ard\u0131ndan yapt\u0131\u011f\u0131 ilk a\u00e7\u0131klamada &#8220;Meslekten ihra\u00e7 karar\u0131n\u0131 kald\u0131ranlar\u0131n ellerine y\u00fcreklerine sa\u011fl\u0131k&#8221; ifadelerini kulland\u0131.<\/p>\n<p style=\"text-align: justify;\">HSYK, ayr\u0131ca Erzurum \u00d6zel Yetkili Cumhuriyet Savc\u0131s\u0131 Osman \u015eanal\u2019\u0131n da elinden al\u0131nan \u00f6zel yetkilerinin iade edilmesine karar verdi.<\/p>\n<p style=\"text-align: justify;\">ANKARA- Hakimler ve Savc\u0131lar Y\u00fcksek Kurulu, (HSYK) hakim ve savc\u0131lar\u0131n disiplin soru\u015fturmalar\u0131n\u0131 g\u00f6r\u00fc\u015ferek, eski Van Cumhuriyet Savc\u0131s\u0131 Ferhat Sar\u0131kaya hakk\u0131ndaki meslekten ihra\u00e7 karar\u0131n\u0131 kald\u0131rd\u0131. HSYK, ayr\u0131ca Erzurum \u00d6zel Yetkili Cumhuriyet Savc\u0131s\u0131 Osman \u015eanal\u2019\u0131n da elinden al\u0131nan \u00f6zel yetkilerinin iade edilmesine karar verdi.<\/p>\n<p style=\"text-align: justify;\">HSYK Genel Kurulu, Anayasa de\u011fi\u015fikli\u011finin ard\u0131ndan mesle\u011fe d\u00f6n\u00fc\u015f yolu a\u00e7\u0131lan h\u00e2kim ve savc\u0131lar\u0131n durumunu de\u011ferlendirmek i\u00e7in topland\u0131. Kurul, h\u00e2kim ve savc\u0131lar\u0131n, terfi, yeniden inceleme gibi taleplerini inceledi.<\/p>\n<p style=\"text-align: justify;\">Kurulda mesle\u011fe geri d\u00f6n\u00fc\u015f ba\u015fvurusunda bulunan 12 savc\u0131n\u0131n durumu masaya yat\u0131r\u0131ld\u0131. 12 savc\u0131dan 10\u2019unun talebinin reddedildi\u011fi \u00f6\u011frenildi.<\/p>\n<p style=\"text-align: justify;\">2005 \u015eemdinli olaylar\u0131 ile ilgili soru\u015fturmay\u0131 y\u00fcr\u00fcten eski Van Cumhuriyet Savc\u0131s\u0131 Ferhat Sar\u0131kaya, haz\u0131rlad\u0131\u011f\u0131 iddianamede d\u00f6nemin Kara Kuvvetleri Komutan\u0131 Orgeneral Ya\u015far B\u00fcy\u00fckan\u0131t, hakk\u0131nda, \u201cB\u00fcy\u00fckan\u0131t&#8217;\u0131n Diyarbak\u0131r 7. Kolordu Komutan\u0131 oldu\u011fu d\u00f6nemde su\u00e7 i\u015flemek i\u00e7in \u00e7ete kurmak\u201d iddialar\u0131n\u0131 ortaya atm\u0131\u015ft\u0131.<\/p>\n<p style=\"text-align: justify;\">Bu iddianamenin ard\u0131ndan Sar\u0131kaya hakk\u0131nda inceleme ba\u015flat\u0131lm\u0131\u015f ve HSYK meslekten ihra\u00e7 edilmesine karar vermi\u015fti. Kurul, bug\u00fcn yapt\u0131\u011f\u0131 toplant\u0131da Sar\u0131kaya\u2019n\u0131n durumunu masaya yat\u0131rd\u0131. Kurul, Savc\u0131s\u0131 Ferhat Sar\u0131kaya hakk\u0131ndaki meslekten ihra\u00e7 karar\u0131n\u0131 kald\u0131rd\u0131. Karar\u0131n oy \u00e7oklu\u011fu ile al\u0131nd\u0131\u011f\u0131 \u00f6\u011frenildi. \u015eimdi Sar\u0131kaya\u2019n\u0131n mesle\u011fe kabulle ilgili \u015fartlar\u0131n\u0131 yitirip yitirmedi\u011fi incelenecek. HSYK \u00f6n\u00fcm\u00fczdeki g\u00fcnlerde toplanarak, Sar\u0131kaya\u2019n\u0131n mesle\u011fe kabul edilip edilmeyece\u011fini netle\u015ftirecek.<\/p>\n<p style=\"text-align: justify;\">Meslekten ihra\u00e7 karar\u0131 kald\u0131r\u0131lan bir di\u011fer savc\u0131n\u0131n ise eski Diyarbak\u0131r Devlet G\u00fcvenlik Mahkemesi Savc\u0131s\u0131 H\u00fcseyin Alt\u0131n oldu\u011fu \u00f6\u011frenildi. Alt\u0131n, 68 ya\u015f\u0131nda oldu\u011fu i\u00e7in ya\u015f haddinden g\u00f6revine d\u00f6nemeyecek ancak istemesi durumunda avukatl\u0131k yapabilecek.<\/p>\n<p style=\"text-align: justify;\"><strong>\u015eANAL&#8217;IN YETK\u0130LER\u0130 \u0130ADE ED\u0130LD\u0130<\/strong><\/p>\n<p style=\"text-align: justify;\">HSYK, ayr\u0131ca eski Erzincan Cumhuriyet Ba\u015fsavc\u0131s\u0131 \u0130lhan Cihaner&#8217;in g\u00f6zalt\u0131na al\u0131nmas\u0131 \u00fczerine Ceza Muhakemesi Kanunu&#8217;nun (CMK) 250. maddesi kapsam\u0131ndaki yetkileri kald\u0131r\u0131lan Erzurum Ba\u015fsavc\u0131vekili Tar\u0131k G\u00fcr, cumhuriyet savc\u0131lar\u0131 Rasim Karakulluk\u00e7u, Mehmet Yaz\u0131c\u0131 ve Osman \u015eanal&#8217;\u0131n da \u00f6zel yetkilerinin iadesine karar verdi.<\/p>\n<p style=\"text-align: justify;\">Bu arada eski Erzurum \u00d6zel Yetkili Cumhuriyet Ba\u015fsavc\u0131vekili Tar\u0131k G\u00fcr&#8217;\u00fcn \u00f6zel yetkileri kald\u0131r\u0131ld\u0131ktan sonra ba\u015fka bir yere atamas\u0131 yap\u0131ld\u0131\u011f\u0131 i\u00e7in yeniden \u00f6zel yetkiyle g\u00f6revlendirilmedi.<\/p>\n<p style=\"text-align: justify;\">HSYK, \u015eemdinli olaylar\u0131yla ilgili iddianameyi haz\u0131rlayan Van Cumhuriyet Savc\u0131s\u0131 Ferhat Sar\u0131kaya&#8217;y\u0131 20 Nisan 2006 tarihinde Hakimler ve Savc\u0131lar Kanunu&#8217;nun 69. maddesinin son f\u0131kras\u0131na g\u00f6re 1&#8217;e kar\u015f\u0131 6 \u00fcyenin oyuyla meslekten ihra\u00e7 etmi\u015fti.<\/p>\n<p style=\"text-align: justify;\">Hakimler ve Savc\u0131lar Kanunu&#8217;nun &#8221;Meslekten \u00c7\u0131karma Cezas\u0131&#8221; ba\u015fl\u0131kl\u0131 69. maddesinin son f\u0131kras\u0131, &#8221;Disiplin cezas\u0131n\u0131n uygulanmas\u0131n\u0131 gerektiren fiil, su\u00e7 te\u015fkil etmezse ve h\u00fck\u00fcml\u00fcl\u00fc\u011f\u00fc gerektirmese bile mesle\u011fin \u015feref ve onurunu ve memuriyet n\u00fcfuz ve itibar\u0131n\u0131 bozacak nitelikte g\u00f6r\u00fcld\u00fc\u011f\u00fc takdirde de meslekten \u00e7\u0131karma cezas\u0131 verilir&#8221; h\u00fckm\u00fcn\u00fc i\u00e7eriyor.<\/p>\n<p style=\"text-align: justify;\"><a href=\"http:\/\/www.gazeteport.com.tr\/GUNCEL\/NEWS\/GP_887489\" target=\"_blank\">Kaynak : GAZETEPORT<\/a><\/p>\n","protected":false},"excerpt":{"rendered":"<p id=\"caption-attachment-30563\" class=\"wp-caption-text\">Eski Van Cumhuriyet Savc\u0131s\u0131 Ferhat Sar\u0131kaya<\/p>\n<p style=\"text-align: justify;\">Hakimler ve Savc\u0131lar Y\u00fcksek Kurulu, (HSYK) hakim ve savc\u0131lar\u0131n disiplin soru\u015fturmalar\u0131n\u0131 g\u00f6r\u00fc\u015ferek, eski Van Cumhuriyet Savc\u0131s\u0131 Ferhat Sar\u0131kaya hakk\u0131ndaki meslekten ihra\u00e7 karar\u0131n\u0131 kald\u0131rd\u0131. <\/p>\n","protected":false},"author":1,"featured_media":0,"comment_status":"open","ping_status":"closed","sticky":false,"template":"","format":"standard","meta":{"footnotes":""},"categories":[105],"tags":[],"class_list":["post-30562","post","type-post","status-publish","format-standard","hentry","category-gundem","odd"],"_links":{"self":[{"href":"http:\/\/www.korhanyilmaz.com\/index.php?rest_route=\/wp\/v2\/posts\/30562","targetHints":{"allow":["GET"]}}],"collection":[{"href":"http:\/\/www.korhanyilmaz.com\/index.php?rest_route=\/wp\/v2\/posts"}],"about":[{"href":"http:\/\/www.korhanyilmaz.com\/index.php?rest_route=\/wp\/v2\/types\/post"}],"author":[{"embeddable":true,"href":"http:\/\/www.korhanyilmaz.com\/index.php?rest_route=\/wp\/v2\/users\/1"}],"replies":[{"embeddable":true,"href":"http:\/\/www.korhanyilmaz.com\/index.php?rest_route=%2Fwp%2Fv2%2Fcomments&post=30562"}],"version-history":[{"count":0,"href":"http:\/\/www.korhanyilmaz.com\/index.php?rest_route=\/wp\/v2\/posts\/30562\/revisions"}],"wp:attachment":[{"href":"http:\/\/www.korhanyilmaz.com\/index.php?rest_route=%2Fwp%2Fv2%2Fmedia&parent=30562"}],"wp:term":[{"taxonomy":"category","embeddable":true,"href":"http:\/\/www.korhanyilmaz.com\/index.php?rest_route=%2Fwp%2Fv2%2Fcategories&post=30562"},{"taxonomy":"post_tag","embeddable":true,"href":"http:\/\/www.korhanyilmaz.com\/index.php?rest_route=%2Fwp%2Fv2%2Ftags&post=30562"}],"curies":[{"name":"wp","href":"https:\/\/api.w.org\/{rel}","templated":true}]}}