{"id":30558,"date":"2011-04-14T18:28:21","date_gmt":"2011-04-14T15:28:21","guid":{"rendered":"http:\/\/www.korhanyilmaz.com\/?p=30558"},"modified":"2011-04-14T18:28:21","modified_gmt":"2011-04-14T15:28:21","slug":"polis-itti-fenalasti","status":"publish","type":"post","link":"http:\/\/www.korhanyilmaz.com\/?p=30558","title":{"rendered":"&#8220;Polis itti, fenala\u015ft\u0131&#8221;"},"content":{"rendered":"<p style=\"text-align: justify;\"><a href=\"http:\/\/www.korhanyilmaz.com\/wp-content\/uploads\/2011\/04\/1171.jpg\"  class=\"lightview\"><img loading=\"lazy\" decoding=\"async\" class=\"aligncenter size-full wp-image-30559\" src=\"http:\/\/www.korhanyilmaz.com\/wp-content\/uploads\/2011\/04\/1171.jpg\" alt=\"\" width=\"413\" height=\"220\" \/><\/a><\/p>\n<p style=\"text-align: justify;\">Oyuncu Peker A\u00e7\u0131kal\u0131n, k\u0131z\u0131n\u0131n okulunda bir trafik polisiyle tart\u0131\u015ft\u0131ktan sonra fenala\u015ft\u0131. Hastaneye geldi\u011finde kalbi durmu\u015f olan sanat\u00e7\u0131 \u015fokla hayata geri d\u00f6nd\u00fc.<\/p>\n<p style=\"text-align: justify;\">Olaya tan\u0131k olan okul m\u00fcd\u00fcr\u00fc, polisin A\u00e7\u0131kal\u0131n&#8217;\u0131 eliyle itti\u011fini ve hastaneye kald\u0131r\u0131lmas\u0131 s\u0131ras\u0131nda yolu bo\u015faltmayarak g\u00fc\u00e7l\u00fck \u00e7\u0131kard\u0131\u011f\u0131n\u0131 s\u00f6yledi.<!--more--><\/p>\n<p style=\"text-align: justify;\">\u0130STANBUL-Tiyatro ve sinema sanat\u00e7\u0131s\u0131 Peker A\u00e7\u0131kal\u0131n bir tart\u0131\u015fma s\u0131ras\u0131nda fenala\u015f\u0131p d\u00fc\u015ft\u00fc. Peker A\u00e7\u0131kal\u0131n&#8217;\u0131n g\u00f6t\u00fcr\u00fcld\u00fc\u011f\u00fc hastane, &#8220;Solunumu ve dola\u015f\u0131m\u0131 yoktu, tansiyonu al\u0131nam\u0131yordu. Kalp ve solunum canland\u0131rma i\u015flemi (CPR)&#8217;ne ba\u015fland\u0131. Yap\u0131lan uzun m\u00fcdahale s\u0131ras\u0131nda kalbi birka\u00e7 kez durdu ve elektro\u015fokla geri d\u00f6nd\u00fcr\u00fcld\u00fc&#8221; denildi.<\/p>\n<p style=\"text-align: justify;\">Sanat\u00e7\u0131 Peker A\u00e7\u0131kal\u0131n bug\u00fcn bir hen\u00fcz ayr\u0131nt\u0131lar\u0131 bilinmeyen bir tart\u0131\u015fma sonucu fenala\u015f\u0131p hastaneye kald\u0131r\u0131ld\u0131. Sanat\u00e7\u0131n\u0131n g\u00f6t\u00fcr\u00fcld\u00fc\u011f\u00fc hastaneden yap\u0131lan yaz\u0131l\u0131 a\u00e7\u0131klamada \u015f\u00f6yle denildi:<\/p>\n<p style=\"text-align: justify;\">&#8220;Hastam\u0131z Peker A\u00e7\u0131kal\u0131n bir tart\u0131\u015fma sonras\u0131 fenala\u015f\u0131p d\u00fc\u015ft\u00fc\u011f\u00fc ifadesi ile \u00f6zel ara\u00e7 ile hastanemiz Kad\u0131k\u00f6y \u015eifa Kad\u0131k\u00f6y Hastanesi Acil servisine getirildi. \u0130lk muayenesinde solunumu ve dola\u015f\u0131m\u0131 yoktu, tansiyonu al\u0131nam\u0131yordu. Siyonoze idi, monitorize edildi. Ventrik\u00fcler fibrilasyon da oldu\u011fu tespit edildi. Mavi kod verilip kalp ve solunum canland\u0131rma i\u015flemi (CPR)\u2018ne ba\u015fland\u0131.<\/p>\n<p style=\"text-align: justify;\">Saat 15.08. Yap\u0131lan uzun m\u00fcdahale s\u0131ras\u0131nda kalbi birka\u00e7 kez durdu ve elektro\u015fokla geri d\u00f6nd\u00fcr\u00fcld\u00fc. M\u00fcdahale s\u0131ras\u0131nda daha \u00f6nceki hastal\u0131\u011f\u0131 hakk\u0131nda kardiyolo\u011fundan bilgi al\u0131nd\u0131. Yap\u0131lan m\u00fcdahale ve tetkikler s\u0131ras\u0131nda miyokard enfakt\u00fcs\u00fc ge\u00e7irdi\u011fi anla\u015f\u0131ld\u0131. Acil koroner angiografi gerekti\u011fi d\u00fc\u015f\u00fcn\u00fcld\u00fc\u011f\u00fcnden Ko\u015fuyolu Kalp Damar Cerrahisi Hastanesi ile g\u00f6r\u00fc\u015f\u00fcld\u00fc. Gerekli m\u00fcdahalenin yap\u0131labilmesi i\u00e7in Kad\u0131k\u00f6y \u015eifa Kad\u0131k\u00f6y Hastanesi kardiyolo\u011fu e\u015fli\u011finde ambulans\u0131m\u0131zla sevk edildi.<\/p>\n<p style=\"text-align: justify;\"><strong>POL\u0130SLE TARTI\u015eINCA FENALA\u015eTI<\/strong><\/p>\n<p style=\"text-align: justify;\">\u00d6zel Modafen \u0130lk\u00f6\u011fretim okulu m\u00fcd\u00fcr\u00fc Mehmet Durak, olay an\u0131n\u0131 \u015f\u00f6yle anlatt\u0131:<\/p>\n<p style=\"text-align: justify;\">\u201cPeker Bey 4. s\u0131n\u0131fta okuyan k\u0131z\u0131 \u015eeker\u2019le yar\u0131n (bug\u00fcn) Fransa\u2019ya okul gezisine gidecekti. Bununla ilgili bilgi almak i\u00e7in okula geldi. K\u0131z\u0131 \u015eeker gezi var diye okula gelmemi\u015fti. Okulun bah\u00e7esinde Peker Bey\u2019le sohbet ediyorduk. Milletvekili adayl\u0131\u011f\u0131ndan, okul gezisinin detaylar\u0131na kadar her \u015feyi konu\u015fuyorduk. Tam o s\u0131rada bir trafik polisinin okulun kap\u0131s\u0131n\u0131n \u00f6n\u00fcnde duran bir velinin arac\u0131n\u0131 \u00e7ekmek i\u00e7in i\u015flem ba\u015flatt\u0131\u011f\u0131n\u0131 duyduk. Peker Bey hemen ko\u015farak d\u0131\u015far\u0131ya \u00e7\u0131kt\u0131 ve orta boylu, 28 ya\u015flar\u0131nda olan trafik polisinin yan\u0131na gitti. Biz de onlar\u0131n yan\u0131na do\u011fru y\u00f6neldik.\u201d<\/p>\n<p style=\"text-align: justify;\"><strong>EL\u0130YLE \u0130TT\u0130 BAYILDI<\/strong><\/p>\n<p style=\"text-align: justify;\">\u201cPolisin Peker Bey\u2019e \u2018Artislik yapma\u2019 gibi s\u00f6zler s\u00f6yledi\u011fini duydum. Bir ba\u011fr\u0131\u015f \u00e7a\u011fr\u0131\u015f oldu ve k\u0131sa s\u00fcre sonra o polisin Peker Bey\u2019i eliyle itti\u011fini g\u00f6rd\u00fcm. Peker Bey eliyle kalbini tutarak okulun bah\u00e7esine do\u011fru ko\u015ftu ve \u2018Mehmet Amca ben k\u00f6t\u00fcy\u00fcm, hemen ambulans \u00e7a\u011f\u0131r\u0131n\u2019 dedikten sonra yere y\u0131\u011f\u0131ld\u0131. Bu onun oradaki son s\u00f6zleriydi, sonra bay\u0131ld\u0131. Onun kalp rahats\u0131zl\u0131\u011f\u0131n\u0131 bildi\u011fim i\u00e7in hemen mesle\u011fi eczac\u0131l\u0131k olan bir veliyi \u00e7a\u011f\u0131rd\u0131m.<\/p>\n<p style=\"text-align: justify;\">Peker Bey\u2019i hemen yere yat\u0131rd\u0131. Bu s\u0131rada iki tane \u00e7ekici arabas\u0131 gelmi\u015fti, okul yolunda bir trafik olu\u015ftu. Polisin yan\u0131na gittim; \u201cO\u011flum hemen ambulans \u00e7a\u011f\u0131r\u0131n, rica ediyorum adam i\u00e7eride \u00f6l\u00fcyor, bak sonra \u00e7ok \u00fcz\u00fcl\u00fcrs\u00fcn, trafi\u011fi a\u00e7\u201d dedim. O da bana \u201c\u015eurada amirim duruyor onunla konu\u015fun, i\u015f hallolur\u201d dedi. G\u00f6sterdi\u011fi sivil giyimli ki\u015finin yan\u0131na gittim \u201cAmirim i\u00e7eride adam \u00f6l\u00fcyor\u201d deyince o da bana \u201cBen amir falan de\u011filim\u201d diye kar\u015f\u0131l\u0131k verdi.<\/p>\n<p style=\"text-align: justify;\"><strong>POL\u0130SE YALVARDIK<\/strong><\/p>\n<p style=\"text-align: justify;\">O polis bir de asayi\u015fe haber vermi\u015f, burada \u2018kar\u0131\u015f\u0131l\u0131k var\u2019 diye. Ambulans\u0131 bizim sekreter \u00e7a\u011f\u0131rd\u0131 ama \u00e7ekici y\u00fcz\u00fcnden yola giremedi. Herkes, ya\u015fl\u0131 ba\u015fl\u0131 insanlar o polise yalvard\u0131k \u201cNe olur \u00e7ekiciyi \u015furadan al da yola ambulans girsin\u201d diye. Ama o arabay\u0131 \u00e7ekmeye devam ediyordu. Polise \u201cO\u011flum ben tecr\u00fcbeliyim yapma adama bir \u015fey olursa ba\u015f\u0131na bela al\u0131rs\u0131n\u201d dedim. Ad\u0131n\u0131, soyad\u0131n\u0131, numaras\u0131n\u0131 soruyorum bana \u2018Trafik polisiyim\u2019 diye cevap veriyordu. Eczac\u0131 han\u0131m Peker Bey\u2019in nabz\u0131n\u0131n \u00e7ok yava\u015f att\u0131\u011f\u0131n\u0131 s\u00f6yleyip \u2018adam gidiyor\u2019 deyince Peker Bey\u2019i benim \u00f6zel arabama karga tulumba bindirdik. Ben 65 ya\u015f\u0131nday\u0131m ilk kez bir insan\u0131 (Peker A\u00e7\u0131kal\u0131n) o halde g\u00f6rd\u00fcm. \u00c7ok k\u00f6t\u00fcyd\u00fc.\u201d<\/p>\n<p style=\"text-align: justify;\"><a href=\"http:\/\/www.gazeteport.com.tr\/GUNCEL\/NEWS\/GP_887513\" target=\"_blank\">Kaynak : GAZETEPORT<\/a><\/p>\n","protected":false},"excerpt":{"rendered":"<p style=\"text-align: justify;\">\n<p style=\"text-align: justify;\">Oyuncu Peker A\u00e7\u0131kal\u0131n, k\u0131z\u0131n\u0131n okulunda bir trafik polisiyle tart\u0131\u015ft\u0131ktan sonra fenala\u015ft\u0131. Hastaneye geldi\u011finde kalbi durmu\u015f olan sanat\u00e7\u0131 \u015fokla hayata geri d\u00f6nd\u00fc.<\/p>\n<p style=\"text-align: justify;\">Olaya tan\u0131k olan okul m\u00fcd\u00fcr\u00fc, polisin A\u00e7\u0131kal\u0131n&#8217;\u0131 eliyle itti\u011fini ve hastaneye kald\u0131r\u0131lmas\u0131 s\u0131ras\u0131nda yolu bo\u015faltmayarak g\u00fc\u00e7l\u00fck \u00e7\u0131kard\u0131\u011f\u0131n\u0131 s\u00f6yledi.<\/p>\n","protected":false},"author":1,"featured_media":0,"comment_status":"open","ping_status":"closed","sticky":false,"template":"","format":"standard","meta":{"footnotes":""},"categories":[105],"tags":[],"class_list":["post-30558","post","type-post","status-publish","format-standard","hentry","category-gundem","odd"],"_links":{"self":[{"href":"http:\/\/www.korhanyilmaz.com\/index.php?rest_route=\/wp\/v2\/posts\/30558","targetHints":{"allow":["GET"]}}],"collection":[{"href":"http:\/\/www.korhanyilmaz.com\/index.php?rest_route=\/wp\/v2\/posts"}],"about":[{"href":"http:\/\/www.korhanyilmaz.com\/index.php?rest_route=\/wp\/v2\/types\/post"}],"author":[{"embeddable":true,"href":"http:\/\/www.korhanyilmaz.com\/index.php?rest_route=\/wp\/v2\/users\/1"}],"replies":[{"embeddable":true,"href":"http:\/\/www.korhanyilmaz.com\/index.php?rest_route=%2Fwp%2Fv2%2Fcomments&post=30558"}],"version-history":[{"count":0,"href":"http:\/\/www.korhanyilmaz.com\/index.php?rest_route=\/wp\/v2\/posts\/30558\/revisions"}],"wp:attachment":[{"href":"http:\/\/www.korhanyilmaz.com\/index.php?rest_route=%2Fwp%2Fv2%2Fmedia&parent=30558"}],"wp:term":[{"taxonomy":"category","embeddable":true,"href":"http:\/\/www.korhanyilmaz.com\/index.php?rest_route=%2Fwp%2Fv2%2Fcategories&post=30558"},{"taxonomy":"post_tag","embeddable":true,"href":"http:\/\/www.korhanyilmaz.com\/index.php?rest_route=%2Fwp%2Fv2%2Ftags&post=30558"}],"curies":[{"name":"wp","href":"https:\/\/api.w.org\/{rel}","templated":true}]}}