{"id":30534,"date":"2011-04-14T15:19:53","date_gmt":"2011-04-14T12:19:53","guid":{"rendered":"http:\/\/www.korhanyilmaz.com\/?p=30534"},"modified":"2011-04-14T15:19:53","modified_gmt":"2011-04-14T12:19:53","slug":"aybastida-buyuk-yolsuzluk-iddiasi","status":"publish","type":"post","link":"http:\/\/www.korhanyilmaz.com\/?p=30534","title":{"rendered":"Aybast\u0131&#8217;da b\u00fcy\u00fck yolsuzluk iddias\u0131"},"content":{"rendered":"<p style=\"text-align: justify;\"><a href=\"http:\/\/www.korhanyilmaz.com\/wp-content\/uploads\/2011\/04\/1151.jpg\"  class=\"lightview\"><img loading=\"lazy\" decoding=\"async\" class=\"aligncenter size-full wp-image-30535\" src=\"http:\/\/www.korhanyilmaz.com\/wp-content\/uploads\/2011\/04\/1151.jpg\" alt=\"\" width=\"414\" height=\"221\" \/><\/a><\/p>\n<p style=\"text-align: justify;\">CHP&#8217;li Atilla Kart, Ordu Aybast\u0131&#8217;da AKP&#8217;li vekiller ve TOK\u0130&#8217;nin de bilgisi dahilinde bir b\u00fcy\u00fck yolsuzluk yap\u0131ld\u0131\u011f\u0131n\u0131 iddia etti. Kart, &#8220;Elimizde milletvekili-belediye ba\u015fkan\u0131-i\u015fadam\u0131 aras\u0131nda para al\u0131\u015fveri\u015fi i\u00e7eren g\u00f6r\u00fcnt\u00fcler var&#8221; dedi.<!--more--><\/p>\n<p style=\"text-align: justify;\">TBMM- CHP Konya Milletvekili Atilla Kart, Ordu Aybast\u0131&#8217;da yolsuzluk yap\u0131ld\u0131\u011f\u0131na dair ellerinde baz\u0131 kaset ve belgeler bulundu\u011funu, bu konuda su\u00e7 duyurusunda bulunacaklar\u0131n\u0131 bildirdi.<\/p>\n<p style=\"text-align: justify;\">Kart, CHP Genel Ba\u015fkan Yard\u0131mc\u0131s\u0131 S\u00fcheyl Batum ile TBMM&#8217;de d\u00fczenledi\u011fi bas\u0131n toplant\u0131s\u0131nda, Ordu&#8217;da Batum ve Bart\u0131n Milletvekili R\u0131za Yal\u00e7\u0131nkaya ile parti \u00e7al\u0131\u015fmas\u0131 yapt\u0131klar\u0131 s\u0131rada yolsuzluk iddias\u0131na ili\u015fkin kaset ve belgelerin ellerine ge\u00e7ti\u011fini s\u00f6yledi.<\/p>\n<p style=\"text-align: justify;\">S\u00f6yleyeceklerinin bas\u0131n toplant\u0131s\u0131na kat\u0131lmayan Yal\u00e7\u0131nkaya&#8217;n\u0131n da g\u00f6r\u00fc\u015f ve d\u00fc\u015f\u00fcncelerini i\u00e7erdi\u011fini kaydeden Kart, ellerindeki kasette Aybast\u0131&#8217;da &#8221;milletvekili, belediye ba\u015fkan\u0131 ve i\u015fadam\u0131&#8221; aras\u0131nda para al\u0131\u015fveri\u015fi i\u00e7eren g\u00f6r\u00fcnt\u00fclerin yer ald\u0131\u011f\u0131n\u0131 belirtti.<\/p>\n<p style=\"text-align: justify;\"><strong>&#8220;ORDU M\u0130LLETVEK\u0130LLER\u0130N\u0130N HABER\u0130 VAR AMA&#8230;&#8221;<\/strong><\/p>\n<p style=\"text-align: justify;\">Ordu&#8217;da yerel bas\u0131nda dolayl\u0131 olarak dillendirilen olay\u0131n \u00fczerine hi\u00e7 kimsenin gitmedi\u011fini, idari ve adli mercilerin harekete ge\u00e7medi\u011fini kaydeden Kart, AK Parti Ordu milletvekillerinin t\u00fcm\u00fcn\u00fc hedef almad\u0131klar\u0131n\u0131, ancak bu milletvekillerinin olaydan haberdar olduklar\u0131n\u0131n anla\u015f\u0131ld\u0131\u011f\u0131n\u0131 s\u00f6yledi.<\/p>\n<p style=\"text-align: justify;\">Kart, &#8221;Olayda dahli olmayan AKP milletvekillerinin kendi hukuklar\u0131 ad\u0131na \u00fcstlerine d\u00fc\u015fen g\u00f6revi yapmalar\u0131 gerekir. Bu anlamda olayda dahli olmayan AKP Ordu milletvekillerini g\u00f6reve davet ediyoruz&#8221; dedi.<\/p>\n<p style=\"text-align: justify;\">Ortaya \u00e7\u0131kan bulgulara ra\u011fmen 6 ayd\u0131r, milletvekili, i\u015fadam\u0131 ve belediye ba\u015fkan\u0131 hakk\u0131nda idari ve adli s\u00fcrecin neden ba\u015flat\u0131lmad\u0131\u011f\u0131n\u0131 soran Kart, \u015f\u00f6yle devam etti:<\/p>\n<p style=\"text-align: justify;\"><strong>&#8220;TOK\u0130 Y\u00d6NET\u0130M\u0130 BU OLAYIN NERES\u0130NDED\u0130R?&#8221;<\/strong><\/p>\n<p style=\"text-align: justify;\">&#8221;Olay neden s\u00fcmenalt\u0131 edilmektedir? Belediye ba\u015fkan\u0131 neden hala g\u00f6revde tutulmaktad\u0131r? A\u00e7\u0131\u011fa alma i\u015flemi neden uygulanmamaktad\u0131r? Adli s\u00fcre\u00e7 neden ba\u015flat\u0131lmamaktad\u0131r? Milletvekili hakk\u0131nda s\u00fcre\u00e7 neden i\u015fletilmemektedir? Varsa TOK\u0130 idaresinin olaydaki dahli nedir? Neden ara\u015ft\u0131r\u0131lamamaktad\u0131r? TOK\u0130 y\u00f6netimi bu olay\u0131n neresindedir? Mevzuat olarak b\u00f6ylesine ihtilafl\u0131 olan bir yaylan\u0131n ihalesi nas\u0131l yap\u0131labilmi\u015ftir? Do\u011fa harikas\u0131 bu yayla \u00e7\u0131kar ili\u015fkileri u\u011fruna nas\u0131l katledilir? Bu sorular\u0131n cevaplar\u0131n\u0131n idari ve adli zeminde ara\u015ft\u0131r\u0131lmas\u0131 gerekir. Burada hi\u00e7 kimseyi mahkum etmiyoruz. Biz yarg\u0131 mercii de\u011filiz, ama \u015fu bulgulara ra\u011fmen devlet, h\u00fck\u00fcmet neden seyreder? Devletin idari ve adli mekanizmalar\u0131 neden i\u015fletilmez? Bunu sorguluyoruz.&#8221;<\/p>\n<p style=\"text-align: justify;\">Mevcut iktidar ile birlikte &#8221;rant mekanizmas\u0131 a\u011f\u0131n\u0131n&#8221; kurumsal hale geldi\u011fini, bu t\u00fcr bir iklimin yarat\u0131ld\u0131\u011f\u0131n\u0131 \u00f6ne s\u00fcren Kart, &#8221;Bu tablo AKP y\u00f6netim anlay\u0131\u015f\u0131n\u0131n ka\u00e7\u0131n\u0131lmaz sonucudur&#8221; g\u00f6r\u00fc\u015f\u00fcn\u00fc dile getirdi.<\/p>\n<p style=\"text-align: justify;\"><strong>&#8221;BA\u015eBAKAN&#8217;A DA ULA\u015eTIRACA\u011eIZ&#8221;<\/strong><\/p>\n<p style=\"text-align: justify;\">Kart, bir soru \u00fczerine, Belediye Ba\u015fkan\u0131 ile ilgili \u0130\u00e7i\u015fleri Bakanl\u0131\u011f\u0131na, milletvekilini de i\u00e7erecek \u015fekilde olay\u0131n b\u00fct\u00fcn\u00fcyle ilgili olarak da Aybast\u0131 Cumhuriyet Ba\u015fsavc\u0131l\u0131\u011f\u0131na su\u00e7 duyurusunda bulunacaklar\u0131n\u0131 bildirdi.<\/p>\n<p style=\"text-align: justify;\">Kart, kaset ve kaseti do\u011frulayan di\u011fer bulgular\u0131 Ba\u015fbakan Recep Tayyip Erdo\u011fan&#8217;a ula\u015ft\u0131racaklar\u0131n\u0131 da kaydetti.<\/p>\n<p style=\"text-align: justify;\">Israrl\u0131 sorulara kar\u015f\u0131n milletvekilinin ad\u0131n\u0131 a\u00e7\u0131klamayan Kart, AK Parti&#8217;nin mevcut 5 Ordu milletvekilinden 4&#8217;\u00fcn\u00fcn listeye giremedi\u011fini belirterek, s\u00f6z konusu milletvekilinin listeye al\u0131nmayanlar aras\u0131nda oldu\u011funu s\u00f6ylemekle yetindi. Kart, olayda dahli olmayan milletvekillerinin de en az kendileri kadar gayret g\u00f6stermeleri gerekti\u011fini belirtti.<\/p>\n<p style=\"text-align: justify;\">Batum da titiz bir ara\u015ft\u0131rma yapt\u0131klar\u0131n\u0131, bir al\u0131\u015fveri\u015f meselesi oldu\u011funa kanaat getirdiklerini belirterek, &#8221;Amac\u0131m\u0131z yarg\u0131s\u0131z infaz de\u011fil. Belgeleri veriyoruz. K\u00fc\u00e7\u00fck bir ara\u015ft\u0131rmaya b\u00fct\u00fcn gazeteciler bunun belgelerine rahatl\u0131kla ula\u015f\u0131r&#8221; dedi.<\/p>\n<p style=\"text-align: justify;\"><a href=\"http:\/\/www.gazeteport.com.tr\/SIYASET\/NEWS\/GP_887354\" target=\"_blank\">Kaynak : GAZETEPORT<\/a><\/p>\n","protected":false},"excerpt":{"rendered":"<p style=\"text-align: justify;\">\n<p style=\"text-align: justify;\">CHP&#8217;li Atilla Kart, Ordu Aybast\u0131&#8217;da AKP&#8217;li vekiller ve TOK\u0130&#8217;nin de bilgisi dahilinde bir b\u00fcy\u00fck yolsuzluk yap\u0131ld\u0131\u011f\u0131n\u0131 iddia etti. Kart, &#8220;Elimizde milletvekili-belediye ba\u015fkan\u0131-i\u015fadam\u0131 aras\u0131nda para al\u0131\u015fveri\u015fi i\u00e7eren g\u00f6r\u00fcnt\u00fcler var&#8221; dedi.<\/p>\n","protected":false},"author":1,"featured_media":0,"comment_status":"open","ping_status":"closed","sticky":false,"template":"","format":"standard","meta":{"footnotes":""},"categories":[105],"tags":[],"class_list":["post-30534","post","type-post","status-publish","format-standard","hentry","category-gundem","odd"],"_links":{"self":[{"href":"http:\/\/www.korhanyilmaz.com\/index.php?rest_route=\/wp\/v2\/posts\/30534","targetHints":{"allow":["GET"]}}],"collection":[{"href":"http:\/\/www.korhanyilmaz.com\/index.php?rest_route=\/wp\/v2\/posts"}],"about":[{"href":"http:\/\/www.korhanyilmaz.com\/index.php?rest_route=\/wp\/v2\/types\/post"}],"author":[{"embeddable":true,"href":"http:\/\/www.korhanyilmaz.com\/index.php?rest_route=\/wp\/v2\/users\/1"}],"replies":[{"embeddable":true,"href":"http:\/\/www.korhanyilmaz.com\/index.php?rest_route=%2Fwp%2Fv2%2Fcomments&post=30534"}],"version-history":[{"count":0,"href":"http:\/\/www.korhanyilmaz.com\/index.php?rest_route=\/wp\/v2\/posts\/30534\/revisions"}],"wp:attachment":[{"href":"http:\/\/www.korhanyilmaz.com\/index.php?rest_route=%2Fwp%2Fv2%2Fmedia&parent=30534"}],"wp:term":[{"taxonomy":"category","embeddable":true,"href":"http:\/\/www.korhanyilmaz.com\/index.php?rest_route=%2Fwp%2Fv2%2Fcategories&post=30534"},{"taxonomy":"post_tag","embeddable":true,"href":"http:\/\/www.korhanyilmaz.com\/index.php?rest_route=%2Fwp%2Fv2%2Ftags&post=30534"}],"curies":[{"name":"wp","href":"https:\/\/api.w.org\/{rel}","templated":true}]}}