{"id":30530,"date":"2011-04-14T13:40:27","date_gmt":"2011-04-14T10:40:27","guid":{"rendered":"http:\/\/www.korhanyilmaz.com\/?p=30530"},"modified":"2011-04-14T13:40:27","modified_gmt":"2011-04-14T10:40:27","slug":"buyukanittan-tskya-balyoz-destegi","status":"publish","type":"post","link":"http:\/\/www.korhanyilmaz.com\/?p=30530","title":{"rendered":"B\u00fcy\u00fckan\u0131t&#8217;tan TSK&#8217;ya &#8220;Balyoz&#8221; deste\u011fi"},"content":{"rendered":"<p style=\"text-align: justify;\"><a href=\"http:\/\/www.korhanyilmaz.com\/wp-content\/uploads\/2011\/04\/1141.jpg\"  class=\"lightview\"><img loading=\"lazy\" decoding=\"async\" class=\"aligncenter size-full wp-image-30531\" src=\"http:\/\/www.korhanyilmaz.com\/wp-content\/uploads\/2011\/04\/1141.jpg\" alt=\"\" width=\"292\" height=\"233\" \/><\/a><\/p>\n<p style=\"text-align: justify;\">T\u00fcrk Silahl\u0131 Kuvvetleri&#8217;nin tart\u0131\u015fma yaratan &#8220;Balyoz davas\u0131nda 163 askerin tutukluluk halini anlayam\u0131yoruz&#8221; a\u00e7\u0131klamas\u0131, eski Genelkurmay Ba\u015fkan\u0131 Ya\u015far B\u00fcy\u00fckan\u0131t&#8217;a da soruldu. B\u00fcy\u00fckan\u0131t, a\u00e7\u0131klamadaki \u00fcslubu yanl\u0131\u015f bulmad\u0131\u011f\u0131n\u0131 s\u00f6yledi; &#8220;Demek ki bir hassasiyet duydular ki s\u00f6ylediler&#8221; dedi. B\u00fcy\u00fckan\u0131t&#8217;a g\u00f6re, 163 askerin tutuklulu\u011fu, TSK&#8217;n\u0131n i\u015fleyi\u015fini olumsuz etkiliyor.<!--more--><\/p>\n<p style=\"text-align: justify;\">&nbsp;<\/p>\n<p style=\"text-align: justify;\">Eski Genelkurmay Ba\u015fkan\u0131 B\u00fcy\u00fckan\u0131t, Beykent \u00dcniversitesi&#8217;nde kat\u0131ld\u0131\u011f\u0131 toplant\u0131 sonras\u0131 gazetecilerin sorular\u0131n\u0131 yan\u0131tlad\u0131.<\/p>\n<p style=\"text-align: justify;\">B\u00fcy\u00fckan\u0131t, T\u00fcrk Silahl\u0131 Kuvvetleri&#8217;nin &#8220;Balyoz&#8221; a\u00e7\u0131klama\u0131yla ilgili olarak, emekli bir asker oldu\u011funu ve Genelkurmay ad\u0131na herhangi bir \u015fey s\u00f6ylemeye hakk\u0131 olmad\u0131\u011f\u0131n\u0131 belirtti.<\/p>\n<p style=\"text-align: justify;\">B\u00fcy\u00fckan\u0131t, &#8220;O takdir Genelkurmay&#8217;\u0131nd\u0131r. Ben de izliyorum. Demek ki bir hassasiyet duydular ki s\u00f6ylediler. \u00c7\u00fcnk\u00fc bir\u00e7ok hizmette olan asker tutuklu. Bu tabii onlar\u0131n \u00f6zl\u00fck haklar\u0131na da engel oluyor, terfilerine engel oluyor, TSK&#8217;n\u0131n i\u015fleyi\u015fine say\u0131sal olarak tabii ki olumsuz etki yap\u0131yor. Herhalde bu hassasiyete girecek. Bunu hukukun d\u0131\u015f\u0131na \u00e7\u0131kan bir \u00fcslup olarak g\u00f6rm\u00fcyorum. Onu da vurgulam\u0131\u015flar zaten. \u00d6yle bir ihtiya\u00e7tan kaynakland\u0131\u011f\u0131n\u0131 bir emekli asker olarak sizler gibi ben de bas\u0131ndan okudum. De\u011ferlendiriyorum&#8221; dedi.<\/p>\n<p style=\"text-align: justify;\">Ba\u015fbakan Erdo\u011fan&#8217;\u0131n, &#8220;Balyoz&#8221; davas\u0131na ili\u015fkin TSK&#8217;n\u0131n sitesinden yap\u0131lan a\u00e7\u0131klamaya ili\u015fkin a\u00e7\u0131klamas\u0131 da sorulan B\u00fcy\u00fckan\u0131t, &#8220;O da Ba\u015fbakan&#8217;\u0131n takdiri. Ba\u015fbakan \u00f6yle de\u011ferlendirmi\u015f. Ona yapaca\u011f\u0131m bir yorum yok&#8221; diye konu\u015ftu.<\/p>\n<p style=\"text-align: justify;\">Ya\u015far B\u00fcy\u00fckan\u0131t, &#8220;Balyoz davas\u0131na nas\u0131l bak\u0131yorsunuz?&#8221; sorusu \u00fczerine ise, &#8220;\u0130n\u015fallah en k\u0131sa zamanda sonu\u00e7lan\u0131r, ta\u015flar yerli yerine oturur. Benim yapaca\u011f\u0131m tek yorum bu&#8221; diye konu\u015ftu.<\/p>\n<p style=\"text-align: justify;\">B\u00fcy\u00fckan\u0131t, Genelkurmay Ba\u015fkan\u0131 Orgeneral I\u015f\u0131k Ko\u015faner ve kuvvet komutanlar\u0131n\u0131n Hasdal ziyaretiyle ilgili olarak da, &#8220;D\u00fc\u015f\u00fcn\u00fcn emrinizde \u00e7al\u0131\u015fan birisi Hasdal&#8217;da. Oraya gidip, onlar\u0131 ziyaret etmesi kadar normal hi\u00e7bir \u015fey yok. Gayet yerinde bana g\u00f6re&#8221; ifadesini kulland\u0131.<\/p>\n<p style=\"text-align: justify;\"><a href=\"http:\/\/www.cnnturk.com\/2011\/turkiye\/04\/14\/buyukanittan.tskya.balyoz.destegi\/613268.0\/index.html\" target=\"_blank\">Kaynak : CNN T\u00dcRK<\/a><\/p>\n","protected":false},"excerpt":{"rendered":"<p style=\"text-align: justify;\">\n<p style=\"text-align: justify;\">T\u00fcrk Silahl\u0131 Kuvvetleri&#8217;nin tart\u0131\u015fma yaratan &#8220;Balyoz davas\u0131nda 163 askerin tutukluluk halini anlayam\u0131yoruz&#8221; a\u00e7\u0131klamas\u0131, eski Genelkurmay Ba\u015fkan\u0131 Ya\u015far B\u00fcy\u00fckan\u0131t&#8217;a da soruldu. B\u00fcy\u00fckan\u0131t, a\u00e7\u0131klamadaki \u00fcslubu yanl\u0131\u015f bulmad\u0131\u011f\u0131n\u0131 s\u00f6yledi; &#8220;Demek ki bir hassasiyet duydular ki s\u00f6ylediler&#8221; dedi. B\u00fcy\u00fckan\u0131t&#8217;a g\u00f6re, 163 askerin tutuklulu\u011fu, TSK&#8217;n\u0131n i\u015fleyi\u015fini olumsuz etkiliyor.<\/p>\n","protected":false},"author":1,"featured_media":0,"comment_status":"open","ping_status":"closed","sticky":false,"template":"","format":"standard","meta":{"footnotes":""},"categories":[105],"tags":[],"class_list":["post-30530","post","type-post","status-publish","format-standard","hentry","category-gundem","odd"],"_links":{"self":[{"href":"http:\/\/www.korhanyilmaz.com\/index.php?rest_route=\/wp\/v2\/posts\/30530","targetHints":{"allow":["GET"]}}],"collection":[{"href":"http:\/\/www.korhanyilmaz.com\/index.php?rest_route=\/wp\/v2\/posts"}],"about":[{"href":"http:\/\/www.korhanyilmaz.com\/index.php?rest_route=\/wp\/v2\/types\/post"}],"author":[{"embeddable":true,"href":"http:\/\/www.korhanyilmaz.com\/index.php?rest_route=\/wp\/v2\/users\/1"}],"replies":[{"embeddable":true,"href":"http:\/\/www.korhanyilmaz.com\/index.php?rest_route=%2Fwp%2Fv2%2Fcomments&post=30530"}],"version-history":[{"count":0,"href":"http:\/\/www.korhanyilmaz.com\/index.php?rest_route=\/wp\/v2\/posts\/30530\/revisions"}],"wp:attachment":[{"href":"http:\/\/www.korhanyilmaz.com\/index.php?rest_route=%2Fwp%2Fv2%2Fmedia&parent=30530"}],"wp:term":[{"taxonomy":"category","embeddable":true,"href":"http:\/\/www.korhanyilmaz.com\/index.php?rest_route=%2Fwp%2Fv2%2Fcategories&post=30530"},{"taxonomy":"post_tag","embeddable":true,"href":"http:\/\/www.korhanyilmaz.com\/index.php?rest_route=%2Fwp%2Fv2%2Ftags&post=30530"}],"curies":[{"name":"wp","href":"https:\/\/api.w.org\/{rel}","templated":true}]}}