{"id":30527,"date":"2011-04-14T10:15:18","date_gmt":"2011-04-14T07:15:18","guid":{"rendered":"http:\/\/www.korhanyilmaz.com\/?p=30527"},"modified":"2011-04-14T10:15:18","modified_gmt":"2011-04-14T07:15:18","slug":"beraber-yuruyorlar-meclise","status":"publish","type":"post","link":"http:\/\/www.korhanyilmaz.com\/?p=30527","title":{"rendered":"Beraber y\u00fcr\u00fcyorlar Meclis&#8217;e!"},"content":{"rendered":"<p style=\"text-align: center;\"><a href=\"http:\/\/www.korhanyilmaz.com\/wp-content\/uploads\/2011\/04\/1131.jpg\"  class=\"lightview\"><img loading=\"lazy\" decoding=\"async\" class=\"size-full wp-image-30528 aligncenter\" src=\"http:\/\/www.korhanyilmaz.com\/wp-content\/uploads\/2011\/04\/1131.jpg\" alt=\"\" width=\"307\" height=\"236\" \/><\/a><\/p>\n<p style=\"text-align: justify;\">Ba\u015fbakan Erdo\u011fan, \u0130stanbul B\u00fcy\u00fck\u015fehir Belediye Ba\u015fkanl\u0131\u011f\u0131 d\u00f6neminde \u00e7al\u0131\u015ft\u0131\u011f\u0131 ekibini unutmad\u0131. Ba\u015fbakan, \u015fof\u00f6r\u00fcnden okul arkada\u015f\u0131na, dan\u0131\u015fman\u0131ndan m\u00fcd\u00fcr\u00fcne kadar 41 yol arkada\u015f\u0131n\u0131 se\u00e7ilebilir yerlere koydu. <!--more--><\/p>\n<p style=\"text-align: justify;\"><span style=\"text-decoration: underline;\">H\u00fcrriyet gazetesinde yer alan Fatma Aksu imzal\u0131 haber \u015f\u00f6yle: <\/span><\/p>\n<p style=\"text-align: justify;\"><strong>Yol arkada\u015flar\u0131na vefa<\/strong><\/p>\n<p style=\"text-align: justify;\">Erdo\u011fan, belediye ba\u015fkan\u0131yken bas\u0131n dan\u0131\u015fmanl\u0131\u011f\u0131n\u0131 y\u00fcr\u00fcten ve 2 d\u00f6nem TBMM&#8217;ye g\u00f6t\u00fcrd\u00fc\u011f\u00fc H\u00fcseyin Besli&#8217;yi, 3&#8217;\u00fcnc\u00fc kez aday g\u00f6stermedi, ancak Ba\u015fbakanl\u0131k&#8217;a \u00e7a\u011f\u0131r\u0131p Yal\u00e7\u0131n Akdo\u011fan&#8217;dan bo\u015falan dan\u0131\u015fmanl\u0131k g\u00f6revine getirdi.<\/p>\n<p style=\"text-align: justify;\">Erdo\u011fan, Besli&#8217;yi listeler a\u00e7\u0131kland\u0131ktan sonraki ilk yurt d\u0131\u015f\u0131 gezisine de g\u00f6t\u00fcrd\u00fc. \u0130\u015fte Erdo\u011fan&#8217;\u0131n 41 \u00e7al\u0131\u015fma arkada\u015f\u0131:<\/p>\n<p style=\"text-align: justify;\"><strong>1- Hayati Yaz\u0131c\u0131:<\/strong> Erdo\u011fan&#8217;\u0131n cezaevi d\u00f6neminde avukat\u0131, FP d\u00f6neminde il y\u00f6netim kurulu \u00fcyesiydi. Rize 1&#8217;inci s\u0131radan aday.<\/p>\n<p style=\"text-align: justify;\"><strong>2- Mehmet Ali \u015eahin:<\/strong> Erdo\u011fan il ba\u015fkan\u0131yken, il y\u00f6netim kurulu \u00fcyesi, Fatih il\u00e7e ba\u015fkan\u0131yd\u0131. Erdo\u011fan belediye ba\u015fkan\u0131yken, Fatih Belediye Ba\u015fkan\u0131 se\u00e7ilmi\u015fti. Sonu\u00e7lara itiraz edilince, koltu\u011funu Sadettin Tantan&#8217;a b\u0131rakmak zorunda kald\u0131. Karab\u00fck 1&#8217;inci s\u0131radan aday.<\/p>\n<p style=\"text-align: justify;\"><strong>3- Binali Y\u0131ld\u0131r\u0131m:<\/strong> Erdo\u011fan&#8217;\u0131n \u0130BB Ba\u015fkanl\u0131\u011f\u0131 d\u00f6neminde \u0130DO Genel M\u00fcd\u00fcr\u00fc&#8217;yd\u00fc. \u0130zmir 2&#8217;inci b\u00f6lge 1&#8217;inci s\u0131radan aday.<\/p>\n<p style=\"text-align: justify;\"><strong>4<\/strong>&#8211; <strong>Veysel Ero\u011flu:<\/strong> Erdo\u011fan, belediye ba\u015fkan\u0131yken, \u0130SK\u0130 Genel M\u00fcd\u00fcr\u00fc&#8217;yd\u00fc. Afyon 1&#8217;inci s\u0131radan aday.<\/p>\n<p style=\"text-align: justify;\"><strong>5<\/strong>&#8211;<strong> \u00d6mer \u00c7elik:<\/strong> Erdo\u011fan, belediye ba\u015fkan\u0131yken dan\u0131\u015fman\u0131yd\u0131. Adana 1&#8217;inci s\u0131radan aday.<\/p>\n<p style=\"text-align: justify;\"><strong>6<\/strong>&#8211; <strong>\u0130dris Naim \u015eahin: <\/strong>\u0130mam hatipten okul arkada\u015f\u0131. Ordu 1&#8217;inci s\u0131radan aday.<\/p>\n<p style=\"text-align: justify;\"><strong>7- Mevl\u00fct \u00c7avu\u015fo\u011flu:<\/strong> MSP d\u00f6neminden beri beraberler. Antalya 2&#8217;inci s\u0131radan aday.<\/p>\n<p style=\"text-align: justify;\"><strong>8- Mehmet Mehdi Eker:<\/strong> Erdo\u011fan, belediye ba\u015fkan\u0131yken Veteriner M\u00fcd\u00fcr\u00fc&#8217;yd\u00fc. Diyarbak\u0131r 1&#8217;inci s\u0131radan aday.<\/p>\n<p style=\"text-align: justify;\"><strong>9- Mehmet M\u00fcezzino\u011flu:<\/strong> \u0130mam hatipten okul arkada\u015f\u0131. 1994&#8217;te RP&#8217;den K\u00fc\u00e7\u00fck\u00e7ekmece belediye ba\u015fkan aday\u0131yd\u0131. Eski \u0130stanbul il ba\u015fkan\u0131, Edirne 1&#8217;inci s\u0131radan aday.<\/p>\n<p style=\"text-align: justify;\"><strong>10- \u00d6mer Din\u00e7er:<\/strong> Erdo\u011fan \u0130BB Ba\u015fkan\u0131&#8217;yken \u00fcst d\u00fczey kadrola\u015fmadan sorumlu dan\u0131\u015fman\u0131, imam hatipten okul arkada\u015f\u0131. \u0130stanbul 3&#8217;\u00fcnc\u00fc B\u00f6lge, 1&#8217;inci s\u0131radan aday.<\/p>\n<p style=\"text-align: justify;\"><strong>11- Erdo\u011fan Bayraktar:<\/strong> Erdo\u011fan&#8217;\u0131n Belediye Ba\u015fkanl\u0131\u011f\u0131 d\u00f6neminde K\u0130PTA\u015e Genel M\u00fcd\u00fcr\u00fc ve Emin\u00f6n\u00fc&#8217;nden \u0130BB meclis \u00fcyesiydi. TOK\u0130 Ba\u015fkanl\u0131\u011f\u0131&#8217;n\u0131 b\u0131rakt\u0131. Trabzon 2&#8217;inci s\u0131radan aday.<\/p>\n<p style=\"text-align: justify;\"><strong>12- Feyzullah K\u0131y\u0131kl\u0131k:<\/strong> Erdo\u011fan&#8217;\u0131n avukat\u0131, il ba\u015fkan\u0131yken, il y\u00f6netim kurulu \u00fcyesiydi. Erdo\u011fan belediye ba\u015fkan\u0131yken, Ba\u011fc\u0131lar Belediye Ba\u015fkan\u0131&#8217;yd\u0131. \u0130stanbul 3&#8217;\u00fcnc\u00fc B\u00f6lge 7&#8217;inci s\u0131radan aday.<\/p>\n<p style=\"text-align: justify;\"><strong>13- Z\u00fclf\u00fc Demirba\u011f: <\/strong>B\u00fcy\u00fck\u015fehir d\u00f6neminde Yol Bak\u0131m M\u00fcd\u00fcr\u00fc&#8217;yd\u00fc. Elaz\u0131\u011f 1&#8217;inci s\u0131radan aday.<\/p>\n<p style=\"text-align: justify;\"><strong>14- Nabi Avc\u0131:<\/strong> Erdo\u011fan, belediye ba\u015fkan\u0131yken dan\u0131\u015fman\u0131yd\u0131, ba\u015fbakanl\u0131\u011f\u0131nda da dan\u0131\u015fmanl\u0131\u011f\u0131n\u0131 yapt\u0131. Eski\u015fehir 1&#8217;inci s\u0131radan aday.<\/p>\n<p style=\"text-align: justify;\"><strong>15- Nurettin Canikli:<\/strong> Ba\u015fkanl\u0131k d\u00f6neminde \u0130stanbul \u0130l Defterdar\u0131&#8217;yd\u0131. Giresun 1&#8217;inci s\u0131radan aday.<\/p>\n<p style=\"text-align: justify;\"><strong>16- \u0130dris G\u00fcll\u00fcce: <\/strong>Erdo\u011fan, RP \u0130stanbul \u0130l Ba\u015fkan\u0131&#8217;yken yard\u0131mc\u0131s\u0131, belediye ba\u015fkan\u0131yken Tuzla Belediye Ba\u015fkan\u0131&#8217;yd\u0131. \u0130stanbul 1&#8217;inci B\u00f6lge 3&#8217;\u00fcnc\u00fc s\u0131radan aday.<\/p>\n<p style=\"text-align: justify;\"><strong>17- Erol Kaya:<\/strong> Erdo\u011fan il ba\u015fkan\u0131yken, Pendik \u0130l\u00e7e Ba\u015fkan\u0131&#8217;yd\u0131. Erdo\u011fan \u0130BB Ba\u015fkan\u0131&#8217;yken, Pendik Belediye Ba\u015fkan\u0131&#8217;yd\u0131. \u0130stanbul 1&#8217;inci B\u00f6lge, 4&#8217;\u00fcnc\u00fc s\u0131radan aday.<\/p>\n<p style=\"text-align: justify;\"><strong>18- Mustafa Ata\u015f: <\/strong>Tayyip Erdo\u011fan, il ba\u015fkan\u0131yken il sekreteriydi. Belediye ba\u015fkan\u0131yken, Ekrem Erdem&#8217;den sonra il ba\u015fkanl\u0131\u011f\u0131 yapt\u0131. \u0130stanbul 1&#8217;inci B\u00f6lge, 6&#8217;\u0131nc\u0131 s\u0131radan aday.<\/p>\n<p style=\"text-align: justify;\"><strong>19- Nusret Bayraktar:<\/strong> Erdo\u011fan d\u00f6neminde Beyo\u011flu Belediye Ba\u015fkan\u0131&#8217;yd\u0131. Rize 3&#8217;\u00fcnc\u00fc s\u0131radan aday.<\/p>\n<p style=\"text-align: justify;\"><strong>20- G\u00fcrsoy Erol: <\/strong>\u0130l Ba\u015fkan\u0131yken Kad\u0131k\u00f6y \u0130l\u00e7e Ba\u015fkan\u0131&#8217;yd\u0131. Kad\u0131k\u00f6y Belediye ba\u015fkan aday\u0131 oldu, kazanamad\u0131. Hamidiye A.\u015e. Genel M\u00fcd\u00fcrl\u00fc\u011f\u00fc yapt\u0131. \u0130stanbul 1&#8217;inci B\u00f6lge 9&#8217;uncu s\u0131radan aday.<\/p>\n<p style=\"text-align: justify;\"><strong>21- Metin K\u00fcl\u00fcnk: <\/strong>MSP Gen\u00e7lik Kollar\u0131&#8217;nda Erdo\u011fan&#8217;la birlikteydi. A\u011fabeyi Necdet K\u00fcl\u00fcnk \u0130l Ba\u015fkan Yard\u0131mc\u0131s\u0131&#8217;yd\u0131. \u0130stanbul 1&#8217;inci B\u00f6lge 14&#8217;\u00fcnc\u00fc s\u0131radan aday.<\/p>\n<p style=\"text-align: justify;\"><strong>22- Numan G\u00fczey: <\/strong>Erdo\u011fan&#8217;\u0131n MSP Gen\u00e7lik Kollar\u0131&#8217;ndan arkada\u015f\u0131 ve avukat\u0131. Kadir Topba\u015f d\u00f6neminde B\u00fcy\u00fck\u015fehir Belediyesi&#8217;nde K\u00fclt\u00fcr Daire Ba\u015fkan\u0131&#8217;yd\u0131. \u0130stanbul 1&#8217;inci B\u00f6lge, 18&#8217;inci s\u0131radan aday.<\/p>\n<p style=\"text-align: justify;\"><strong>23- Ekrem Erdem: <\/strong>Erdo\u011fan il ba\u015fkan\u0131yken, ba\u015fkan yard\u0131mc\u0131s\u0131yd\u0131. \u0130stanbul 2&#8217;inci B\u00f6lge, 4&#8217;\u00fcnc\u00fc s\u0131radan aday.<\/p>\n<p style=\"text-align: justify;\"><strong>24- H\u00fcseyin B\u00fcrge:<\/strong> Erdo\u011fan&#8217;\u0131n belediye ba\u015fkanl\u0131\u011f\u0131 d\u00f6neminden beri Bayrampa\u015fa Belediye Ba\u015fkan\u0131&#8217;yd\u0131. \u0130stanbul 2&#8217;inci B\u00f6lge 12&#8217;inci s\u0131radan aday.<\/p>\n<p style=\"text-align: justify;\"><strong>25- Osman A\u015fk\u0131n:<\/strong> Erdo\u011fan&#8217;\u0131n belediye ba\u015fkanl\u0131\u011f\u0131 d\u00f6neminde spordan sorumlu dan\u0131\u015fman\u0131yd\u0131. \u0130stanbul 2&#8217;inci B\u00f6lge, 13&#8217;\u00fcnc\u00fc s\u0131radan aday.<\/p>\n<p style=\"text-align: justify;\"><strong>26- Ahmet Hamdi \u00c7aml\u0131:<\/strong> \u0130l ba\u015fkan\u0131yken \u015fof\u00f6r\u00fcyd\u00fc. \u0130stanbul 2&#8217;inci B\u00f6lge, 16&#8217;nc\u0131 s\u0131radan aday.<\/p>\n<p style=\"text-align: justify;\"><strong>27- \u00dcnal Ka\u00e7\u0131r:<\/strong> \u0130l ba\u015fkan\u0131yken Ba\u011fc\u0131lar \u0130l\u00e7e Ba\u015fkan\u0131&#8217;yd\u0131. \u0130stanbul 3&#8217;\u00fcnc\u00fc B\u00f6lge, 3&#8217;\u00fcnc\u00fc s\u0131radan aday.<\/p>\n<p style=\"text-align: justify;\"><strong>28- Nurettin Nebati:<\/strong> M\u00dcS\u0130AD kontenjan\u0131ndan geldi. Erdo\u011fan il ba\u015fkan\u0131yken Bak\u0131rk\u00f6y il\u00e7e ba\u015fkan yard\u0131mc\u0131s\u0131, belediye ba\u015fkan\u0131yken, Bak\u0131rk\u00f6y il\u00e7e ba\u015fkan\u0131yd\u0131. \u0130stanbul 3&#8217;\u00fcnc\u00fc B\u00f6lge, 9&#8217;uncu s\u0131radan aday.<\/p>\n<p style=\"text-align: justify;\"><strong>29- Harun Karaca: <\/strong>Erdo\u011fan RP \u0130l Ba\u015fkan\u0131&#8217;yken, Fatih \u0130l\u00e7e Ba\u015fkan Yard\u0131mc\u0131l\u0131\u011f\u0131 yapt\u0131. Belediye Ba\u015fkan\u0131 iken personel al\u0131m\u0131ndan sorumlu dan\u0131\u015fman\u0131 ve Fatih&#8217;ten belediye meclis \u00fcyesiydi. \u0130stanbul 3&#8217;\u00fcnc\u00fc B\u00f6lge 15&#8217;inci s\u0131radan aday.<\/p>\n<p style=\"text-align: justify;\"><strong>30- Cemal \u00d6zdemir: <\/strong>Erdo\u011fan \u0130BB Ba\u015fkan\u0131 oldu\u011fu s\u0131ra, Bah\u00e7elievler&#8217;den belediye ba\u015fkan aday\u0131 oldu kazanamad\u0131. Ak Parti \u0130stanbul \u0130l Genel Meclisi Grup Ba\u015fkan vekiliydi. \u0130stanbul 3&#8217;\u00fcnc\u00fc B\u00f6lge, 16&#8217;\u0131nc\u0131 s\u0131radan aday.<\/p>\n<p style=\"text-align: justify;\"><strong>31- Mehmet Metiner: <\/strong>Erdo\u011fan, belediye ba\u015fkan\u0131yken dan\u0131\u015fman\u0131yd\u0131. MSP Gen\u00e7lik kollar\u0131ndan beri arkada\u015f\u0131. Ad\u0131yaman 2&#8217;inci s\u0131radan aday.<\/p>\n<p style=\"text-align: justify;\"><strong>32- Sad\u0131k Dan\u0131\u015fman:<\/strong> Erdo\u011fan belediye ba\u015fkan\u0131yken, \u0130BB Sa\u011fl\u0131k M\u00fcd\u00fcr\u00fc idi. \u0130stanbul \u0130l Genel Meclisi&#8217;nde Sa\u011fl\u0131k komisyonu ba\u015fkan\u0131 ve Yard\u0131meli Derne\u011fi Ba\u015fkan\u0131&#8217;yd\u0131. \u0130stanbul 3&#8217;\u00fcnc\u00fc B\u00f6lge 19&#8217;uncu s\u0131radan aday.<\/p>\n<p style=\"text-align: justify;\"><strong>33- Nevzat Pakdil: <\/strong>Erdo\u011fan belediye ba\u015fkan\u0131yken \u0130ETT Genel M\u00fcd\u00fcr\u00fc idi. Kahramanmara\u015f 2&#8217;inci s\u0131radan aday.<\/p>\n<p style=\"text-align: justify;\"><strong>34- Mehmet Ya\u015far Karayel:<\/strong> 12 Eyl\u00fcl \u00f6ncesi, Erdo\u011fan&#8217;la MSP Gen\u00e7lik Kollar\u0131&#8217;nda beraberlerdi. Kayseri 4&#8217;\u00fcnc\u00fc s\u0131radan aday.<\/p>\n<p style=\"text-align: justify;\"><strong>35- \u015eaban Erden: <\/strong>Erdo\u011fan belediye ba\u015fkan\u0131yken, \u0130BB Fen \u0130\u015fleri Daire Ba\u015fkan\u0131 idi. K\u0131rklareli 2&#8217;inci s\u0131radan aday.<\/p>\n<p style=\"text-align: justify;\"><strong>36- \u00d6mer Faruk \u00d6z:<\/strong> Erdo\u011fan&#8217;\u0131n belediye ba\u015fkanl\u0131\u011f\u0131 d\u00f6neminde \u0130ETT Genel M\u00fcd\u00fcr Yard\u0131mc\u0131s\u0131 idi. Malatya 5&#8217;inci s\u0131radan aday.<\/p>\n<p style=\"text-align: justify;\"><strong>37- Recai Berder: <\/strong>Erdo\u011fan d\u00f6neminde \u0130SK\u0130 y\u00f6netim kurulu \u00fcyesiydi. Manisa 2&#8217;inci s\u0131radan aday.<\/p>\n<p style=\"text-align: justify;\"><strong>38- Ali Turan: <\/strong>RP d\u00f6neminde &#8216;Tayyip Ekibi&#8217;ndeydi. Sivas 4&#8217;\u00fcnc\u00fc s\u0131radan aday.<\/p>\n<p style=\"text-align: justify;\"><strong>39- Adem Y\u0131ld\u0131r\u0131m: <\/strong>Erdo\u011fan RP \u0130stanbul \u0130l Ba\u015fkan\u0131 iken, Bak\u0131rk\u00f6y RP \u0130l Gen\u00e7lik Kollar\u0131&#8217;ndayd\u0131. Sivas 5&#8217;inci s\u0131radan aday.<\/p>\n<p style=\"text-align: justify;\"><strong>40- Mehmet Emin Dindar:<\/strong> Erdo\u011fan d\u00f6neminde \u0130BB&#8217;de Sa\u011fl\u0131k Dairesi Ba\u015fkanl\u0131\u011f\u0131&#8217;nda H\u0131z\u0131r Acil M\u00fcd\u00fcr\u00fcyd\u00fc. \u015e\u0131rnak 1&#8217;inci s\u0131radan aday.<\/p>\n<p style=\"text-align: justify;\"><strong>41- Temel Co\u015fkun: <\/strong>Erdo\u011fan belediye ba\u015fkan\u0131yken, Yalova belediye ba\u015fkan aday\u0131yd\u0131. Erdo\u011fan&#8217;\u0131n Bas\u0131n Halkla \u0130li\u015fkiler M\u00fcd\u00fcrl\u00fc\u011f\u00fc&#8217;n\u00fc yapt\u0131. Yalova 1&#8217;inci s\u0131ra aday\u0131.<\/p>\n<p style=\"text-align: justify;\"><a href=\"http:\/\/www.cnnturk.com\/2011\/yazarlar\/04\/14\/beraber.yuruyorlar.meclise\/613227.0\/index.html\" target=\"_blank\">Kaynak : CNN T\u00dcRK<\/a><\/p>\n","protected":false},"excerpt":{"rendered":"<p style=\"text-align: center;\">\n<p style=\"text-align: justify;\">Ba\u015fbakan Erdo\u011fan, \u0130stanbul B\u00fcy\u00fck\u015fehir Belediye Ba\u015fkanl\u0131\u011f\u0131 d\u00f6neminde \u00e7al\u0131\u015ft\u0131\u011f\u0131 ekibini unutmad\u0131. Ba\u015fbakan, \u015fof\u00f6r\u00fcnden okul arkada\u015f\u0131na, dan\u0131\u015fman\u0131ndan m\u00fcd\u00fcr\u00fcne kadar 41 yol arkada\u015f\u0131n\u0131 se\u00e7ilebilir yerlere koydu. <\/p>\n","protected":false},"author":1,"featured_media":0,"comment_status":"open","ping_status":"closed","sticky":false,"template":"","format":"standard","meta":{"footnotes":""},"categories":[105],"tags":[],"class_list":["post-30527","post","type-post","status-publish","format-standard","hentry","category-gundem","odd"],"_links":{"self":[{"href":"http:\/\/www.korhanyilmaz.com\/index.php?rest_route=\/wp\/v2\/posts\/30527","targetHints":{"allow":["GET"]}}],"collection":[{"href":"http:\/\/www.korhanyilmaz.com\/index.php?rest_route=\/wp\/v2\/posts"}],"about":[{"href":"http:\/\/www.korhanyilmaz.com\/index.php?rest_route=\/wp\/v2\/types\/post"}],"author":[{"embeddable":true,"href":"http:\/\/www.korhanyilmaz.com\/index.php?rest_route=\/wp\/v2\/users\/1"}],"replies":[{"embeddable":true,"href":"http:\/\/www.korhanyilmaz.com\/index.php?rest_route=%2Fwp%2Fv2%2Fcomments&post=30527"}],"version-history":[{"count":0,"href":"http:\/\/www.korhanyilmaz.com\/index.php?rest_route=\/wp\/v2\/posts\/30527\/revisions"}],"wp:attachment":[{"href":"http:\/\/www.korhanyilmaz.com\/index.php?rest_route=%2Fwp%2Fv2%2Fmedia&parent=30527"}],"wp:term":[{"taxonomy":"category","embeddable":true,"href":"http:\/\/www.korhanyilmaz.com\/index.php?rest_route=%2Fwp%2Fv2%2Fcategories&post=30527"},{"taxonomy":"post_tag","embeddable":true,"href":"http:\/\/www.korhanyilmaz.com\/index.php?rest_route=%2Fwp%2Fv2%2Ftags&post=30527"}],"curies":[{"name":"wp","href":"https:\/\/api.w.org\/{rel}","templated":true}]}}