{"id":30516,"date":"2011-04-13T19:54:00","date_gmt":"2011-04-13T16:54:00","guid":{"rendered":"http:\/\/www.korhanyilmaz.com\/?p=30516"},"modified":"2011-04-13T19:54:00","modified_gmt":"2011-04-13T16:54:00","slug":"kilicdarogluna-recep-bey-soku","status":"publish","type":"post","link":"http:\/\/www.korhanyilmaz.com\/?p=30516","title":{"rendered":"K\u0131l\u0131\u00e7daro\u011flu&#8217;na &#8216;Recep Bey&#8217; \u015foku!"},"content":{"rendered":"<p style=\"text-align: justify;\"><a href=\"http:\/\/www.korhanyilmaz.com\/wp-content\/uploads\/2011\/04\/1101.jpg\"  class=\"lightview\"><img loading=\"lazy\" decoding=\"async\" class=\"aligncenter size-full wp-image-30517\" src=\"http:\/\/www.korhanyilmaz.com\/wp-content\/uploads\/2011\/04\/1101.jpg\" alt=\"\" width=\"408\" height=\"127\" \/><\/a><\/p>\n<p style=\"text-align: justify;\">CHP lideri Kemal K\u0131l\u0131\u00e7daro\u011flu&#8217;nun, Ba\u015fbakan Erdo\u011fan&#8217;\u0131 ele\u015ftirirken miting meydanlar\u0131nda s\u0131k\u00e7a kulland\u0131\u011f\u0131 &#8221;<strong>Atma Recep Din Karde\u015fiyiz<\/strong>&#8221; ve &#8221;<strong>Recep Bey<\/strong>&#8221; s\u00f6zlerinin propaganda malzemesi olarak kullan\u0131lmas\u0131na ambargo geldi. \u00c7\u00fcnk\u00fc bir reklam firmas\u0131 o s\u00f6zlerin t\u00fcm kullan\u0131m haklar\u0131n\u0131 ald\u0131.<!--more--><\/p>\n<p style=\"text-align: justify;\"><a href=\"http:\/\/www.korhanyilmaz.com\/wp-content\/uploads\/2011\/04\/1111.jpg\"  class=\"lightview\"><img loading=\"lazy\" decoding=\"async\" class=\"alignleft size-full wp-image-30518\" style=\"margin-left: 10px; margin-right: 10px;\" src=\"http:\/\/www.korhanyilmaz.com\/wp-content\/uploads\/2011\/04\/1111.jpg\" alt=\"\" width=\"193\" height=\"102\" \/><\/a>CHP Konya Milletvekili Atilla Kart, yarg\u0131 kararlar\u0131na g\u00f6re, halka mal olmu\u015f deyimlerin marka olarak tescilinin m\u00fcmk\u00fcn olmad\u0131\u011f\u0131n\u0131, Patent Enstit\u00fcs\u00fcn\u00fcn &#8220;Atma Recep Din Karde\u015fiyiz&#8221; deyimini markala\u015ft\u0131rarak kendi uygulamalar\u0131yla ters d\u00fc\u015ft\u00fc\u011f\u00fcn\u00fc \u00f6ne s\u00fcrd\u00fc.<\/p>\n<p style=\"text-align: justify;\">Kart, d\u00fczenledi\u011fi bas\u0131n toplant\u0131s\u0131nda, &#8220;b\u00fcro makineleri ve k\u0131rtasiye&#8221; gibi i\u015flerle u\u011fra\u015fan bir firman\u0131n T\u00fcrk Patent Enstit\u00fcs\u00fc-Markalar Dairesine ba\u015fvurarak &#8220;Atma Recep Din Karde\u015fiyiz&#8221; ve &#8220;Recep Bey&#8221; ibarelerinin marka olarak tescili i\u00e7in ba\u015fvurdu\u011funu, bu talebin kabul edildi\u011fini an\u0131msatt\u0131.<\/p>\n<p style=\"text-align: justify;\">Kart, yarg\u0131 kararlar\u0131na g\u00f6re, halka mal olmu\u015f deyimlerin marka olarak tescilinin m\u00fcmk\u00fcn olmad\u0131\u011f\u0131n\u0131, \u015fimdiye kadar yarg\u0131 kararlar\u0131 do\u011frultusunda karar tesis eden Patent Enstit\u00fcs\u00fcn\u00fcn, kendi uygulamalar\u0131yla ters d\u00fc\u015ft\u00fc\u011f\u00fcn\u00fc iddia etti.<\/p>\n<p style=\"text-align: justify;\">Kart, &#8220;<span style=\"text-decoration: underline;\">durumdan vazife \u00e7\u0131karan bir ki\u015finin ya da firman\u0131n<\/span>, <span style=\"text-decoration: underline;\">Ba\u015fbakana yaranmak<\/span> veya <span style=\"text-decoration: underline;\">Ba\u015fbakan odakl\u0131 do\u011frudan-dolayl\u0131 telkin ve talimat \u00fczerine<\/span>, <span style=\"text-decoration: underline;\">ba\u015fvuruyu yapt\u0131\u011f\u0131n\u0131 ve i\u015flemin tesis edildi\u011fini<\/span>&#8221; ileri s\u00fcrd\u00fc.<\/p>\n<p style=\"text-align: justify;\">Ankara Barosu avukatlar\u0131ndan Cevat Balta\u2019n\u0131n ba\u015fvuru ve i\u015fleme itiraz etti\u011fini, konuyu yarg\u0131ya ta\u015f\u0131yaca\u011f\u0131n\u0131 bildiren Kart, \u015f\u00f6yle dedi:<\/p>\n<p style=\"text-align: justify;\">&#8220;H\u00fck\u00fcmetin se\u00e7imlerde \u2019Atma Recep Din Karde\u015fiyiz\u2019 deyiminin ele\u015ftiri veya kara mizah ama\u00e7l\u0131 kullan\u0131lmas\u0131n\u0131 \u00f6nlemek amac\u0131yla giri\u015fimde bulundu\u011funu g\u00f6r\u00fcyoruz. \u0130\u015fte b\u00f6ylesine keyfi ve ciddiyetten uzak bir talebi Patent Enstit\u00fcs\u00fc, parti memuru anlay\u0131\u015f\u0131yla uygulamaya sokmakta teredd\u00fct etmemi\u015ftir.<\/p>\n<p style=\"text-align: justify;\"><span style=\"text-decoration: underline;\">Patent Enstit\u00fcs\u00fcn\u00fcn bu karar\u0131na g\u00f6re, AKP iktidar\u0131n\u0131n pop\u00fclist, demagojik vaatlerine, halk\u0131 kand\u0131ran s\u00f6ylemlerine kar\u015f\u0131 art\u0131k \u2019Atma Recep Din Karde\u015fiyiz\u2019 denilemeyecektir. Anonim de\u011ferlerimizin kullan\u0131lmas\u0131n\u0131 bile engellemek isteyen fa\u015fizan bir anlay\u0131\u015fla kar\u015f\u0131 kar\u015f\u0131yay\u0131z. Komik, komik oldu\u011fu kadar demokrasi ad\u0131na utan\u00e7 veren, ibret verici bir siyaset anlay\u0131\u015f\u0131yla kar\u015f\u0131 kar\u015f\u0131yay\u0131z.&#8221;<\/span><\/p>\n<p style=\"text-align: justify;\"><strong>-&#8220;SE\u00c7\u0130LME HAKKINI NASIL ENGELLERS\u0130N\u0130Z?&#8221;- <\/strong><\/p>\n<p style=\"text-align: justify;\">Sorular\u0131 da yan\u0131tlayan Kart, &#8220;Ergenekon ve KCK davalar\u0131 san\u0131klar\u0131n\u0131n&#8221; adayl\u0131\u011f\u0131 ile ilgili soru \u00fczerine, bu ki\u015filerin h\u00fck\u00fcml\u00fc de\u011fil, san\u0131k olduklar\u0131n\u0131 belirterek, &#8220;Yasal anlamda zaten masum olduklar\u0131 sabit olan ki\u015filerin se\u00e7me ve se\u00e7ilme hakk\u0131n\u0131 nas\u0131l engellersiniz? Bu d\u00fc\u015f\u00fcn\u00fclebilir mi?&#8221; dedi.<\/p>\n<p style=\"text-align: justify;\">Bu ki\u015filerin, yarg\u0131land\u0131klar\u0131 davalarda dokunulmazl\u0131k hakk\u0131na sahip olamayacaklar\u0131n\u0131, milletvekili se\u00e7ilseler dahi haklar\u0131ndaki davalar\u0131n devam edece\u011fini, yarg\u0131n\u0131n, Anayasa\u2019n\u0131n 14. maddesini gerek\u00e7e g\u00f6stererek tutuklulu\u011fun devam\u0131na karar verebilece\u011fini kaydeden Kart, &#8220;Bu, adli bir s\u00fcre\u00e7tir. Sanki ter\u00f6r \u00f6rg\u00fct\u00fc mensubu olduklar\u0131 sabitmi\u015f gibi de\u011ferlendirme yap\u0131lmas\u0131, Ba\u015fbakan\u0131n bunu siyaset malzemesi olarak kullanmak istemesinin hi\u00e7bir tutarl\u0131l\u0131\u011f\u0131 yoktur&#8221; diye konu\u015ftu.<\/p>\n<p style=\"text-align: justify;\">Kart, CHP\u2019de liste d\u0131\u015f\u0131 kalan baz\u0131 milletvekillerinin ele\u015ftirilerine y\u00f6nelik soruya da bu konular\u0131n bas\u0131n yoluyla tart\u0131\u015f\u0131lmas\u0131n\u0131 do\u011fru bulmad\u0131\u011f\u0131n\u0131 s\u00f6yledi.<\/p>\n<p style=\"text-align: justify;\">K\u0131rg\u0131nl\u0131klar\u0131n do\u011fal oldu\u011funu bildiren Kart, &#8220;Bunun \u00f6tesinde partinin t\u00fczel ki\u015fili\u011fine zarar verecek \u015fekilde de\u011ferlendirme yap\u0131lmas\u0131n\u0131 parti k\u00fclt\u00fcr\u00fc ve sorumlulu\u011fu ile ba\u011fda\u015ft\u0131rm\u0131yorum&#8221; dedi.<\/p>\n<p style=\"text-align: justify;\"><a href=\"http:\/\/haber.gazetevatan.com\/kilicdarogluna-recep-bey-soku\/370923\/9\/Siyaset\">Kaynak : VATAN Gazetesi<\/a><\/p>\n","protected":false},"excerpt":{"rendered":"<p style=\"text-align: justify;\">\n<p style=\"text-align: justify;\">CHP lideri Kemal K\u0131l\u0131\u00e7daro\u011flu&#8217;nun, Ba\u015fbakan Erdo\u011fan&#8217;\u0131 ele\u015ftirirken miting meydanlar\u0131nda s\u0131k\u00e7a kulland\u0131\u011f\u0131 &#8221;Atma Recep Din Karde\u015fiyiz&#8221; ve &#8221;Recep Bey&#8221; s\u00f6zlerinin propaganda malzemesi olarak kullan\u0131lmas\u0131na ambargo geldi. \u00c7\u00fcnk\u00fc bir reklam firmas\u0131 o s\u00f6zlerin t\u00fcm kullan\u0131m haklar\u0131n\u0131 ald\u0131.<\/p>\n","protected":false},"author":1,"featured_media":0,"comment_status":"open","ping_status":"closed","sticky":false,"template":"","format":"standard","meta":{"footnotes":""},"categories":[105],"tags":[],"class_list":["post-30516","post","type-post","status-publish","format-standard","hentry","category-gundem","odd"],"_links":{"self":[{"href":"http:\/\/www.korhanyilmaz.com\/index.php?rest_route=\/wp\/v2\/posts\/30516","targetHints":{"allow":["GET"]}}],"collection":[{"href":"http:\/\/www.korhanyilmaz.com\/index.php?rest_route=\/wp\/v2\/posts"}],"about":[{"href":"http:\/\/www.korhanyilmaz.com\/index.php?rest_route=\/wp\/v2\/types\/post"}],"author":[{"embeddable":true,"href":"http:\/\/www.korhanyilmaz.com\/index.php?rest_route=\/wp\/v2\/users\/1"}],"replies":[{"embeddable":true,"href":"http:\/\/www.korhanyilmaz.com\/index.php?rest_route=%2Fwp%2Fv2%2Fcomments&post=30516"}],"version-history":[{"count":0,"href":"http:\/\/www.korhanyilmaz.com\/index.php?rest_route=\/wp\/v2\/posts\/30516\/revisions"}],"wp:attachment":[{"href":"http:\/\/www.korhanyilmaz.com\/index.php?rest_route=%2Fwp%2Fv2%2Fmedia&parent=30516"}],"wp:term":[{"taxonomy":"category","embeddable":true,"href":"http:\/\/www.korhanyilmaz.com\/index.php?rest_route=%2Fwp%2Fv2%2Fcategories&post=30516"},{"taxonomy":"post_tag","embeddable":true,"href":"http:\/\/www.korhanyilmaz.com\/index.php?rest_route=%2Fwp%2Fv2%2Ftags&post=30516"}],"curies":[{"name":"wp","href":"https:\/\/api.w.org\/{rel}","templated":true}]}}