{"id":30512,"date":"2011-04-13T23:02:40","date_gmt":"2011-04-13T20:02:40","guid":{"rendered":"http:\/\/www.korhanyilmaz.com\/?p=30512"},"modified":"2011-04-13T23:02:40","modified_gmt":"2011-04-13T20:02:40","slug":"listede-aliye-kavaf%e2%80%99in-yerine-enistesi-cikti","status":"publish","type":"post","link":"http:\/\/www.korhanyilmaz.com\/?p=30512","title":{"rendered":"Listede Aliye Kavaf\u2019\u0131n yerine eni\u015ftesi \u00e7\u0131kt\u0131"},"content":{"rendered":"<p style=\"text-align: justify;\"><a href=\"http:\/\/www.korhanyilmaz.com\/wp-content\/uploads\/2011\/04\/1091.jpg\"  class=\"lightview\"><img loading=\"lazy\" decoding=\"async\" class=\"aligncenter size-full wp-image-30513\" src=\"http:\/\/www.korhanyilmaz.com\/wp-content\/uploads\/2011\/04\/1091.jpg\" alt=\"\" width=\"420\" height=\"210\" \/><\/a><\/p>\n<p style=\"text-align: justify;\">ANKARA &#8211; Kabine\u2019nin liste d\u0131\u015f\u0131 kalan tek ismi olan Devlet Bakan\u0131 Aliye Kavaf\u2019\u0131n, \u201ceni\u015fte\u201d kurban\u0131 oldu\u011fu ortaya \u00e7\u0131kt\u0131. Kulislerde Kavaf\u2019\u0131n bakan yap\u0131lmas\u0131nda oldu\u011fu gibi liste d\u0131\u015f\u0131 kalmas\u0131n\u0131n perde arkas\u0131nda da, Ba\u015fbakan Erdo\u011fan ailesine \u00e7ok yak\u0131n olan AK Parti\u2019nin kurucular\u0131 aras\u0131nda yer alan ablas\u0131 Dr. Sema Ramazano\u011flu ile eni\u015ftesi Dr. Y\u0131ld\u0131r\u0131m Ramazano\u011flu\u2019nun etkili oldu\u011fu konu\u015fuluyor. <!--more--><\/p>\n<p style=\"text-align: justify;\">AK Parti kurucular\u0131 aras\u0131nda olan Dr. Sema Ramazano\u011flu, Ba\u015fbakan Erdo\u011fan\u2019\u0131n e\u015fi Emine Erdo\u011fan\u2019\u0131n yak\u0131n dostu. T\u00fcrbanl\u0131 oldu\u011fu i\u00e7in \u201cmilletvekili aday\u0131\u201d g\u00f6sterilmeyen abla Sema Ramazano\u011flu\u2019nun deste\u011fiyle Kavaf\u2019\u0131n \u00f6nce milletvekili, ard\u0131ndan da bakan yap\u0131ld\u0131\u011f\u0131 ifade edilirken, Erdo\u011fan\u2019\u0131n bu kez tercihini doktoru ve dan\u0131\u015fman\u0131 da yapt\u0131\u011f\u0131 yak\u0131n dostu eni\u015fte Y\u0131ld\u0131r\u0131m Ramazano\u011flu\u2019ndan yana kullanmak istedi\u011fi, ayn\u0131 aileden iki ismi listeye koymas\u0131n\u0131n \u015f\u0131k olmayaca\u011f\u0131 d\u00fc\u015f\u00fcncesiyle de Kavaf\u2019\u0131 bu d\u00f6nem dinlendirme karar\u0131 ald\u0131\u011f\u0131 belirtildi.<\/p>\n<p style=\"text-align: justify;\"><a href=\"http:\/\/haber.gazetevatan.com\/listede-aliye-kavafin-yerine-enistesi-cikti\/370976\/9\/Siyaset\" target=\"_blank\">Kaynak : VATAN Gazetesi<\/a><\/p>\n","protected":false},"excerpt":{"rendered":"<p style=\"text-align: justify;\">\n<p style=\"text-align: justify;\">ANKARA &#8211; Kabine\u2019nin liste d\u0131\u015f\u0131 kalan tek ismi olan Devlet Bakan\u0131 Aliye Kavaf\u2019\u0131n, \u201ceni\u015fte\u201d kurban\u0131 oldu\u011fu ortaya \u00e7\u0131kt\u0131. Kulislerde Kavaf\u2019\u0131n bakan yap\u0131lmas\u0131nda oldu\u011fu gibi liste d\u0131\u015f\u0131 kalmas\u0131n\u0131n perde arkas\u0131nda da, Ba\u015fbakan Erdo\u011fan ailesine \u00e7ok yak\u0131n olan AK Parti\u2019nin kurucular\u0131 aras\u0131nda yer alan ablas\u0131 Dr. Sema Ramazano\u011flu ile eni\u015ftesi Dr. Y\u0131ld\u0131r\u0131m <\/p>\n","protected":false},"author":1,"featured_media":0,"comment_status":"open","ping_status":"closed","sticky":false,"template":"","format":"standard","meta":{"footnotes":""},"categories":[105],"tags":[],"class_list":["post-30512","post","type-post","status-publish","format-standard","hentry","category-gundem","odd"],"_links":{"self":[{"href":"http:\/\/www.korhanyilmaz.com\/index.php?rest_route=\/wp\/v2\/posts\/30512","targetHints":{"allow":["GET"]}}],"collection":[{"href":"http:\/\/www.korhanyilmaz.com\/index.php?rest_route=\/wp\/v2\/posts"}],"about":[{"href":"http:\/\/www.korhanyilmaz.com\/index.php?rest_route=\/wp\/v2\/types\/post"}],"author":[{"embeddable":true,"href":"http:\/\/www.korhanyilmaz.com\/index.php?rest_route=\/wp\/v2\/users\/1"}],"replies":[{"embeddable":true,"href":"http:\/\/www.korhanyilmaz.com\/index.php?rest_route=%2Fwp%2Fv2%2Fcomments&post=30512"}],"version-history":[{"count":0,"href":"http:\/\/www.korhanyilmaz.com\/index.php?rest_route=\/wp\/v2\/posts\/30512\/revisions"}],"wp:attachment":[{"href":"http:\/\/www.korhanyilmaz.com\/index.php?rest_route=%2Fwp%2Fv2%2Fmedia&parent=30512"}],"wp:term":[{"taxonomy":"category","embeddable":true,"href":"http:\/\/www.korhanyilmaz.com\/index.php?rest_route=%2Fwp%2Fv2%2Fcategories&post=30512"},{"taxonomy":"post_tag","embeddable":true,"href":"http:\/\/www.korhanyilmaz.com\/index.php?rest_route=%2Fwp%2Fv2%2Ftags&post=30512"}],"curies":[{"name":"wp","href":"https:\/\/api.w.org\/{rel}","templated":true}]}}