{"id":30507,"date":"2011-04-13T13:29:01","date_gmt":"2011-04-13T10:29:01","guid":{"rendered":"http:\/\/www.korhanyilmaz.com\/?p=30507"},"modified":"2011-04-13T13:29:01","modified_gmt":"2011-04-13T10:29:01","slug":"ecevit-begensek-de-begenmesek-de-chp","status":"publish","type":"post","link":"http:\/\/www.korhanyilmaz.com\/?p=30507","title":{"rendered":"Ecevit: Be\u011fensek de be\u011fenmesek de CHP"},"content":{"rendered":"<p style=\"text-align: center;\"><a href=\"http:\/\/www.korhanyilmaz.com\/wp-content\/uploads\/2011\/04\/1081.jpg\"  class=\"lightview\"><img loading=\"lazy\" decoding=\"async\" class=\"aligncenter size-full wp-image-30508\" src=\"http:\/\/www.korhanyilmaz.com\/wp-content\/uploads\/2011\/04\/1081.jpg\" alt=\"\" width=\"328\" height=\"218\" \/><\/a><\/p>\n<p style=\"text-align: justify;\">CHP&#8217;nin tart\u0131\u015fmal\u0131 milletvekili aday listesi ve bu listedeki Mehmet Haberal isminden sonra g\u00f6zlerin \u00e7evrildi\u011fi Rah\u015fan Ecevit konu\u015ftu.<\/p>\n<p style=\"text-align: justify;\">Merhum Ba\u015fbakan B\u00fclent Ecevit&#8217;in e\u015fi Rah\u015fan Ecevit, CHP lideri Kemal K\u0131l\u0131\u00e7daro\u011flu&#8217;na olan deste\u011finin ise ilk g\u00fcnk\u00fc gibi s\u00fcrd\u00fc\u011f\u00fcn\u00fc s\u00f6yledi. <!--more--><\/p>\n<p style=\"text-align: justify;\">Liste ve adaylar hakk\u0131nda yorum yapmayaca\u011f\u0131n\u0131, ancak oyunu mutlaka CHP&#8217;ye verece\u011fini belirten Rah\u015fan Ecevit, &#8216;Bunu g\u00f6n\u00fclden s\u00f6yl\u00fcyorum&#8217; dedi.Rah\u015fan Ecevit&#8217;in Ak\u015fam gazetesine \u00f6zel a\u00e7\u0131klamas\u0131 \u015f\u00f6yle:<\/p>\n<p style=\"text-align: justify;\">&#8220;Bug\u00fcn i\u00e7inde bulundu\u011fumuz \u015fartlarda CHP&#8217;nin mutlaka desteklenmesi gerekti\u011fini d\u00fc\u015f\u00fcn\u00fcyorum. Be\u011fensek de, be\u011fenmesek de, AK Parti&#8217;ye kar\u015f\u0131 CHP&#8217;yi desteklemek zorunday\u0131z. Ben 12 Haziran&#8217;da oyumu CHP&#8217;ye verece\u011fim. Bunu g\u00f6n\u00fclden s\u00f6yl\u00fcyorum ve CHP&#8217;nin oylar\u0131n\u0131n artmas\u0131n\u0131 g\u00f6n\u00fclden diliyorum. Say\u0131n Kemal K\u0131l\u0131\u00e7daro\u011flu&#8217;na olan deste\u011fim de, ilk g\u00fcnk\u00fc gibi s\u00fcr\u00fcyor. Kendisinin bug\u00fcn de arkas\u0131nday\u0131m.&#8221;<\/p>\n<p style=\"text-align: justify;\">Rah\u015fan Ecevit, Ergenekon&#8217;un tutuklu san\u0131\u011f\u0131 Mehmet Haberal&#8217;\u0131n, B\u00fclent Ecevit&#8217;in se\u00e7im b\u00f6lgesi olan Zonguldak&#8217;tan CHP&#8217;nin 1&#8217;inci s\u0131ra milletvekili aday\u0131 g\u00f6sterilmesi konusundaki \u0131srarl\u0131 sorular\u0131 ise &#8216;Liste ve adaylar hakk\u0131nda yorum yapmam&#8217; diye yan\u0131ts\u0131z b\u0131rakt\u0131.<\/p>\n<p style=\"text-align: justify;\">Ergenekon san\u0131\u011f\u0131 Prof. Mehmet Haberal, B\u00fclent Ecevit&#8217;in Ba\u015fbakan oldu\u011fu d\u00f6nemde rahats\u0131zl\u0131\u011f\u0131n\u0131n tedavisiyle ilgili \u015faibeli davran\u0131\u015flarda bulunmak ve sa\u011fl\u0131k gerek\u00e7esiyle Ecevit&#8217;i Ba\u015fbakanl\u0131ktan \u00e7ektirmeye \u00e7al\u0131\u015fmakla su\u00e7lan\u0131yor.<\/p>\n<p style=\"text-align: justify;\"><a href=\"http:\/\/www.gazeteport.com.tr\/SIYASET\/NEWS\/GP_886630\" target=\"_blank\">Kaynak : GAZETEPORT<\/a><\/p>\n","protected":false},"excerpt":{"rendered":"<p style=\"text-align: center;\">\n<p style=\"text-align: justify;\">CHP&#8217;nin tart\u0131\u015fmal\u0131 milletvekili aday listesi ve bu listedeki Mehmet Haberal isminden sonra g\u00f6zlerin \u00e7evrildi\u011fi Rah\u015fan Ecevit konu\u015ftu.<\/p>\n<p style=\"text-align: justify;\">Merhum Ba\u015fbakan B\u00fclent Ecevit&#8217;in e\u015fi Rah\u015fan Ecevit, CHP lideri Kemal K\u0131l\u0131\u00e7daro\u011flu&#8217;na olan deste\u011finin ise ilk g\u00fcnk\u00fc gibi s\u00fcrd\u00fc\u011f\u00fcn\u00fc s\u00f6yledi. <\/p>\n","protected":false},"author":1,"featured_media":0,"comment_status":"open","ping_status":"closed","sticky":false,"template":"","format":"standard","meta":{"footnotes":""},"categories":[105],"tags":[],"class_list":["post-30507","post","type-post","status-publish","format-standard","hentry","category-gundem","odd"],"_links":{"self":[{"href":"http:\/\/www.korhanyilmaz.com\/index.php?rest_route=\/wp\/v2\/posts\/30507","targetHints":{"allow":["GET"]}}],"collection":[{"href":"http:\/\/www.korhanyilmaz.com\/index.php?rest_route=\/wp\/v2\/posts"}],"about":[{"href":"http:\/\/www.korhanyilmaz.com\/index.php?rest_route=\/wp\/v2\/types\/post"}],"author":[{"embeddable":true,"href":"http:\/\/www.korhanyilmaz.com\/index.php?rest_route=\/wp\/v2\/users\/1"}],"replies":[{"embeddable":true,"href":"http:\/\/www.korhanyilmaz.com\/index.php?rest_route=%2Fwp%2Fv2%2Fcomments&post=30507"}],"version-history":[{"count":0,"href":"http:\/\/www.korhanyilmaz.com\/index.php?rest_route=\/wp\/v2\/posts\/30507\/revisions"}],"wp:attachment":[{"href":"http:\/\/www.korhanyilmaz.com\/index.php?rest_route=%2Fwp%2Fv2%2Fmedia&parent=30507"}],"wp:term":[{"taxonomy":"category","embeddable":true,"href":"http:\/\/www.korhanyilmaz.com\/index.php?rest_route=%2Fwp%2Fv2%2Fcategories&post=30507"},{"taxonomy":"post_tag","embeddable":true,"href":"http:\/\/www.korhanyilmaz.com\/index.php?rest_route=%2Fwp%2Fv2%2Ftags&post=30507"}],"curies":[{"name":"wp","href":"https:\/\/api.w.org\/{rel}","templated":true}]}}