{"id":30502,"date":"2011-04-13T07:32:39","date_gmt":"2011-04-13T04:32:39","guid":{"rendered":"http:\/\/www.korhanyilmaz.com\/?p=30502"},"modified":"2011-04-13T07:32:39","modified_gmt":"2011-04-13T04:32:39","slug":"turkcelli-de-boyle-mi-yoneteceklerdi","status":"publish","type":"post","link":"http:\/\/www.korhanyilmaz.com\/?p=30502","title":{"rendered":"Turkcell&#8217;i de b\u00f6yle mi y\u00f6neteceklerdi?"},"content":{"rendered":"<p style=\"text-align: justify;\"><a href=\"http:\/\/www.korhanyilmaz.com\/wp-content\/uploads\/2011\/04\/1071.jpg\"  class=\"lightview\"><img loading=\"lazy\" decoding=\"async\" class=\"aligncenter size-full wp-image-30503\" src=\"http:\/\/www.korhanyilmaz.com\/wp-content\/uploads\/2011\/04\/1071.jpg\" alt=\"\" width=\"384\" height=\"192\" \/><\/a><\/p>\n<p style=\"text-align: justify;\">Turkcell&#8217;in \u0130sve\u00e7li orta\u011f\u0131 TeliaSonera&#8217;n\u0131n ba\u015f\u0131 Kazakistan&#8217;daki yolsuzluk iddialar\u0131yla dertte. Gazeteport&#8217;un ula\u015ft\u0131\u011f\u0131 belgelere g\u00f6re, \u015firkete y\u00f6neltilen r\u00fc\u015fvet ve yolsuzluk iddialar\u0131n\u0131n b\u00fcy\u00fckl\u00fc\u011f\u00fcn\u00fcn 150 milyon dolar oldu\u011fu, bu rakam\u0131n ge\u00e7mi\u015fe d\u00f6n\u00fck incelemeyle 800 milyon dolara kadar \u00e7\u0131kabilece\u011fi iddia ediliyor. <!--more--><\/p>\n<p style=\"text-align: justify;\">Turkcell&#8217;in de ortakl\u0131\u011f\u0131 bulunan Fintur \u015firketinin Kazakistan&#8217;daki i\u015ftiraki Kcell ile ilgili iddialar\u0131n, TeliaSonera y\u00f6netiminin T\u00fcrkiye&#8217;de bakan ve i\u015f d\u00fcnyas\u0131 d\u00fczeyinde yapaca\u011f\u0131 temaslarda da bu iddialar\u0131n g\u00fcndeme gelmesi bekleniyor&#8230;<\/p>\n<p style=\"text-align: justify;\">Turkcell&#8217;de \u00c7ukurova Grubu&#8217;nun orta\u011f\u0131 olan \u0130sve\u00e7li Telia Sonera&#8217;n\u0131n Kazakistan&#8217;da b\u00fcy\u00fck bir yolsuzluk ve r\u00fc\u015fvet iddias\u0131na kar\u0131\u015ft\u0131\u011f\u0131 iddia ediliyor. Ortaya at\u0131lan iddialar sadece \u0130sve\u00e7li \u015firketi ve y\u00f6neticilerini de\u011fil, Turkcell&#8217;i ve Turkcell yat\u0131r\u0131mc\u0131lar\u0131n\u0131 da b\u00fcy\u00fck \u00f6l\u00e7\u00fcde ilgilendirir nitelik ta\u015f\u0131yor. \u00c7\u00fcnk\u00fc Telia Sonera ile ilgili iddialar\u0131n temelini olu\u015fturan \u015firket Turkcell&#8217;in de y\u00fczde 41,45 orta\u011f\u0131 oldu\u011fu Fintur .<\/p>\n<p style=\"text-align: justify;\">Turkcell&#8217;in Orta Do\u011fu ve T\u00fcrki Cumhuriyetler&#8217;deki faaliyetlerini s\u00fcrd\u00fcren Fintur \u015firketi, 2006 y\u0131l\u0131ndan bu yana Telia Sonera&#8217;n\u0131n y\u00f6netiminde bulunuyor.<\/p>\n<p style=\"text-align: justify;\">\u00c7ukurova Grubu&#8217;nun TMSF ile yapt\u0131\u011f\u0131 anla\u015fma d\u00f6neminde Digiturk kar\u015f\u0131l\u0131\u011f\u0131nda \u00e7o\u011funluk hissesini TeliaSonera&#8217;ya verdi\u011fi Fintur \u015firketi, Kazakistan, Azerbaycan, G\u00fcrcistan ve Moldova&#8217;da GSM operat\u00f6rlerine sahip.<\/p>\n<p style=\"text-align: justify;\">\u015eirketin y\u00f6netiminin \u0130sve\u00e7li TeliaSonera&#8217;ya devrinin ard\u0131ndan i\u015ftiraklerindeki y\u00f6neticilerinin \u00f6nemli b\u00f6l\u00fcm\u00fcn\u00fcn de\u011fi\u015ftirildi\u011fi, eski y\u00f6neticilerin yerine yeni isimlerin atand\u0131\u011f\u0131 biliniyor.<\/p>\n<p style=\"text-align: justify;\">Bu de\u011fi\u015fikli\u011fin ya\u015fand\u0131\u011f\u0131 \u00fclkelerden bir tanesi Kazakistan oldu.<\/p>\n<p style=\"text-align: justify;\"><strong>AK PART\u0130 Y\u00d6NET\u0130M\u0130 DE B\u0130L\u0130YOR<\/strong><\/p>\n<p style=\"text-align: justify;\">Gazeteport&#8217;a ula\u015fan ve Ankara&#8217;da Ak Parti y\u00f6netimine de iletildi\u011fi belirtilen bilgilere g\u00f6re, yolsuzluk ve r\u00fc\u015fvet iddialar\u0131n\u0131n temeli 2007 y\u0131l\u0131na dayan\u0131yor.<\/p>\n<p style=\"text-align: justify;\">TeliaSonera taraf\u0131ndan Kcell&#8217;in ba\u015f\u0131na atanan y\u00f6netimin Ericsson&#8217;da g\u00f6reve gelen bir ekiple i\u015fbirli\u011fi yaparak b\u00fcy\u00fck miktarlarda kayna\u011f\u0131 kendilerine aktard\u0131\u011f\u0131 iddia ediliyor.<\/p>\n<p style=\"text-align: justify;\">\u0130ddialara g\u00f6re, 2007 y\u0131l\u0131nda g\u00f6reve gelen y\u00f6netim, yolsuzluk i\u00e7in iki ayr\u0131 y\u00f6ntem kullan\u0131yor.<\/p>\n<p style=\"text-align: justify;\"><strong>\u0130K\u0130 AYRI Y\u00d6NTEM<\/strong><\/p>\n<p style=\"text-align: justify;\">Bunlardan ilki, baz\u0131 sahte sipari\u015fler ile yap\u0131lmayan i\u015flerin yap\u0131lm\u0131\u015f gibi g\u00f6sterilerek ta\u015feron firmalar \u00fczerinden do\u011frudan y\u00f6neticilere kaynak aktar\u0131lmas\u0131.<\/p>\n<p style=\"text-align: justify;\">\u0130ddialara g\u00f6re, Kcell y\u00f6netimi altyap\u0131 hizmeti, teknik destek hizmeti, ula\u015ft\u0131rma hizmeti gibi baz\u0131 hizmetleri Ericsson&#8217;dan al\u0131yor. Ericsson&#8217;da Kcell y\u00f6netimine yak\u0131n iki ismin katk\u0131s\u0131yla, Kcell&#8217;in talep etti\u011fi bu hizmetler, te\u015faronlara devrediliyor. Ta\u015feronlar arac\u0131l\u0131\u011f\u0131yla kesilen naylon fatura ile bu t\u00fcr hizmetler, asl\u0131nda verilmemesine ra\u011fmen verilmi\u015f gibi g\u00f6steriliyor.<\/p>\n<p style=\"text-align: justify;\"><strong>S\u0130LAHLI TEHD\u0130T<\/strong><\/p>\n<p style=\"text-align: justify;\">\u00d6rne\u011fin, Kcell&#8217;in y\u00f6netimine gelen V.A. g\u00f6reve geldikten sonra 60 milyon dolarl\u0131k bir bina in\u015faat\u0131 yapmak istedi\u011fi, bu in\u015faat i\u00e7in Y.T.&#8217;a ait iki \u015firket taraf\u0131ndan biri 62 di\u011feri ise 68 milyon dolarl\u0131k iki teklif verdirildi\u011fi s\u00f6yleniyor. \u0130halenin V.A.&#8217;\u0131n yak\u0131n\u0131 oldu\u011fu belirtilen E.M. taraf\u0131ndan al\u0131nd\u0131\u011f\u0131 ve 30 milyon dolar\u0131n nakit \u00f6dendi\u011fi de gelen iddialar aras\u0131nda. Ancak daha sonra E.M. ile V.A.&#8217;\u0131n aras\u0131n\u0131n a\u00e7\u0131ld\u0131\u011f\u0131, Mardinli oldu\u011fu belirtilen E.M.&#8217;nun V.A&#8217;\u0131n evinin alt kat\u0131n\u0131 tutarak silahl\u0131 adamlar ile V.A&#8217;\u0131 tehdit etti\u011fi, V.A&#8217;\u0131n tehditten korunmak i\u00e7in koruma tutmak zorunda kald\u0131\u011f\u0131 ifade ediliyor. V.A&#8217;\u0131n devreye giren baz\u0131 isimler sayesinde tehditten kurtuldu\u011fu ve E.M.&#8217;na kalan \u00f6demenin de yap\u0131ld\u0131\u011f\u0131 belirtiliyor. Ancak, bu iddialar\u0131n \u00f6tesinde binada yap\u0131lan i\u015fin sadece binan\u0131n defalarca boyanmas\u0131ndan ibaret oldu\u011fu da ifade ediliyor.<\/p>\n<p style=\"text-align: justify;\">Ta\u015feron firmalara verilen y\u00fcksek bedel, elden y\u00f6neticilere iletiliyor. Bu paran\u0131n u\u00e7akla veya \u00e7anta i\u00e7inde T\u00fcrkiye&#8217;ye getirilerek do\u011frudan payla\u015f\u0131ld\u0131\u011f\u0131 iddia ediliyor.<\/p>\n<p style=\"text-align: justify;\"><strong>MAL\u0130YET \u015e\u0130\u015e\u0130RME Y\u00d6NTEM\u0130<\/strong><\/p>\n<p style=\"text-align: justify;\">\u0130kinci para aktarma y\u00f6ntemi ise birim maliyetlerin \u015fi\u015firilmesi.<\/p>\n<p style=\"text-align: justify;\">Bu y\u00f6ntemde de \u015firket ad\u0131na al\u0131nan bir\u00e7ok hizmet ile ilgili olarak V.A ile Ericsson&#8217;un \u00fclkedeki y\u00f6neticisi C.S.E. aras\u0131ndaki ili\u015fkinin \u00f6ne \u00e7\u0131kt\u0131\u011f\u0131 ifade ediliyor.<\/p>\n<p style=\"text-align: justify;\">\u00d6rne\u011fin saha kurulumlar\u0131yla ilgili olarak sistem \u015f\u00f6yle i\u015fliyor:<\/p>\n<p style=\"text-align: justify;\">Kcell y\u00f6netimi, saha kurulumlar\u0131yla ilgili olarak Ericsson&#8217;un \u00fclkedeki y\u00f6neticisi ile irtibata ge\u00e7iyor. Ericsson&#8217;un Kcell ile ba\u011flant\u0131l\u0131 olan y\u00f6neticisi ise i\u015fi her iki taraf\u0131n da &#8220;onaylad\u0131\u011f\u0131&#8221; iki ta\u015feron firmaya devrediyor. Firmalardan birinin ad\u0131 Metro, di\u011ferininki ise Micro. Normalde 213 dolar olan saha kurulum \u00fccreti, 474 dolara yap\u0131l\u0131yor. Buradan Ericsson&#8217;a y\u00fczde 5 ile 15 aras\u0131nda bir i\u015f bedeli veriliyor. Kalan para ta\u015feron \u00fczerinden Kcell ve Ericsson y\u00f6neticilerine aktar\u0131l\u0131yor. Bu paralar\u0131n da yine ayn\u0131 \u015fekilde Kcell y\u00f6neticileri taraf\u0131ndan u\u00e7ak ve \u00e7antalar ile T\u00fcrkiye&#8217;ye ta\u015f\u0131nd\u0131\u011f\u0131 belirtiliyor.<\/p>\n<p style=\"text-align: justify;\"><strong>\u015e\u0130RKETE KAZAK DEVLET\u0130 DE ORTAK<\/strong><\/p>\n<p style=\"text-align: justify;\">\u0130ddialar\u0131n bir ba\u015fka ilgin\u00e7 boyutu daha bulunuyor. Kcell \u015firketinin y\u00fczde 49&#8217;luk hissesi Kazakistan devletine ait . Bu nedenle Kazak ortaklar\u0131n bu iki ta\u015feron \u015firketle ilgili ku\u015fku duymamas\u0131 i\u00e7in zaman i\u00e7inde \u015firketlerin isimlerinde k\u00fc\u00e7\u00fck de\u011fi\u015fiklikler yap\u0131l\u0131yor.<\/p>\n<p style=\"text-align: justify;\">Bunun ard\u0131ndan TOO Micro Engineering \u015firketinin ad\u0131 bir s\u00fcre sonra TOO Micro Wireless olarak de\u011fi\u015ftiriliyor. \u0130sim de\u011fi\u015ftirme y\u00f6ntemi, ayn\u0131 zamanda \u0130sve\u00e7li Ericsson firmas\u0131n\u0131n genel merkezinin operasyondan ku\u015fku duymamas\u0131 i\u00e7in de b\u00fcy\u00fck \u00f6nem ta\u015f\u0131yor.<\/p>\n<p style=\"text-align: justify;\"><strong>150 M\u0130LYON DOLARLIK YOLSUZLUK<\/strong><\/p>\n<p style=\"text-align: justify;\">Bu y\u00f6ntemle, yani \u00f6rne\u011fin saha kurulumlar\u0131yla yap\u0131lan yolsuzlu\u011fun 2007&#8217;den bu yana toplam tutar\u0131n\u0131n 50 milyon dolar\u0131 buldu\u011fu iddia ediliyor. Ayr\u0131ca, kiralama i\u015flemleri, reklamlar, uluslararas\u0131 roaming, uydu ba\u011flant\u0131lar\u0131, ekipman ihaleleriyle birlikte yakla\u015f\u0131k 40 milyon dolarl\u0131k daha haks\u0131z kazan\u00e7 sa\u011fland\u0131\u011f\u0131 belirtiliyor . Bu yollarla elde edilen rakam\u0131n 150 milyon dolar\u0131 buldu\u011fu, ge\u00e7mi\u015fe y\u00f6nelik yap\u0131lacak incelemelerle birlikte toplam yolsuzluk tutar\u0131n\u0131n 800 milyon dolara kadar ula\u015fabilece\u011fi vurgulan\u0131yor. Kcell&#8217;in toplam yat\u0131r\u0131m tutar\u0131n\u0131n 1.8 milyar dolar oldu\u011fu dikkate al\u0131nd\u0131\u011f\u0131nda, bu rakam\u0131n ne kadar b\u00fcy\u00fck oldu\u011funun g\u00f6r\u00fclebilece\u011fi belirtiliyor.<\/p>\n<p style=\"text-align: justify;\"><strong>F\u0130NTUR Y\u00d6NET\u0130M\u0130 DE DAH\u0130L M\u0130?<\/strong><\/p>\n<p style=\"text-align: justify;\">Bu y\u00f6ntem ile Kazakistan&#8217;da toplanan paran\u0131n ayn\u0131 zamanda Fintur y\u00f6netimiyle payla\u015f\u0131ld\u0131\u011f\u0131na dair iddialar da s\u00f6zkonusu. Fintur&#8217;un CEO&#8217;su olarak g\u00f6rev yapan, ayn\u0131 zamanda Telia Sonera&#8217;n\u0131n temsilcisi s\u0131fat\u0131yla Turkcell y\u00f6netim kurulunda da bulunan Tero Kvisaari&#8217;nin de bu eylemlerden bilgisi oldu\u011fu iddia ediliyor.<\/p>\n<p style=\"text-align: justify;\"><strong>ARAL G\u00d6ZALTINA ALINDI<\/strong><\/p>\n<p style=\"text-align: justify;\">Ancak t\u00fcm bunlara ra\u011fmen Kazakistan istihbarat servisi, ta\u015feron \u015firketlerden naylon fatura ve \u015fi\u015firilmi\u015f maliyetler ile i\u015f yapt\u0131\u011f\u0131n\u0131 belirliyor. Bu durumun da belirli miktarlarda d\u00fczenli r\u00fc\u015fvet verilerek a\u015f\u0131ld\u0131\u011f\u0131 iddia ediliyor.<\/p>\n<p style=\"text-align: justify;\">2009 y\u0131l\u0131nda V.A.&#8217;\u0131n, Kazakistan istihbarat\u0131 taraf\u0131ndan g\u00f6zalt\u0131na al\u0131nd\u0131\u011f\u0131 belirtiliyor. Kendisine zor kullan\u0131larak senetler imzalat\u0131ld\u0131\u011f\u0131 ve istihbarat\u0131n baz\u0131 yetkililerinin de sistemden b\u00f6ylelikle pay almaya ba\u015flad\u0131klar\u0131 vurgulan\u0131yor.<\/p>\n<p style=\"text-align: justify;\"><strong>RUT\u0130N DENET\u0130MDE ORTAYA \u00c7IKTI<\/strong><\/p>\n<p style=\"text-align: justify;\">2010 y\u0131l\u0131 ba\u015f\u0131nda ise Ericsson&#8217;un \u0130sve\u00e7 merkezinden gelen rutin denetim ekibinin olaylar\u0131n fark\u0131na vard\u0131\u011f\u0131 belirtiliyor.<\/p>\n<p style=\"text-align: justify;\">Sistemin ortaya \u00e7\u0131kaca\u011f\u0131 kayg\u0131s\u0131yla birlikte suni bir kriz yarat\u0131l\u0131yor. Kcell, Ericsonn&#8217;u istihbarat birimlerini kendisine bula\u015ft\u0131rmakla su\u00e7luyor. Kcell, t\u00fcm \u00fclkedeki operasyonlar\u0131nda Ericsson&#8217;u devre d\u0131\u015f\u0131 b\u0131rakt\u0131\u011f\u0131n\u0131 a\u00e7\u0131kl\u0131yor. Cem Sel\u00e7uk Ersoy, alt kadrolar\u0131ndaki baz\u0131 isimlerin de bu i\u015fe kar\u0131\u015ft\u0131\u011f\u0131n\u0131 iddia ederek Ericsson&#8217;un \u00fclkedeki \u00e7al\u0131\u015fanlar\u0131n\u0131 i\u015ften \u00e7\u0131kar\u0131yor.<\/p>\n<p style=\"text-align: justify;\"><strong>KAZAK H\u00dcK\u00dcMET\u0130 DEVREDE<\/strong><\/p>\n<p style=\"text-align: justify;\">Ancak i\u015flerin bu kadar ortaya \u00e7\u0131kmas\u0131n\u0131n ard\u0131ndan Kazak h\u00fck\u00fcmeti de devreye giriyor. \u015eu anda Fintur&#8217;un Kazakistan&#8217;daki y\u00fczde 51\/49&#8217;luk ortakl\u0131\u011f\u0131n\u0131n tehlikede oldu\u011fu, Kazak h\u00fck\u00fcmetinin \u015firketin ana s\u00f6zle\u015fmesinde yer alan y\u00fczde 1&#8217;lik alt\u0131n hisse hakk\u0131n\u0131 kullanma olas\u0131l\u0131\u011f\u0131n\u0131n bulundu\u011fu ifade ediliyor. Konuyla ilgili s\u00fcrecin uzamas\u0131yla birlikte TeliaSonera CEO&#8217;su Lars Nyberg&#8217;in de Kazakistan&#8217;a giderek temaslarda bulundu\u011fu ifade ediliyor.<\/p>\n<p style=\"text-align: justify;\"><strong>YABANCI BASINDA DA YER ALDI<\/strong><\/p>\n<p style=\"text-align: justify;\">Konuyla ilgili iddialar, yabanc\u0131 bas\u0131nda da yer bulmu\u015f durumda. \u0130ddialar\u0131n ortaya at\u0131lmas\u0131n\u0131n ard\u0131ndan TeliaSonera y\u00f6netimi h\u0131zl\u0131 bir soru\u015fturma yap\u0131ld\u0131\u011f\u0131n\u0131, ancak bu iddialar\u0131n ger\u00e7e\u011fi yans\u0131tmad\u0131\u011f\u0131n\u0131 ifade etti.<\/p>\n<p style=\"text-align: justify;\">TeliaSonera y\u00f6netiminden yap\u0131lan yaz\u0131l\u0131 a\u00e7\u0131klamada &#8220;Bu konu daha \u00f6nce de g\u00fcndeme gelmi\u015f ve hem Ericsson hem de Telia Sonera taraf\u0131ndan soru\u015fturulmu\u015ftur. Ancak, iddialar\u0131n hi\u00e7bir dayana\u011f\u0131 bulunmad\u0131\u011f\u0131 kan\u0131s\u0131na var\u0131lm\u0131\u015ft\u0131r&#8221; denildi.<\/p>\n<p style=\"text-align: justify;\"><strong>TURKCELL Y\u00d6NET\u0130M\u0130NDE DE KAYDA GE\u00c7T\u0130<\/strong><\/p>\n<p style=\"text-align: justify;\">Gazeteport&#8217;un ula\u015ft\u0131\u011f\u0131 bilgilere g\u00f6re, iddialar Adalet ve Kalk\u0131nma Partisi&#8217;nin \u00fcst y\u00f6netimine de iletilmi\u015f durumda. Yolsuzluk iddialar\u0131n\u0131n Turkcell y\u00f6netim kuruluna da ta\u015f\u0131nd\u0131\u011f\u0131 ve kay\u0131tlara ge\u00e7irildi\u011fi belirtiliyor.<\/p>\n<p style=\"text-align: justify;\">Ancak TeliaSonera ve Alfa y\u00f6neticilerinin konuyla ilgili soru\u015fturma karar\u0131 ald\u0131r\u0131p ald\u0131rmayaca\u011f\u0131 \u015fu an i\u00e7in belirsizli\u011fini koruyor.<\/p>\n<p style=\"text-align: justify;\">Ayr\u0131ca, Fintur y\u00f6netiminin Turkcell&#8217;in di\u011fer \u00fclkelerdeki operasyonlara ili\u015fkin maliyet hesaplar\u0131n\u0131n kar\u015f\u0131la\u015ft\u0131r\u0131lmas\u0131 y\u00f6n\u00fcndeki taleplerini de geri \u00e7evirdi\u011fi ifade ediliyor.<\/p>\n<p style=\"text-align: justify;\"><strong>\u00d6NEML\u0130 SORU<\/strong><\/p>\n<p style=\"text-align: justify;\">Teliasonera, Rus Alfa ile yapt\u0131\u011f\u0131 ve Rus mahkemesinden d\u00f6nen protokolde Turkcell&#8217;in yurtd\u0131\u015f\u0131 operasyonlar\u0131n\u0131 kurulacak bir \u00e7at\u0131 \u015firketin alt\u0131nda birle\u015ftirmeyi, Turkcell&#8217;in Fintur&#8217;daki hisselerinin t\u00fcm\u00fcn\u00fcn de sat\u0131n al\u0131nmas\u0131n\u0131 ama\u00e7lad\u0131\u011f\u0131n\u0131 a\u00e7\u0131klam\u0131\u015ft\u0131. Ya\u015fanan bu geli\u015fmeler ve iddialar, \u201cTeliaSonera son genel kurulda hedefine ula\u015fsayd\u0131, Turkcell\u2019i de b\u00f6yle mi y\u00f6netecekti? \u201d sorusunu g\u00fcndeme getirdi.<\/p>\n<p style=\"text-align: justify;\">Bu geli\u015fmelerin ard\u0131ndan TeliaSonera y\u00f6netiminin bu hafta bakan ve i\u015f d\u00fcnyas\u0131 nezdinde yapaca\u011f\u0131 g\u00f6r\u00fc\u015fmelerde bu yolsuzluk iddialar\u0131n\u0131n da g\u00fcndeme gelmesine kesin g\u00f6z\u00fcyle bak\u0131l\u0131yor.<\/p>\n<p style=\"text-align: justify;\"><a href=\"http:\/\/www.gazeteport.com.tr\/EKONOMI\/NEWS\/GP_886203\" target=\"_blank\">Kaynak : GAZETEPORT<\/a><\/p>\n","protected":false},"excerpt":{"rendered":"<p style=\"text-align: justify;\">\n<p style=\"text-align: justify;\">Turkcell&#8217;in \u0130sve\u00e7li orta\u011f\u0131 TeliaSonera&#8217;n\u0131n ba\u015f\u0131 Kazakistan&#8217;daki yolsuzluk iddialar\u0131yla dertte. Gazeteport&#8217;un ula\u015ft\u0131\u011f\u0131 belgelere g\u00f6re, \u015firkete y\u00f6neltilen r\u00fc\u015fvet ve yolsuzluk iddialar\u0131n\u0131n b\u00fcy\u00fckl\u00fc\u011f\u00fcn\u00fcn 150 milyon dolar oldu\u011fu, bu rakam\u0131n ge\u00e7mi\u015fe d\u00f6n\u00fck incelemeyle 800 milyon dolara kadar \u00e7\u0131kabilece\u011fi iddia ediliyor. <\/p>\n","protected":false},"author":1,"featured_media":0,"comment_status":"open","ping_status":"closed","sticky":false,"template":"","format":"standard","meta":{"footnotes":""},"categories":[105],"tags":[],"class_list":["post-30502","post","type-post","status-publish","format-standard","hentry","category-gundem","odd"],"_links":{"self":[{"href":"http:\/\/www.korhanyilmaz.com\/index.php?rest_route=\/wp\/v2\/posts\/30502","targetHints":{"allow":["GET"]}}],"collection":[{"href":"http:\/\/www.korhanyilmaz.com\/index.php?rest_route=\/wp\/v2\/posts"}],"about":[{"href":"http:\/\/www.korhanyilmaz.com\/index.php?rest_route=\/wp\/v2\/types\/post"}],"author":[{"embeddable":true,"href":"http:\/\/www.korhanyilmaz.com\/index.php?rest_route=\/wp\/v2\/users\/1"}],"replies":[{"embeddable":true,"href":"http:\/\/www.korhanyilmaz.com\/index.php?rest_route=%2Fwp%2Fv2%2Fcomments&post=30502"}],"version-history":[{"count":0,"href":"http:\/\/www.korhanyilmaz.com\/index.php?rest_route=\/wp\/v2\/posts\/30502\/revisions"}],"wp:attachment":[{"href":"http:\/\/www.korhanyilmaz.com\/index.php?rest_route=%2Fwp%2Fv2%2Fmedia&parent=30502"}],"wp:term":[{"taxonomy":"category","embeddable":true,"href":"http:\/\/www.korhanyilmaz.com\/index.php?rest_route=%2Fwp%2Fv2%2Fcategories&post=30502"},{"taxonomy":"post_tag","embeddable":true,"href":"http:\/\/www.korhanyilmaz.com\/index.php?rest_route=%2Fwp%2Fv2%2Ftags&post=30502"}],"curies":[{"name":"wp","href":"https:\/\/api.w.org\/{rel}","templated":true}]}}