{"id":30497,"date":"2011-04-13T14:50:12","date_gmt":"2011-04-13T11:50:12","guid":{"rendered":"http:\/\/www.korhanyilmaz.com\/?p=30497"},"modified":"2011-04-13T14:50:12","modified_gmt":"2011-04-13T11:50:12","slug":"ogrencilerin-ygs-isyani-suruyor","status":"publish","type":"post","link":"http:\/\/www.korhanyilmaz.com\/?p=30497","title":{"rendered":"\u00d6\u011frencilerin YGS isyan\u0131 s\u00fcr\u00fcyor"},"content":{"rendered":"<p style=\"text-align: center;\"><a href=\"http:\/\/www.korhanyilmaz.com\/wp-content\/uploads\/2011\/04\/1061.jpg\"  class=\"lightview\"><img loading=\"lazy\" decoding=\"async\" class=\"aligncenter size-full wp-image-30498\" src=\"http:\/\/www.korhanyilmaz.com\/wp-content\/uploads\/2011\/04\/1061.jpg\" alt=\"\" width=\"321\" height=\"241\" \/><\/a><\/p>\n<p style=\"text-align: justify;\">Ankara&#8217;da bir grup lise \u00f6\u011frencisi, Y\u00fcksek\u00f6\u011fretime Ge\u00e7i\u015f S\u0131nav\u0131&#8217;n\u0131n (YGS) iptal edilmesi iste\u011fiyle eylem yapt\u0131.<\/p>\n<p style=\"text-align: justify;\">Ankara- Sakarya Caddesinde toplanan \u00f6\u011frenciler, &#8221;K\u0131r kalemi \u00e7\u0131k soka\u011fa \u00d6SYM&#8217;ye kar\u015f\u0131 omuz omuza&#8221;, &#8221;YGS&#8217;yi iptal et halka hesap ver&#8221; \u015feklinde sloganlar atarak Y\u00fcksel Caddesi&#8217;ne do\u011fru y\u00fcr\u00fcy\u00fc\u015fe ge\u00e7ti. Gruba \u00e7evredeki \u00f6\u011frenciler de alk\u0131\u015flarla destek verdi. <!--more--><\/p>\n<p style=\"text-align: justify;\">\u00d6\u011frenciler, Y\u00fcksel Caddesinde yapt\u0131klar\u0131 bas\u0131n a\u00e7\u0131klamas\u0131nda, YGS&#8217;de uyguland\u0131\u011f\u0131 iddia edilen \u015fifrelerin tesad\u00fcf olmad\u0131\u011f\u0131n\u0131 ileri s\u00fcrerek, s\u0131nav\u0131n iptal edilmesini ve sorumlular\u0131n yarg\u0131lanmas\u0131n\u0131 istedi.<\/p>\n<p style=\"text-align: justify;\">A\u00e7\u0131klamadan sonra ellerindeki balonlar\u0131 patlatan ve kalem k\u0131ran \u00f6\u011frencilerin eylemi olays\u0131z sona erdi.<\/p>\n<p style=\"text-align: justify;\"><a href=\"http:\/\/www.cumhuriyet.com.tr\/?hn=233642&amp;kw=%D6%F0rencilerin+YGS+isyan%FD+s%FCr%FCyor\" target=\"_blank\">Kaynak : Cumhuriyet Haber Portal\u0131<\/a><\/p>\n","protected":false},"excerpt":{"rendered":"<p style=\"text-align: center;\">\n<p style=\"text-align: justify;\">Ankara&#8217;da bir grup lise \u00f6\u011frencisi, Y\u00fcksek\u00f6\u011fretime Ge\u00e7i\u015f S\u0131nav\u0131&#8217;n\u0131n (YGS) iptal edilmesi iste\u011fiyle eylem yapt\u0131.<\/p>\n<p style=\"text-align: justify;\">Ankara- Sakarya Caddesinde toplanan \u00f6\u011frenciler, &#8221;K\u0131r kalemi \u00e7\u0131k soka\u011fa \u00d6SYM&#8217;ye kar\u015f\u0131 omuz omuza&#8221;, &#8221;YGS&#8217;yi iptal et halka hesap ver&#8221; \u015feklinde sloganlar atarak Y\u00fcksel Caddesi&#8217;ne do\u011fru y\u00fcr\u00fcy\u00fc\u015fe ge\u00e7ti. Gruba \u00e7evredeki \u00f6\u011frenciler de alk\u0131\u015flarla destek verdi. <\/p>\n","protected":false},"author":1,"featured_media":0,"comment_status":"open","ping_status":"closed","sticky":false,"template":"","format":"standard","meta":{"footnotes":""},"categories":[105],"tags":[],"class_list":["post-30497","post","type-post","status-publish","format-standard","hentry","category-gundem","odd"],"_links":{"self":[{"href":"http:\/\/www.korhanyilmaz.com\/index.php?rest_route=\/wp\/v2\/posts\/30497","targetHints":{"allow":["GET"]}}],"collection":[{"href":"http:\/\/www.korhanyilmaz.com\/index.php?rest_route=\/wp\/v2\/posts"}],"about":[{"href":"http:\/\/www.korhanyilmaz.com\/index.php?rest_route=\/wp\/v2\/types\/post"}],"author":[{"embeddable":true,"href":"http:\/\/www.korhanyilmaz.com\/index.php?rest_route=\/wp\/v2\/users\/1"}],"replies":[{"embeddable":true,"href":"http:\/\/www.korhanyilmaz.com\/index.php?rest_route=%2Fwp%2Fv2%2Fcomments&post=30497"}],"version-history":[{"count":0,"href":"http:\/\/www.korhanyilmaz.com\/index.php?rest_route=\/wp\/v2\/posts\/30497\/revisions"}],"wp:attachment":[{"href":"http:\/\/www.korhanyilmaz.com\/index.php?rest_route=%2Fwp%2Fv2%2Fmedia&parent=30497"}],"wp:term":[{"taxonomy":"category","embeddable":true,"href":"http:\/\/www.korhanyilmaz.com\/index.php?rest_route=%2Fwp%2Fv2%2Fcategories&post=30497"},{"taxonomy":"post_tag","embeddable":true,"href":"http:\/\/www.korhanyilmaz.com\/index.php?rest_route=%2Fwp%2Fv2%2Ftags&post=30497"}],"curies":[{"name":"wp","href":"https:\/\/api.w.org\/{rel}","templated":true}]}}