{"id":30488,"date":"2011-04-13T09:06:33","date_gmt":"2011-04-13T06:06:33","guid":{"rendered":"http:\/\/www.korhanyilmaz.com\/?p=30488"},"modified":"2011-04-13T09:06:33","modified_gmt":"2011-04-13T06:06:33","slug":"akp-de-ordu-da-benden-rahatsizdi","status":"publish","type":"post","link":"http:\/\/www.korhanyilmaz.com\/?p=30488","title":{"rendered":"AKP de ordu da benden rahats\u0131zd\u0131"},"content":{"rendered":"<p style=\"text-align: justify;\"><a href=\"http:\/\/www.korhanyilmaz.com\/wp-content\/uploads\/2011\/04\/1041.jpg\"  class=\"lightview\"><img loading=\"lazy\" decoding=\"async\" class=\"aligncenter size-full wp-image-30489\" src=\"http:\/\/www.korhanyilmaz.com\/wp-content\/uploads\/2011\/04\/1041.jpg\" alt=\"\" width=\"300\" height=\"167\" \/><\/a><\/p>\n<p style=\"text-align: justify;\">Ergenekon soru\u015fturmalar\u0131n\u0131 y\u00fcr\u00fcten \u00d6zel Yetkili Savc\u0131 Zekeriya \u00d6z g\u00f6revden al\u0131nmas\u0131yla ilgili h\u00fck\u00fcmet ve orduyu su\u00e7lad\u0131.<\/p>\n<p style=\"text-align: justify;\">Savc\u0131 \u00d6z&#8217;\u00fcn, yak\u0131n \u00e7evresine terfi etmedi\u011fini s\u00f6yledi\u011fi ve &#8220;AKP se\u00e7im \u00f6ncesi korkmu\u015f olabilir. Ordu da zaten benden rahats\u0131zd\u0131&#8221; dedi\u011fi iddia edildi. <!--more--><\/p>\n<p style=\"text-align: justify;\">Taraf gazetesinde yer alan habere g\u00f6re, \u0130stanbul Ba\u015fsavc\u0131vekilli\u011fi&#8217;ne getirilen Zekeriya \u00d6z, Ahmet \u015e\u0131k&#8217;a yap\u0131lan operasyonu da savundu. &#8220;Hata yapmad\u0131m. Ama AKP kamuoyu tepkisi nedeniyle se\u00e7imlerde oy kaybetmekten korkmu\u015f da olabilir&#8221; \u015feklinde operasyonu savunan \u00d6z&#8217;e g\u00f6re son Zirve Yay\u0131nevi operasyonu da rahats\u0131zl\u0131\u011f\u0131 art\u0131rm\u0131\u015f olabilir. Savc\u0131 \u00d6z kitap yazmayaca\u011f\u0131n\u0131 da belirtmi\u015f.<\/p>\n<p style=\"text-align: justify;\">Be\u015fikta\u015f&#8217;taki \u0130stanbul Adliyesi&#8217;nden Sultanahmet&#8217;teki odas\u0131na ta\u015f\u0131nan  \u0130stanbul Cumhuriyet Ba\u015fsavc\u0131s\u0131 Vekili Zekeriya \u00d6z&#8217;\u00fcn yeni ofisi, \u00e7e\u015fit \u00e7e\u015fit \u00e7i\u00e7eklerle adeta bir bah\u00e7eye d\u00f6n\u00fc\u015ft\u00fc. T\u00fcrkiye&#8217;deki derin devlet yap\u0131lanmas\u0131na, askerinden, emniyet, medya, yarg\u0131, siyaset\u00e7isine kadar kimsenin dokunmaya cesaret edemedi\u011fi ki\u015filere dokunan Savc\u0131 \u00d6z&#8217;e,  \u0130stanbul Savc\u0131 Ba\u015fvekili olmas\u0131n\u0131n ard\u0131ndan T\u00fcrkiye&#8217;nin d\u00f6rt bir yan\u0131ndan te\u015fekk\u00fcr mektuplar\u0131 ya\u011f\u0131yor. Yeni g\u00f6rev yerinde tebrik ziyaretlerini kabul eden \u00d6z&#8217;\u00fc eski \u00e7al\u0131\u015fma arkada\u015flar\u0131n\u0131n yan\u0131 s\u0131ra Ergenekon soru\u015fturmas\u0131na bakmakla g\u00f6revlendirilen savc\u0131lar da ziyaret etti. G\u00f6r\u00fc\u015fme esnas\u0131nda yeni savc\u0131lar Ergenekon operasyonu ile ilgili bilgi al\u0131\u015fveri\u015finde bulundu.<\/p>\n<p style=\"text-align: justify;\">Edinilen bilgilere g\u00f6re, \u015fimdiki g\u00f6rev yeri ile ilgili &#8221;Binlerce dosya i\u00e7inde oksijensiz kalm\u0131\u015ft\u0131m. Art\u0131k nefes alabiliyorum.O d\u00f6nemlerde Ergenekon d\u0131\u015f\u0131nda da farkl\u0131 dosyalara bak\u0131yordum. Ergenekon s\u00fcrecindeki yo\u011funluktan unutkanl\u0131k da ba\u015flam\u0131\u015ft\u0131. Yo\u011funluktan yapmak istediklerimi de ertelemi\u015ftim. \u015eimdi ertelediklerimi yapmaya ba\u015flayaca\u011f\u0131m. Daha rahat\u0131m. Ya\u015fad\u0131\u011f\u0131m\u0131 anlad\u0131m&#8221; dedi.<\/p>\n<p style=\"text-align: justify;\"><strong>H\u00dcK\u00dcMET OY KAYBINI G\u00d6ZE ALAMADI<\/strong><\/p>\n<p style=\"text-align: justify;\">D\u00f6rt y\u0131ld\u0131r Ergenekon soru\u015fturmas\u0131n\u0131 y\u00fcr\u00fcten \u00d6z, ge\u00e7en ay HSYK kararnamesi ile \u00f6zel yetkileri elinden al\u0131narak \u0130stanbul Cumhuriyet Ba\u015fsavc\u0131l\u0131\u011f\u0131&#8217;na getirildi. Kimisine g\u00f6re terfi, kimisine g\u00f6re ise k\u0131zak ve tasfiye olarak de\u011ferlendirilen bu g\u00f6rev de\u011fi\u015fikli\u011fi ile ilgili en \u00e7arp\u0131c\u0131 bilgi \u00d6z&#8217;e yak\u0131n \u00e7evrelerden geldi. Taraf&#8217;\u0131n edindi\u011fi bilgilere g\u00f6re g\u00f6rev de\u011fi\u015fikli\u011fi beklemeyen \u00d6z, yak\u0131n \u00e7evresine \u015fu yorumlar\u0131 yapt\u0131: &#8221;Ahmet \u015e\u0131k&#8217;\u0131n tutuklanmas\u0131na neden olan operasyondan sonra olu\u015fan kamuoyu tepkisi nedeniyle h\u00fck\u00fcmet se\u00e7im \u00f6ncesi oy kaybetmeyi g\u00f6ze alamad\u0131\u011f\u0131ndan &#8216;bu savc\u0131yla m\u0131 u\u011fra\u015faca\u011f\u0131z&#8217; diye d\u00fc\u015f\u00fcnm\u00fc\u015f olabilir. E\u011fer bu terfi olsayd\u0131, Be\u015fikta\u015f&#8217;ta bulunan \u00f6zel yetkili \u0130stanbul Adliyesi&#8217;ne ikinci ba\u015fsavc\u0131 vekili olarak getirilebilirdim. Ancak bu yap\u0131lmayarak \u00f6zel yetkilerim al\u0131n\u0131p d\u00fcz ba\u015fsavc\u0131 vekili oldum. Bir hata yapt\u0131\u011f\u0131m d\u00fc\u015f\u00fcn\u00fcl\u00fcyorsa hakk\u0131mda bir inceleme yap\u0131lmas\u0131 gerekirdi. Bu da yap\u0131lmayarak Ergenekon soru\u015fturmas\u0131ndan al\u0131nmam asl\u0131nda bir anlamda bunun tam olarak terfi olmad\u0131\u011f\u0131n\u0131 g\u00f6steriyor.&#8221;<\/p>\n<p style=\"text-align: justify;\"><strong>Z\u0130RVE SIKINTI YARATMI\u015e OLAB\u0130L\u0130R<\/strong><\/p>\n<p style=\"text-align: justify;\">\u00d6z&#8217;e yak\u0131n bu \u00e7evrelerden s\u0131zan bilgilere g\u00f6re ba\u015far\u0131l\u0131 savc\u0131, g\u00f6rev de\u011fi\u015fikli\u011fi konusunda \u015fu de\u011ferlendirmeleri yapt\u0131: &#8221;Ordu \u00f6zellikle Balyoz davas\u0131ndan rahats\u0131z oldu. Bunu her f\u0131rsatta dile getirdi. Ergenekon s\u00fcrecinde d\u00f6nemin Genelkurmay Ba\u015fkan\u0131 \u0130lker Ba\u015fbu\u011f&#8217;un, Ba\u015fbakan&#8217;a giderek tutuklanmamalar\u0131 y\u00f6n\u00fcnde pazarl\u0131k yapt\u0131\u011f\u0131 bilgisi de bize geliyordu. Soru\u015fturmalarda h\u00fck\u00fcmet de g\u00fc\u00e7lendi.Bir huzur geldi. Art\u0131k faili me\u00e7huller i\u015flenmemeye ba\u015fland\u0131, ekonomi g\u00fc\u00e7lendi. Bir\u00e7ok \u00f6rg\u00fct eskisi gibi aktif de\u011fil. Ama tabii bir noktadan sonra h\u00fck\u00fcmet de rahats\u0131z olmu\u015f olabilir.\u00d6zellikle Ergenekon soru\u015fturmas\u0131 kapsam\u0131nda en son yap\u0131lan Zirve Yay\u0131nevi cinayeti ile ilgili operasyon da ciddi ve \u00f6nemlidir. Operasyonun gerisi gelir diye bir s\u0131k\u0131nt\u0131 da ya\u015fam\u0131\u015f olabilirler.&#8221; \u00d6z&#8217;\u00fcn her ne kadar dillendirilmese de k\u0131rg\u0131n oldu\u011fu konusunda hemfikir olan yak\u0131n \u00e7evresi &#8221;Ergenekon s\u00fcrecinde ya\u015fad\u0131klar\u0131n\u0131 kitapla\u015ft\u0131racak&#8221; \u015feklindeki iddiay\u0131 do\u011frulam\u0131yor. Bu konuda \u00d6z&#8217;\u00fcn &#8221;Asl\u0131nda Ergenekon s\u00fcrecini, kar\u015f\u0131la\u015ft\u0131\u011f\u0131m zorluklar\u0131 yazsam eminim bu kitap \u00e7ok satar. Ama \u015fu an i\u00e7in kitap yazmay\u0131 d\u00fc\u015f\u00fcnm\u00fcyorum&#8221; dedi\u011fi belirtiliyor.<\/p>\n<p style=\"text-align: justify;\"><a href=\"http:\/\/www.gazeteport.com.tr\/GUNCEL\/NEWS\/GP_886359\" target=\"_blank\">Kaynak : GAZETEPORT<\/a><\/p>\n","protected":false},"excerpt":{"rendered":"<p style=\"text-align: justify;\">\n<p style=\"text-align: justify;\">Ergenekon soru\u015fturmalar\u0131n\u0131 y\u00fcr\u00fcten \u00d6zel Yetkili Savc\u0131 Zekeriya \u00d6z g\u00f6revden al\u0131nmas\u0131yla ilgili h\u00fck\u00fcmet ve orduyu su\u00e7lad\u0131.<\/p>\n<p style=\"text-align: justify;\">Savc\u0131 \u00d6z&#8217;\u00fcn, yak\u0131n \u00e7evresine terfi etmedi\u011fini s\u00f6yledi\u011fi ve &#8220;AKP se\u00e7im \u00f6ncesi korkmu\u015f olabilir. Ordu da zaten benden rahats\u0131zd\u0131&#8221; dedi\u011fi iddia edildi. <\/p>\n","protected":false},"author":1,"featured_media":0,"comment_status":"open","ping_status":"closed","sticky":false,"template":"","format":"standard","meta":{"footnotes":""},"categories":[105],"tags":[],"class_list":["post-30488","post","type-post","status-publish","format-standard","hentry","category-gundem","odd"],"_links":{"self":[{"href":"http:\/\/www.korhanyilmaz.com\/index.php?rest_route=\/wp\/v2\/posts\/30488","targetHints":{"allow":["GET"]}}],"collection":[{"href":"http:\/\/www.korhanyilmaz.com\/index.php?rest_route=\/wp\/v2\/posts"}],"about":[{"href":"http:\/\/www.korhanyilmaz.com\/index.php?rest_route=\/wp\/v2\/types\/post"}],"author":[{"embeddable":true,"href":"http:\/\/www.korhanyilmaz.com\/index.php?rest_route=\/wp\/v2\/users\/1"}],"replies":[{"embeddable":true,"href":"http:\/\/www.korhanyilmaz.com\/index.php?rest_route=%2Fwp%2Fv2%2Fcomments&post=30488"}],"version-history":[{"count":0,"href":"http:\/\/www.korhanyilmaz.com\/index.php?rest_route=\/wp\/v2\/posts\/30488\/revisions"}],"wp:attachment":[{"href":"http:\/\/www.korhanyilmaz.com\/index.php?rest_route=%2Fwp%2Fv2%2Fmedia&parent=30488"}],"wp:term":[{"taxonomy":"category","embeddable":true,"href":"http:\/\/www.korhanyilmaz.com\/index.php?rest_route=%2Fwp%2Fv2%2Fcategories&post=30488"},{"taxonomy":"post_tag","embeddable":true,"href":"http:\/\/www.korhanyilmaz.com\/index.php?rest_route=%2Fwp%2Fv2%2Ftags&post=30488"}],"curies":[{"name":"wp","href":"https:\/\/api.w.org\/{rel}","templated":true}]}}