{"id":30468,"date":"2011-04-12T14:18:35","date_gmt":"2011-04-12T11:18:35","guid":{"rendered":"http:\/\/www.korhanyilmaz.com\/?p=30468"},"modified":"2011-04-12T14:18:35","modified_gmt":"2011-04-12T11:18:35","slug":"milletvekili-adayi-ve-120-isci-gozaltina-alindi","status":"publish","type":"post","link":"http:\/\/www.korhanyilmaz.com\/?p=30468","title":{"rendered":"Milletvekili aday\u0131 ve 120 i\u015f\u00e7i g\u00f6zalt\u0131na al\u0131nd\u0131"},"content":{"rendered":"<p style=\"text-align: justify;\"><a href=\"http:\/\/www.korhanyilmaz.com\/wp-content\/uploads\/2011\/04\/007.jpg\"  class=\"lightview\"><img loading=\"lazy\" decoding=\"async\" class=\"aligncenter size-full wp-image-30469\" src=\"http:\/\/www.korhanyilmaz.com\/wp-content\/uploads\/2011\/04\/007.jpg\" alt=\"\" width=\"360\" height=\"240\" \/><\/a><\/p>\n<p style=\"text-align: justify;\">Samsun sigara fabrikas\u0131nda eylem yapan i\u015f\u00e7ilere destek veren T\u00fcrkiye Kom\u00fcnist Partisi (TKP) Samsun Milletvekili aday\u0131 Mahmut \u00c7elik&#8217;inde aralar\u0131nda bulundu\u011fu 120 ki\u015fi g\u00f6zalt\u0131na al\u0131nd\u0131.<\/p>\n<p style=\"text-align: justify;\">G\u00f6zalt\u0131yla ilgili yaz\u0131l\u0131 bir a\u00e7\u0131klama yapan TKP, &#8220;AKP, Samsun&#8217;da se\u00e7im \u00e7al\u0131\u015fmalar\u0131na ba\u015flad\u0131! \u00d6nce Samsun Sigara Fabrikas\u0131&#8217;n\u0131 hara\u00e7 mezat satt\u0131lar. Sonra BAT&#8217;\u0131n i\u015f\u00e7i k\u0131y\u0131m\u0131na g\u00f6z yumdular. 120 i\u015f\u00e7inin haks\u0131z yere i\u015ften at\u0131lmas\u0131na izin verdiler.\u015eimdi de polis g\u00fcc\u00fcyle direnen i\u015f\u00e7ilere hunharca sald\u0131r\u0131yorlar&#8221; iddilar\u0131nda bulundular. <!--more--><\/p>\n<p style=\"text-align: justify;\">TKP Merkez Komite&#8217;den yap\u0131lan yaz\u0131l\u0131 a\u00e7\u0131klamada \u015f\u00f6yle denildi:<\/p>\n<p style=\"text-align: justify;\">&#8220;Hakk\u0131n\u0131 arayan i\u015f\u00e7ileri topluca g\u00f6zalt\u0131na al\u0131yorlar. (Patronlar\u0131n can\u0131 s\u0131k\u0131lmas\u0131n, zarar etmesinler) diye, direnen i\u015f\u00e7ilere boyun e\u011fdirmeye \u00e7al\u0131\u015f\u0131yorlar. Piyasac\u0131, i\u015fbirlik\u00e7i, gerici yeni rejim, direnenlere tahamm\u00fcl edemiyor ve her f\u0131rsatta zor g\u00fcc\u00fcne ba\u015fvuruyor. \u00dclkemiz, giderek bask\u0131 ve zorun egemen oldu\u011fu, haks\u0131zl\u0131\u011f\u0131n zorbal\u0131kla kol kola devriye gezindi\u011fi bir \u00fclkeye d\u00f6n\u00fc\u015f\u00fcyor. Se\u00e7imlerin ba\u015flad\u0131\u011f\u0131 bu g\u00fcnlerde, Samsun&#8217;da direnen i\u015f\u00e7ilere bir polis sald\u0131r\u0131s\u0131 ger\u00e7ekle\u015fmi\u015ftir. \u00c7evik kuvvet polisleri, biber gaz\u0131 ve coplarla direnen i\u015f\u00e7ilere m\u00fcdahale etmi\u015f, \u00e7ok say\u0131da i\u015f\u00e7iyi g\u00f6zalt\u0131na alm\u0131\u015ft\u0131r.<\/p>\n<p style=\"text-align: justify;\">Bu sald\u0131r\u0131 emrini veren Tekel&#8217;i satan siyasi iktidar\u0131n ta kendisidir. \u00d6nce Samsun&#8217;daki Tekel i\u015fletmesini yabanc\u0131lara pe\u015fke\u015f \u00e7ektiler, \u015fimdi de direnen i\u015f\u00e7ilere polis sald\u0131r\u0131s\u0131 emrini verdiler. Direnen Tekel i\u015f\u00e7ilerinin yan\u0131nda yer alan T\u00fcrkiye Kom\u00fcnist Partisi olarak, bu sald\u0131r\u0131n\u0131n derhal durdurulmas\u0131n\u0131 ve g\u00f6zalt\u0131lar\u0131n serbest b\u0131rak\u0131lmas\u0131n\u0131 talep ediyoruz.&#8221;<\/p>\n<p style=\"text-align: justify;\">A\u00e7\u0131klamada g\u00f6zalt\u0131nda olanlar aras\u0131nda TKP Samsun Milletvekili Mahmut \u00c7elik&#8217;inde bulundu\u011fu ifade edilirken, &#8220;T\u00fcrkiye Kom\u00fcnist Partisi, aday listelerinin YSK&#8217;ya verildi\u011fi ayn\u0131 g\u00fcn bir milletvekili aday\u0131n\u0131n g\u00f6zalt\u0131na al\u0131nmas\u0131n\u0131 protesto etmektedir. H\u00fck\u00fcmetin bu konuda a\u00e7\u0131klama yapmas\u0131n\u0131, g\u00f6zalt\u0131lar\u0131n derhal serbest b\u0131rak\u0131lmas\u0131n\u0131 ve ilgili sorumlular hakk\u0131nda yasal i\u015flem ba\u015flat\u0131lmas\u0131n\u0131 istiyoruz. Se\u00e7im d\u00f6neminde bir milletvekili aday\u0131na d\u00f6n\u00fck polis sald\u0131r\u0131s\u0131n\u0131n hesab\u0131 verilmelidir&#8221; denildi. A\u00e7\u0131klamada ayr\u0131ca Samsun Valisi ve Emniyet M\u00fcd\u00fcr\u00fcn\u00fcn bu olay nedeniyle &#8220;derhal&#8221; g\u00f6revden al\u0131nmas\u0131 da istendi.<\/p>\n<p style=\"text-align: justify;\"><a href=\"http:\/\/www.radikal.com.tr\/Radikal.aspx?aType=RadikalDetayV3&amp;ArticleID=1045916&amp;Date=12.04.2011&amp;CategoryID=77\" target=\"_blank\">Kaynak : Radikal<\/a><\/p>\n","protected":false},"excerpt":{"rendered":"<p style=\"text-align: justify;\">\n<p style=\"text-align: justify;\">Samsun sigara fabrikas\u0131nda eylem yapan i\u015f\u00e7ilere destek veren T\u00fcrkiye Kom\u00fcnist Partisi (TKP) Samsun Milletvekili aday\u0131 Mahmut \u00c7elik&#8217;inde aralar\u0131nda bulundu\u011fu 120 ki\u015fi g\u00f6zalt\u0131na al\u0131nd\u0131.<\/p>\n<p style=\"text-align: justify;\">G\u00f6zalt\u0131yla ilgili yaz\u0131l\u0131 bir a\u00e7\u0131klama yapan TKP, &#8220;AKP, Samsun&#8217;da se\u00e7im \u00e7al\u0131\u015fmalar\u0131na ba\u015flad\u0131! \u00d6nce Samsun Sigara Fabrikas\u0131&#8217;n\u0131 hara\u00e7 mezat satt\u0131lar. Sonra BAT&#8217;\u0131n i\u015f\u00e7i k\u0131y\u0131m\u0131na g\u00f6z yumdular. <\/p>\n","protected":false},"author":1,"featured_media":0,"comment_status":"open","ping_status":"closed","sticky":false,"template":"","format":"standard","meta":{"footnotes":""},"categories":[105],"tags":[],"class_list":["post-30468","post","type-post","status-publish","format-standard","hentry","category-gundem","odd"],"_links":{"self":[{"href":"http:\/\/www.korhanyilmaz.com\/index.php?rest_route=\/wp\/v2\/posts\/30468","targetHints":{"allow":["GET"]}}],"collection":[{"href":"http:\/\/www.korhanyilmaz.com\/index.php?rest_route=\/wp\/v2\/posts"}],"about":[{"href":"http:\/\/www.korhanyilmaz.com\/index.php?rest_route=\/wp\/v2\/types\/post"}],"author":[{"embeddable":true,"href":"http:\/\/www.korhanyilmaz.com\/index.php?rest_route=\/wp\/v2\/users\/1"}],"replies":[{"embeddable":true,"href":"http:\/\/www.korhanyilmaz.com\/index.php?rest_route=%2Fwp%2Fv2%2Fcomments&post=30468"}],"version-history":[{"count":0,"href":"http:\/\/www.korhanyilmaz.com\/index.php?rest_route=\/wp\/v2\/posts\/30468\/revisions"}],"wp:attachment":[{"href":"http:\/\/www.korhanyilmaz.com\/index.php?rest_route=%2Fwp%2Fv2%2Fmedia&parent=30468"}],"wp:term":[{"taxonomy":"category","embeddable":true,"href":"http:\/\/www.korhanyilmaz.com\/index.php?rest_route=%2Fwp%2Fv2%2Fcategories&post=30468"},{"taxonomy":"post_tag","embeddable":true,"href":"http:\/\/www.korhanyilmaz.com\/index.php?rest_route=%2Fwp%2Fv2%2Ftags&post=30468"}],"curies":[{"name":"wp","href":"https:\/\/api.w.org\/{rel}","templated":true}]}}